{"id":1929,"date":"2025-05-13T20:22:43","date_gmt":"2025-05-13T18:22:43","guid":{"rendered":"https:\/\/matrend.hu\/maitrend\/?p=1929"},"modified":"2025-05-13T20:22:43","modified_gmt":"2025-05-13T18:22:43","slug":"mento-vitte-el-sulyos-baleset-erte-toth-gabi-ferjet","status":"publish","type":"post","link":"https:\/\/matrend.hu\/maitrend\/?p=1929","title":{"rendered":"MENT\u0150 VITTE EL! S\u00falyos baleset \u00e9rte T\u00f3th Gabi F\u00c9RJ\u00c9T!"},"content":{"rendered":"<h3>\u201e\u00c9vek \u00f3ta \u00e9p\u00edtgetem magamban azt a v\u00edzi\u00f3t, hogy egyszer egy saj\u00e1t csapatom lesz. Olyan fiatal t\u00e1ncosokkal szeretn\u00e9k b\u00e1zist \u00e9p\u00edteni, akik rendk\u00edv\u00fcl tehets\u00e9gesek &#8211; fogalmazott!<\/h3>\n<p>Forr\u00e1s: MSN \/ FB \/ EZT<\/p>\n<p>&#8211;<\/p>\n<p>Az \u00faj infotainment rendszerrel \u00e9s a vadonat\u00faj hibrid hajt\u00e1sl\u00e1nccal a M\u00e9gane jelenleg legink\u00e1bb az utast\u00e9rben mutatja az \u00e9letkor\u00e1t. Amikor el\u0151sz\u00f6r tesztelt\u00fck 2016-ban, nem volt a kateg\u00f3ria vezet\u0151je, mind\u00f6ssze h\u00e1rom csillagot \u00e9rdemelt, \u00e9s b\u00e1r az\u00f3ta a friss\u00edt\u00e9sek megakad\u00e1lyozt\u00e1k, hogy t\u00fals\u00e1gosan h\u00e1tr\u00e9bb cs\u00fasszon, ezek csak bizonyos hat\u00e1rokig jav\u00edthatj\u00e1k a helyzetet.<\/p>\n<p>P\u00e9ld\u00e1ul egy facelift nem tud v\u00e1ltoztatni az aut\u00f3 bels\u0151 elrendez\u00e9s\u00e9n, \u00e9s azon a t\u00e9nyen, hogy a M\u00e9gane egyszer\u0171en nem haszn\u00e1lja ki el\u00e9gg\u00e9 a tengelyt\u00e1vj\u00e1ban rejl\u0151 teret az utasok sz\u00e1m\u00e1ra. Annak ellen\u00e9re, hogy m\u00e9ret\u00e9ben a legt\u00f6bb hatchback riv\u00e1lissal azonos, nem \u00e9rezhet\u0151 olyan t\u00e1gasnak bel\u00fcl, k\u00fcl\u00f6n\u00f6sen a h\u00e1ts\u00f3 l\u00e1bt\u00e9r feln\u0151ttek sz\u00e1m\u00e1ra kifejezetten sz\u0171k. Ez k\u00fcl\u00f6n\u00f6sen rosszabb\u00e1 v\u00e1lik egy magas vezet\u0151 sz\u00e1m\u00e1ra, mivel az els\u0151 l\u00e1bt\u00e9r az g\u00e1zped\u00e1l oldal\u00e1n k\u00fcl\u00f6n\u00f6sen sek\u00e9ly, ami mindk\u00e9t ped\u00e1l \u00e9s a vezet\u0151 h\u00e1trafel\u00e9 tolt helyzet\u00e9t eredm\u00e9nyezi a tengelyt\u00e1von bel\u00fcl, \u00edgy a magasabb emberek sz\u00e1m\u00e1ra kifejezetten k\u00e9nyelmetlen vezet\u00e9si poz\u00edci\u00f3t alak\u00edt ki.<\/p>\n<p>A fizikai kl\u00edmavez\u00e9rl\u0151 gombok \u00e9s teker\u0151gombok, valamint a s\u00e1velhagy\u00e1s figyelmeztet\u0151 gombja \u00fcdv\u00f6zlend\u0151k, m\u00edg az \u00e9rint\u00e9s\u00e9rz\u00e9keny hanger\u0151szab\u00e1lyz\u00f3 kev\u00e9sb\u00e9 sikeres.<\/p>\n<p>A csomagtart\u00f3 egy kicsit nagyobb, mint a k\u00f6zvetlen hibrid riv\u00e1lisok\u00e9, 292 literes, b\u00e1r ez m\u00e9g mindig elmarad a hagyom\u00e1nyos hatchback modellek\u00e9t\u0151l, mivel az akkumul\u00e1tor elvesz egy kis teret. Tov\u00e1bb\u00e1, viszonylag magas a rakod\u00e1si perem, \u00e9s a h\u00e1ts\u00f3 \u00fcl\u00e9sek nem hajthat\u00f3k teljesen s\u00edkba. Van egy 16 literes t\u00e1rol\u00f3rekesz a csomagt\u00e9r padl\u00f3ja alatt a k\u00e1belek sz\u00e1m\u00e1ra, de ez az egyetlen rendelkez\u00e9sre \u00e1ll\u00f3 hely az alatta. Ha t\u00f6bb helyre van sz\u00fcks\u00e9ged, a Renault k\u00edn\u00e1l egy Sport Tourer kombit is.<\/p>\n","protected":false},"excerpt":{"rendered":"<p>\u201e\u00c9vek \u00f3ta \u00e9p\u00edtgetem magamban azt a v\u00edzi\u00f3t, hogy egyszer egy saj\u00e1t csapatom lesz. Olyan fiatal t\u00e1ncosokkal szeretn\u00e9k b\u00e1zist \u00e9p\u00edteni, akik&#8230; <span class=\"gridview-grid-post-read-more\"><a href=\"https:\/\/matrend.hu\/maitrend\/?p=1929\">read more<span class=\"gridview-sr-only\"> MENT\u0150 VITTE EL! S\u00falyos baleset \u00e9rte T\u00f3th Gabi F\u00c9RJ\u00c9T!<\/span><\/a><\/span><\/p>\n","protected":false},"author":1,"featured_media":1930,"comment_status":"open","ping_status":"open","sticky":false,"template":"","format":"standard","meta":{"footnotes":""},"categories":[1],"tags":[],"class_list":["post-1929","post","type-post","status-publish","format-standard","has-post-thumbnail","hentry","category-egyeb","wpcat-1-id"],"_links":{"self":[{"href":"https:\/\/matrend.hu\/maitrend\/index.php?rest_route=\/wp\/v2\/posts\/1929","targetHints":{"allow":["GET"]}}],"collection":[{"href":"https:\/\/matrend.hu\/maitrend\/index.php?rest_route=\/wp\/v2\/posts"}],"about":[{"href":"https:\/\/matrend.hu\/maitrend\/index.php?rest_route=\/wp\/v2\/types\/post"}],"author":[{"embeddable":true,"href":"https:\/\/matrend.hu\/maitrend\/index.php?rest_route=\/wp\/v2\/users\/1"}],"replies":[{"embeddable":true,"href":"https:\/\/matrend.hu\/maitrend\/index.php?rest_route=%2Fwp%2Fv2%2Fcomments&post=1929"}],"version-history":[{"count":1,"href":"https:\/\/matrend.hu\/maitrend\/index.php?rest_route=\/wp\/v2\/posts\/1929\/revisions"}],"predecessor-version":[{"id":1931,"href":"https:\/\/matrend.hu\/maitrend\/index.php?rest_route=\/wp\/v2\/posts\/1929\/revisions\/1931"}],"wp:featuredmedia":[{"embeddable":true,"href":"https:\/\/matrend.hu\/maitrend\/index.php?rest_route=\/wp\/v2\/media\/1930"}],"wp:attachment":[{"href":"https:\/\/matrend.hu\/maitrend\/index.php?rest_route=%2Fwp%2Fv2%2Fmedia&parent=1929"}],"wp:term":[{"taxonomy":"category","embeddable":true,"href":"https:\/\/matrend.hu\/maitrend\/index.php?rest_route=%2Fwp%2Fv2%2Fcategories&post=1929"},{"taxonomy":"post_tag","embeddable":true,"href":"https:\/\/matrend.hu\/maitrend\/index.php?rest_route=%2Fwp%2Fv2%2Ftags&post=1929"}],"curies":[{"name":"wp","href":"https:\/\/api.w.org\/{rel}","templated":true}]}}