{"id":1941,"date":"2025-05-14T14:24:31","date_gmt":"2025-05-14T12:24:31","guid":{"rendered":"https:\/\/matrend.hu\/maitrend\/?p=1941"},"modified":"2025-05-14T14:24:31","modified_gmt":"2025-05-14T12:24:31","slug":"itt-arulnak-vizezett-benzint-magyarorszagon","status":"publish","type":"post","link":"https:\/\/matrend.hu\/maitrend\/?p=1941","title":{"rendered":"Itt \u00e1rulnak vizezett benzint Magyarorsz\u00e1gon!"},"content":{"rendered":"<h3>Nemr\u00e9giben sz\u00e1mos g\u00e9pj\u00e1rm\u0171 tulajdonos kereste fel panaszaival ugyanazt az \u00fczemanyagt\u00e1rsas\u00e1got. A j\u00e1rm\u0171veik meghib\u00e1sodtak, \u00e9s a hib\u00e1k ok\u00e1t vissza lehetett vezetni egyetlen k\u00fatra. Mint kider\u00fclt, a f\u00f6ld alatti t\u00e1rol\u00f3kba valamilyen m\u00f3don v\u00edz jutott, \u00e9s ezt senki nem vette \u00e9szre id\u0151ben. Az incidens k\u00f6zel negyven aut\u00f3st \u00e9rintett, akik mind ugyanazon a helyen tankoltak. A jav\u00edt\u00e1si k\u00f6lts\u00e9gek jelent\u0151sek voltak, \u00edgy t\u00f6bben k\u00e1rt\u00e9r\u00edt\u00e9st k\u00f6vetelnek a szolg\u00e1ltat\u00f3t\u00f3l. \u00c9s hogy hol t\u00f6rt\u00e9nt mindez? A Valencia melletti Alaqu\u00e0s telep\u00fcl\u00e9s egyik benzink\u00fatj\u00e1n \u2013 Spanyolorsz\u00e1gban, Magyarorsz\u00e1gon pedig a piacok k\u00f6zel\u00e9ben gyakran felt\u0171nhetnek ismeretlen b\u0171n\u00f6z\u0151k, akik kann\u00e1kkal \u00e1csorognak, \u00e9s benzint \u00e1rulnak. Az szinte biztosan vizezett!<\/h3>\n<p>VIA Vezess<\/p>\n<p>&#8211;<\/p>\n<p>V\u00e1rosi cik\u00e1z\u00e1shoz az Inster ide\u00e1lis t\u00e1rs. \u00c1ltal\u00e1ban kellemesen rug\u00f3zik, j\u00f3l elnyeli az \u00fathib\u00e1kat \u00e9s bukkan\u00f3kat, \u00e9s csak a nagyobb k\u00e1ty\u00fak vagy komolyabb \u00fategyenetlens\u00e9gek tudj\u00e1k igaz\u00e1n kibillenteni a nyugalm\u00e1b\u00f3l.<br \/>\nA legjobb kisaut\u00f3khoz hasonl\u00f3an keskeny, \u00edgy k\u00f6nnyed\u00e9n lehet vele szlalomozni a belv\u00e1rosi mell\u00e9kutc\u00e1kban \u00e9s a forgalmi r\u00e9sekben; b\u0151ven van hely s\u00e1von bel\u00fcl is a mozg\u00e1shoz.<br \/>\nA vezet\u00e9si \u00e9lm\u00e9ny nagyon kisz\u00e1m\u00edthat\u00f3, ami sok v\u00e1s\u00e1rl\u00f3nak t\u00f6k\u00e9letesen megfelel, de az\u00e9rt j\u00f3 lenne, ha az Inster n\u00e9ha egy mosolyt is ki tudna csalni az emberb\u0151l.<br \/>\nM\u00e9reteihez k\u00e9pest meglep\u0151en kiforrott j\u00e1rm\u0171 ny\u00edlt \u00faton is, b\u00e1r a vid\u00e9ki utakon t\u00f6bb az ugr\u00e1l\u00e1s \u00e9s a fejb\u00f3lint\u00e1s, m\u00e9gis kontroll\u00e1lt \u00e9s kellemes vezetni.<br \/>\nAut\u00f3p\u00e1ly\u00e1n, nagyobb sebess\u00e9gn\u00e9l is \u00e9rettnek \u00e9rz\u0151dik, kev\u00e9sb\u00e9 t\u0171nik elveszettnek, mint p\u00e9ld\u00e1ul egy i10-es.<br \/>\nKanyarokban b\u0151s\u00e9ges a tapad\u00e1s (a tesztaut\u00f3 17 colos kerekein Michelin Pilot Sport 5 gumik voltak), a karossz\u00e9ria d\u0151l\u00e9s\u00e9t pedig j\u00f3l kord\u00e1ban tartja. A lass\u00fa \u00e1tt\u00e9telez\u00e9s\u0171 korm\u00e1nyt\u00f3l azonban sz\u00edvesen venn\u00e9k t\u00f6bb visszajelz\u00e9st, jelenleg kiss\u00e9 \u00e9lettelen.<\/p>\n<p>Az Inster vezet\u00e9s\u00e9ben ugyanakkor kev\u00e9s az \u00e9l\u00e9nks\u00e9g vagy agilit\u00e1s \u2013 ami fontos k\u00e9rd\u00e9st vet fel a kis elektromos aut\u00f3kkal kapcsolatban.<br \/>\nA kis benzines aut\u00f3k vezet\u00e9s\u00e9nek \u00f6r\u00f6me gyakran abb\u00f3l fakad, hogy rendk\u00edv\u00fcl k\u00f6nny\u0171ek. Emellett nagyobb az interakci\u00f3 is, hiszen sokuk manu\u00e1lis v\u00e1lt\u00f3val \u00e9rkezik.<br \/>\nAz Inster eset\u00e9ben a neh\u00e9z akkumul\u00e1tor \u00e9s az egymenetes hajt\u00e1sl\u00e1nc gyakorlatilag ki\u00f6li ezt az \u00e9lm\u00e9nyt, \u00edgy nem igaz\u00e1n marad benne eml\u00e9kezetes karakter.<br \/>\nA 42 kWh-s akkumul\u00e1torral \u00e9s az alapnak sz\u00e1m\u00edt\u00f3 01 felszerelts\u00e9ggel az \u00e1r 23 495 fontr\u00f3l indul.<br \/>\nB\u00e1r ez k\u00f6r\u00fclbel\u00fcl 1500 fonttal dr\u00e1g\u00e1bb, mint a Citro\u00ebn \u00eb-C3, cser\u00e9be sokkal t\u00f6bb alapfelszerel\u00e9st kapunk: p\u00e9ld\u00e1ul h\u0151szivatty\u00fat, k\u00e9t darab 10,25 colos digit\u00e1lis kijelz\u0151t (infotainment \u00e9s m\u0171szeregys\u00e9g c\u00e9lj\u00e1ra), valamint adapt\u00edv sebess\u00e9gtart\u00f3 automatik\u00e1t.<\/p>\n","protected":false},"excerpt":{"rendered":"<p>Nemr\u00e9giben sz\u00e1mos g\u00e9pj\u00e1rm\u0171 tulajdonos kereste fel panaszaival ugyanazt az \u00fczemanyagt\u00e1rsas\u00e1got. A j\u00e1rm\u0171veik meghib\u00e1sodtak, \u00e9s a hib\u00e1k ok\u00e1t vissza lehetett vezetni&#8230; <span class=\"gridview-grid-post-read-more\"><a href=\"https:\/\/matrend.hu\/maitrend\/?p=1941\">read more<span class=\"gridview-sr-only\"> Itt \u00e1rulnak vizezett benzint Magyarorsz\u00e1gon!<\/span><\/a><\/span><\/p>\n","protected":false},"author":1,"featured_media":1942,"comment_status":"open","ping_status":"open","sticky":false,"template":"","format":"standard","meta":{"footnotes":""},"categories":[1],"tags":[],"class_list":["post-1941","post","type-post","status-publish","format-standard","has-post-thumbnail","hentry","category-egyeb","wpcat-1-id"],"_links":{"self":[{"href":"https:\/\/matrend.hu\/maitrend\/index.php?rest_route=\/wp\/v2\/posts\/1941","targetHints":{"allow":["GET"]}}],"collection":[{"href":"https:\/\/matrend.hu\/maitrend\/index.php?rest_route=\/wp\/v2\/posts"}],"about":[{"href":"https:\/\/matrend.hu\/maitrend\/index.php?rest_route=\/wp\/v2\/types\/post"}],"author":[{"embeddable":true,"href":"https:\/\/matrend.hu\/maitrend\/index.php?rest_route=\/wp\/v2\/users\/1"}],"replies":[{"embeddable":true,"href":"https:\/\/matrend.hu\/maitrend\/index.php?rest_route=%2Fwp%2Fv2%2Fcomments&post=1941"}],"version-history":[{"count":1,"href":"https:\/\/matrend.hu\/maitrend\/index.php?rest_route=\/wp\/v2\/posts\/1941\/revisions"}],"predecessor-version":[{"id":1943,"href":"https:\/\/matrend.hu\/maitrend\/index.php?rest_route=\/wp\/v2\/posts\/1941\/revisions\/1943"}],"wp:featuredmedia":[{"embeddable":true,"href":"https:\/\/matrend.hu\/maitrend\/index.php?rest_route=\/wp\/v2\/media\/1942"}],"wp:attachment":[{"href":"https:\/\/matrend.hu\/maitrend\/index.php?rest_route=%2Fwp%2Fv2%2Fmedia&parent=1941"}],"wp:term":[{"taxonomy":"category","embeddable":true,"href":"https:\/\/matrend.hu\/maitrend\/index.php?rest_route=%2Fwp%2Fv2%2Fcategories&post=1941"},{"taxonomy":"post_tag","embeddable":true,"href":"https:\/\/matrend.hu\/maitrend\/index.php?rest_route=%2Fwp%2Fv2%2Ftags&post=1941"}],"curies":[{"name":"wp","href":"https:\/\/api.w.org\/{rel}","templated":true}]}}