{"id":1944,"date":"2025-05-14T16:47:18","date_gmt":"2025-05-14T14:47:18","guid":{"rendered":"https:\/\/matrend.hu\/maitrend\/?p=1944"},"modified":"2025-05-14T16:47:18","modified_gmt":"2025-05-14T14:47:18","slug":"nyugdijasoknak-ingyenesen-jarnak-ezek-az-eu-s-elelmiszercsomagok","status":"publish","type":"post","link":"https:\/\/matrend.hu\/maitrend\/?p=1944","title":{"rendered":"Nyugd\u00edjasoknak Ingyenesen j\u00e1rnak ezek az EU-s \u00e9lelmiszercsomagok!"},"content":{"rendered":"<h3>Az \u00e9lelmiszerseg\u00e9lyek ig\u00e9nyl\u00e9s\u00e9hez \u00e1ltal\u00e1ban a helyi \u00f6nkorm\u00e1nyzat szoci\u00e1lis oszt\u00e1ly\u00e1n vagy csal\u00e1dseg\u00edt\u0151 szolg\u00e1latokn\u00e1l \u00e9rdemes \u00e9rdekl\u0151dni. A civil szervezetek programjair\u00f3l az internetes oldalaikon \u00e9s k\u00f6z\u00f6ss\u00e9gi m\u00e9diafel\u00fcleteiken tal\u00e1lhat\u00f3ak r\u00e9szletes inform\u00e1ci\u00f3k. Fontos figyelni a jogosults\u00e1gi felt\u00e9telekre \u00e9s a jelentkez\u00e9si hat\u00e1rid\u0151kre, amelyek programonk\u00e9nt elt\u00e9r\u0151ek lehetnek.<br \/>\nAz ingyenes \u00e9lelmiszercsomagok jelent\u0151s seg\u00edts\u00e9get ny\u00fajtanak a r\u00e1szorul\u00f3knak, hozz\u00e1j\u00e1rulva a mindennapi meg\u00e9lhet\u00e9s\u00fckh\u00f6z \u00e9s a szoci\u00e1lis biztons\u00e1guk fenntart\u00e1s\u00e1hoz. Az \u00e1llami t\u00e1mogat\u00e1s azonban sokak sz\u00e1m\u00e1ra nem kiel\u00e9g\u00edt\u0151, \u00edgy tov\u00e1bbra is nagy sz\u00fcks\u00e9g van az ilyen seg\u00edts\u00e9gny\u00fajt\u00e1si lehet\u0151s\u00e9gekre.<\/h3>\n<p>VIA hitelforum<\/p>\n<p>&#8211;<\/p>\n<p>Nagyon szeretj\u00fck a Type R bels\u0151 ter\u00e9t. A rengeteg v\u00f6r\u00f6s sz\u00f6vetdrapp\u00e9ria igazi dr\u00e1m\u00e1t k\u00f6lcs\u00f6n\u00f6z az utast\u00e9rnek.<br \/>\nR\u00e1ad\u00e1sul a leg\u00fajabb modell a m\u00e1r \u00f6nmag\u00e1ban is tetszet\u0151s, norm\u00e1l Civic belter\u00e9re \u00e9p\u00edt \u2013 ez a sportv\u00e1ltozat csup\u00e1n egy finoman \u00e1tdolgozott verzi\u00f3ja annak.<br \/>\nPiros bels\u0151? Akkor ez csakis egy Type R lehet. Im\u00e1dom. Az \u00fcl\u00e9sek szuperk\u00e9nyelmesek, \u00e9s gombokb\u00f3l is b\u0151ven van. K\u00f6sz\u00f6nj\u00fck, Honda.<br \/>\nAz anyagmin\u0151s\u00e9g rendben van, ha nem is \u00e9ri el a pr\u00e9mium n\u00e9met aut\u00f3k szintj\u00e9t \u2013 ami \u00f6nmag\u00e1ban nem lenne gond, ha nem k\u00f6zel\u00edtene hozz\u00e1juk \u00e1rban. Viszont a sport\u00fcl\u00e9sek kiv\u00e1l\u00f3an tartanak \u00e9s k\u00e9nyelmesek, f\u00e9m ped\u00e1lokat, a j\u00f3l ismert eszterg\u00e1lt alum\u00ednium v\u00e1lt\u00f3gombot, valamint egy teljesen k\u00f6r alak\u00fa, Alcantara bor\u00edt\u00e1s\u00fa korm\u00e1nykereket kapunk.<br \/>\nA Honda \u00e9rint\u0151k\u00e9perny\u0151s infotainment rendszere nem a legmodernebb, de van telefon t\u00fckr\u00f6z\u00e9s, k\u00fcl\u00f6n\u00e1ll\u00f3 kl\u00edmavez\u00e9rl\u00e9s, fizikai gombok a korm\u00e1nyon, valamint t\u00f6bb val\u00f3di teker\u0151gomb \u00e9s kapcsol\u00f3 is. \u00c9s van h\u00e1ts\u00f3 ablakt\u00f6rl\u0151 is. A v\u00e1lt\u00f3kar mellett pedig a vezet\u00e9si m\u00f3dok kapcsol\u00f3ja tal\u00e1lhat\u00f3.<\/p>\n<p>Az el\u0151z\u0151 gener\u00e1ci\u00f3s Honda Civic Type R a forr\u00f3 ferdeh\u00e1t\u00faak Porsche 911 GT3-as\u00e1nak sz\u00e1m\u00edtott: a csal\u00e1dbar\u00e1t sportaut\u00f3k k\u00f6z\u00fcl a legkem\u00e9nyebb v\u00e1laszt\u00e1s volt. Az \u00faj v\u00e1ltozat \u00fagy t\u0171nik, tov\u00e1bb viszi ezt az \u00f6r\u00f6ks\u00e9get.<br \/>\nEleinte t\u00e9vedtem: az \u00faj Type R m\u00e9g mindig \u00fct\u0151s l\u00e1tv\u00e1ny. Hi\u00e1nyzik bel\u0151le a kor\u00e1bbi modell hars\u00e1nys\u00e1ga, de van benne valami \u00fajfajta vonzer\u0151.<br \/>\nAz aut\u00f3ipar 2025-\u00f6s temp\u00f3ja olyan gyors, hogy ez az egyetlen nem elektromos\u00edtott Honda modell az Egyes\u00fclt Kir\u00e1lys\u00e1gban. M\u00e1r most is kicsit r\u00e9gim\u00f3dinak hat, hiszen teljes m\u00e9rt\u00e9kben n\u00e9lk\u00fcl\u00f6zi az elektromos hajt\u00e1selemeket, mik\u00f6zben a Honda \u2013 m\u00e1s gy\u00e1rt\u00f3khoz hasonl\u00f3an \u2013 egyre szigor\u00fabb kibocs\u00e1t\u00e1si norm\u00e1knak pr\u00f3b\u00e1l megfelelni.<br \/>\nEz is egy oka annak, hogy a Type R importj\u00e1t \u201esz\u00e1zakra, nem ezrekre\u201d korl\u00e1tozt\u00e1k, \u00e9s val\u00f3sz\u00edn\u0171leg emiatt d\u00f6nt\u00f6tt \u00fagy a Honda, hogy t\u00f6bb mint 50 000 fontot k\u00e9rhet \u00e9rte. <\/p>\n","protected":false},"excerpt":{"rendered":"<p>Az \u00e9lelmiszerseg\u00e9lyek ig\u00e9nyl\u00e9s\u00e9hez \u00e1ltal\u00e1ban a helyi \u00f6nkorm\u00e1nyzat szoci\u00e1lis oszt\u00e1ly\u00e1n vagy csal\u00e1dseg\u00edt\u0151 szolg\u00e1latokn\u00e1l \u00e9rdemes \u00e9rdekl\u0151dni. A civil szervezetek programjair\u00f3l az internetes&#8230; <span class=\"gridview-grid-post-read-more\"><a href=\"https:\/\/matrend.hu\/maitrend\/?p=1944\">read more<span class=\"gridview-sr-only\"> Nyugd\u00edjasoknak Ingyenesen j\u00e1rnak ezek az EU-s \u00e9lelmiszercsomagok!<\/span><\/a><\/span><\/p>\n","protected":false},"author":1,"featured_media":1945,"comment_status":"open","ping_status":"open","sticky":false,"template":"","format":"standard","meta":{"footnotes":""},"categories":[1],"tags":[],"class_list":["post-1944","post","type-post","status-publish","format-standard","has-post-thumbnail","hentry","category-egyeb","wpcat-1-id"],"_links":{"self":[{"href":"https:\/\/matrend.hu\/maitrend\/index.php?rest_route=\/wp\/v2\/posts\/1944","targetHints":{"allow":["GET"]}}],"collection":[{"href":"https:\/\/matrend.hu\/maitrend\/index.php?rest_route=\/wp\/v2\/posts"}],"about":[{"href":"https:\/\/matrend.hu\/maitrend\/index.php?rest_route=\/wp\/v2\/types\/post"}],"author":[{"embeddable":true,"href":"https:\/\/matrend.hu\/maitrend\/index.php?rest_route=\/wp\/v2\/users\/1"}],"replies":[{"embeddable":true,"href":"https:\/\/matrend.hu\/maitrend\/index.php?rest_route=%2Fwp%2Fv2%2Fcomments&post=1944"}],"version-history":[{"count":1,"href":"https:\/\/matrend.hu\/maitrend\/index.php?rest_route=\/wp\/v2\/posts\/1944\/revisions"}],"predecessor-version":[{"id":1946,"href":"https:\/\/matrend.hu\/maitrend\/index.php?rest_route=\/wp\/v2\/posts\/1944\/revisions\/1946"}],"wp:featuredmedia":[{"embeddable":true,"href":"https:\/\/matrend.hu\/maitrend\/index.php?rest_route=\/wp\/v2\/media\/1945"}],"wp:attachment":[{"href":"https:\/\/matrend.hu\/maitrend\/index.php?rest_route=%2Fwp%2Fv2%2Fmedia&parent=1944"}],"wp:term":[{"taxonomy":"category","embeddable":true,"href":"https:\/\/matrend.hu\/maitrend\/index.php?rest_route=%2Fwp%2Fv2%2Fcategories&post=1944"},{"taxonomy":"post_tag","embeddable":true,"href":"https:\/\/matrend.hu\/maitrend\/index.php?rest_route=%2Fwp%2Fv2%2Ftags&post=1944"}],"curies":[{"name":"wp","href":"https:\/\/api.w.org\/{rel}","templated":true}]}}