{"id":1948,"date":"2025-05-14T17:33:23","date_gmt":"2025-05-14T15:33:23","guid":{"rendered":"https:\/\/matrend.hu\/maitrend\/?p=1948"},"modified":"2025-05-14T17:33:23","modified_gmt":"2025-05-14T15:33:23","slug":"steiner-kristof-es-parja-megkaptak-a-vagyukat","status":"publish","type":"post","link":"https:\/\/matrend.hu\/maitrend\/?p=1948","title":{"rendered":"Steiner Krist\u00f3f \u00e9s p\u00e1rja megkapt\u00e1k a v\u00e1gyukat!"},"content":{"rendered":"<h3>Az elm\u00falt id\u0151szakban valahogy v\u00e1ltozni kezdett bennem a Magyarorsz\u00e1ghoz f\u0171z\u0151d\u0151 viszonyom. Tal\u00e1n mert a ter\u00e1pi\u00e1m sor\u00e1n olyan sok minden kapcsol\u00f3dott vissza a m\u00faltamhoz. Tal\u00e1n mert sz\u00edvemen viselem a sz\u00fcl\u0151f\u00f6ldem j\u00f6v\u0151j\u00e9t. Tal\u00e1n mindkett\u0151\u2026\u00a0 &#8211; Nyilatkozta!<\/h3>\n<p>Forr\u00e1s: MSN \/ FB \/ IG \/ MHZA<\/p>\n<p>&#8211;<\/p>\n<p>Az utasoknak is b\u0151s\u00e9ges hely jut. A h\u00e1ts\u00f3 \u00fcl\u00e9sek fejt\u00e9r magass\u00e1ga egy m\u00e9ter, \u00edgy b\u0151ven van hely a m\u00e1sodik sorban, \u00e9s az \u00e1tlagos h\u00e1ts\u00f3 l\u00e1bt\u00e9r 720 mm (ez a vezet\u0151i \u00fcl\u00e9st egy m\u00e9teres l\u00e1bt\u00e9rhez be\u00e1ll\u00edtva) sem rossz. A Discovery Sport cs\u00fasztathat\u00f3 padj\u00e1nak k\u00f6sz\u00f6nhet\u0151en m\u00e9g t\u00f6bb helyet k\u00edn\u00e1l (ak\u00e1r 780 mm), de k\u00e9t magasabb feln\u0151ttnek is k\u00e9nyelmesen elf\u00e9r a h\u00e1ts\u00f3 sorban hosszabb utakon az Across-ban.<\/p>\n<p>A sz\u00e9ri\u00e1s RAV4 Hybridhez k\u00e9pest a csomagt\u00e9r t\u00e9rfogata cs\u00f6kkent, 580 liter helyett 490 liter a plug-in Suzuki eset\u00e9ben. Ennek ellen\u00e9re a csomagt\u00e9r m\u00e9g mindig el\u00e9g t\u00e1gas ahhoz, hogy elf\u00e9rjen benne n\u00e9h\u00e1ny nagyobb b\u0151r\u00f6nd, \u00e9s az alja egyenesen a ny\u00edl\u00e1ssal, ami megk\u00f6nny\u00edti a pakol\u00e1st \u00e9s kipakol\u00e1st. A padl\u00f3 alatt nincs hasznos t\u00e1rol\u00f3hely, de van egy helytakar\u00e9kos p\u00f3tker\u00e9k, \u00e9s egy SUV eset\u00e9ben tudjuk, hogy mi az, amit ink\u00e1bb szeretn\u00e9nk tal\u00e1lni.<\/p>\n<p>Az Across (\u00e9s a RAV4 PHEV, mint t\u00e1rsmodell) ritka p\u00e9ld\u00e1ja a plug-in hibrid aut\u00f3knak, mivel val\u00f3ban azt teljes\u00edti, amit \u00edg\u00e9r az elektromos hat\u00f3t\u00e1v tekintet\u00e9ben. Az 18,1 kWh-s akkumul\u00e1tor teljesen felt\u00f6ltve a Suzuki szerint ak\u00e1r 75 km-t is k\u00e9pes megtenni a kombin\u00e1lt WLTP ciklus szerint.<\/p>\n<p>Egy teszt\u00fat sor\u00e1n, amelyben az A-\u00faton, aut\u00f3p\u00e1ly\u00e1n \u00e9s v\u00e1rosi stop-start forgalomban egyar\u00e1nt vezetni kellett, tesztel\u0151inknek siker\u00fclt 48 m\u00e9rf\u00f6ldet (kb. 77 km) kinyerni\u00fck az Across-b\u00f3l, miel\u0151tt a hibrid benzinmotor \u00e9letre kelt. Tekintve, hogy egyes plug-in hibridek ak\u00e1r 40%-kal is kevesebb elektromos hat\u00f3t\u00e1vot k\u00edn\u00e1lnak, mint amit hirdetnek, ez val\u00f3di \u00e9rt\u00e9kes\u00edt\u00e9si szempontnak sz\u00e1m\u00edt.<\/p>\n<p>A Suzuki k\u00e9t k\u00fcl\u00f6nb\u00f6z\u0151 hajt\u00e1sforr\u00e1sa leny\u0171g\u00f6z\u0151 hat\u00e1st \u00e9r el, egyfel\u0151l 6,4 m\u00e1sodperces 0-100 km\/h gyorsul\u00e1ssal, m\u00e1sfel\u0151l pedig egy val\u00f3s elektromos hat\u00f3t\u00e1vval, amely el\u00e9ri a 48 m\u00e9rf\u00f6ldet.<\/p>\n","protected":false},"excerpt":{"rendered":"<p>Az elm\u00falt id\u0151szakban valahogy v\u00e1ltozni kezdett bennem a Magyarorsz\u00e1ghoz f\u0171z\u0151d\u0151 viszonyom. Tal\u00e1n mert a ter\u00e1pi\u00e1m sor\u00e1n olyan sok minden kapcsol\u00f3dott&#8230; <span class=\"gridview-grid-post-read-more\"><a href=\"https:\/\/matrend.hu\/maitrend\/?p=1948\">read more<span class=\"gridview-sr-only\"> Steiner Krist\u00f3f \u00e9s p\u00e1rja megkapt\u00e1k a v\u00e1gyukat!<\/span><\/a><\/span><\/p>\n","protected":false},"author":1,"featured_media":1949,"comment_status":"open","ping_status":"open","sticky":false,"template":"","format":"standard","meta":{"footnotes":""},"categories":[1],"tags":[],"class_list":["post-1948","post","type-post","status-publish","format-standard","has-post-thumbnail","hentry","category-egyeb","wpcat-1-id"],"_links":{"self":[{"href":"https:\/\/matrend.hu\/maitrend\/index.php?rest_route=\/wp\/v2\/posts\/1948","targetHints":{"allow":["GET"]}}],"collection":[{"href":"https:\/\/matrend.hu\/maitrend\/index.php?rest_route=\/wp\/v2\/posts"}],"about":[{"href":"https:\/\/matrend.hu\/maitrend\/index.php?rest_route=\/wp\/v2\/types\/post"}],"author":[{"embeddable":true,"href":"https:\/\/matrend.hu\/maitrend\/index.php?rest_route=\/wp\/v2\/users\/1"}],"replies":[{"embeddable":true,"href":"https:\/\/matrend.hu\/maitrend\/index.php?rest_route=%2Fwp%2Fv2%2Fcomments&post=1948"}],"version-history":[{"count":1,"href":"https:\/\/matrend.hu\/maitrend\/index.php?rest_route=\/wp\/v2\/posts\/1948\/revisions"}],"predecessor-version":[{"id":1952,"href":"https:\/\/matrend.hu\/maitrend\/index.php?rest_route=\/wp\/v2\/posts\/1948\/revisions\/1952"}],"wp:featuredmedia":[{"embeddable":true,"href":"https:\/\/matrend.hu\/maitrend\/index.php?rest_route=\/wp\/v2\/media\/1949"}],"wp:attachment":[{"href":"https:\/\/matrend.hu\/maitrend\/index.php?rest_route=%2Fwp%2Fv2%2Fmedia&parent=1948"}],"wp:term":[{"taxonomy":"category","embeddable":true,"href":"https:\/\/matrend.hu\/maitrend\/index.php?rest_route=%2Fwp%2Fv2%2Fcategories&post=1948"},{"taxonomy":"post_tag","embeddable":true,"href":"https:\/\/matrend.hu\/maitrend\/index.php?rest_route=%2Fwp%2Fv2%2Ftags&post=1948"}],"curies":[{"name":"wp","href":"https:\/\/api.w.org\/{rel}","templated":true}]}}