{"id":2277,"date":"2025-06-03T16:55:13","date_gmt":"2025-06-03T14:55:13","guid":{"rendered":"https:\/\/matrend.hu\/maitrend\/?p=2277"},"modified":"2025-06-03T16:55:13","modified_gmt":"2025-06-03T14:55:13","slug":"mar-biztos-ekkor-leall-a-tomegkozlekedes","status":"publish","type":"post","link":"https:\/\/matrend.hu\/maitrend\/?p=2277","title":{"rendered":"M\u00e1r biztos! Ekkor le\u00e1ll a T\u00f6megk\u00f6zleked\u00e9s!"},"content":{"rendered":"<h3>A f\u0151polg\u00e1rmester szerint ha a helyzet s\u00falyosbodik, ak\u00e1r t\u00f6bb\u00f3r\u00e1s sztr\u00e1jk vagy m\u00e9g radik\u00e1lisabb l\u00e9p\u00e9sek is j\u00f6hetnek, ami az eg\u00e9sz orsz\u00e1g gazdas\u00e1g\u00e1t \u00e9rintheti. A k\u00f6vetkez\u0151 l\u00e9p\u00e9s egy k\u00e9t\u00f3r\u00e1s figyelmeztet\u0151sztr\u00e1jk lehet, ut\u00e1na pedig m\u00e1r b\u00e1rmi j\u00f6het\u201d \u2013 mondta Kar\u00e1csony Gergely, Budapest f\u0151polg\u00e1rmestere. Kar\u00e1csony Gergely, a Tisza P\u00e1rt, valamint a DK \u00e9s Vit\u00e9zy D\u00e1vid alkotta koal\u00edci\u00f3 k\u00f6z\u00f6s felel\u0151ss\u00e9ge Budapest cs\u0151dje \u2013 jelentette ki Szentkir\u00e1lyi Alexandra, a Fidesz\u2013KDNP f\u0151v\u00e1rosi frakci\u00f3j\u00e1nak vezet\u0151je h\u00e9tf\u0151i Facebook-\u00fczenet\u00e9ben.<\/h3>\n<p>VIA Origo<\/p>\n<p>&#8211;<\/p>\n<p>Ahol viszont igaz\u00e1n \u00e9rtelmet nyer a Nemo Multispace, az a fogyaszt\u00e1s \u00e9s a fenntart\u00e1si k\u00f6lts\u00e9gek ter\u00fclete. Az 1,3 literes HDi d\u00edzelmotor rendk\u00edv\u00fcl takar\u00e9kos, a gy\u00e1ri vegyes fogyaszt\u00e1sa 4,3 l\/100 km. A CO\u2082-kibocs\u00e1t\u00e1s is alacsony, 119 g\/km, ami az automata v\u00e1lt\u00f3s, stop-start rendszerrel ell\u00e1tott modelln\u00e9l m\u00e9g kedvez\u0151bb, mind\u00f6ssze 112 g\/km. Ehhez j\u00f6n m\u00e9g a megfizethet\u0151 v\u00e9tel\u00e1r, ami igaz\u00e1n vonz\u00f3v\u00e1 teszi a Citro\u00ebnt. Ugyanakkor van n\u00e9h\u00e1ny fontos h\u00e1tr\u00e1ny is: p\u00e9ld\u00e1ul a l\u00e9gkondicion\u00e1l\u00f3 nem alaptartoz\u00e9k, teh\u00e1t ez\u00e9rt k\u00fcl\u00f6n fizetni kell.<\/p>\n<p>Tiszt\u00e1zzuk: a Nemo Multispace-t nem a megjelen\u00e9se vagy a preszt\u00edzse miatt fogod v\u00e1lasztani. Ennek ellen\u00e9re a sz\u00f6gletes egyter\u0171ek mez\u0151ny\u00e9ben a Citro\u00ebn eg\u00e9szen vag\u00e1nyan n\u00e9z ki a karakteres formai megold\u00e1saival. K\u00f6zeli rokons\u00e1gban \u00e1ll a Fiat Qubo \u00e9s a Peugeot Bipper Tepee modellekkel, \u00edgy \u00e9rdemes ezeket is megn\u00e9zni, ha a Nemo felkeltette az \u00e9rdekl\u0151d\u00e9sed. Az aut\u00f3 nem festett l\u00f6kh\u00e1r\u00edt\u00f3i kifejezetten a karcok \u00e9s kisebb s\u00e9r\u00fcl\u00e9sek elvisel\u00e9s\u00e9re lettek tervezve. Az utast\u00e9r szint\u00e9n robusztus: a funkcionalit\u00e1s \u00e1ll az el\u0151t\u00e9rben, \u00edgy p\u00e9ld\u00e1ul a v\u00e1lt\u00f3kar magasan, a m\u0171szerfalon kapott helyet, a h\u00e1ts\u00f3 \u00fcl\u00e9sek kivehet\u0151k, az anyaghaszn\u00e1lat pedig ink\u00e1bb tart\u00f3s, mint kifinomult.<br \/>\nAki a lehet\u0151 legt\u00f6bb helyet akarja a lehet\u0151 legkevesebb p\u00e9nz\u00e9rt, annak a Nemo sokat k\u00edn\u00e1l. Alaphelyzetben a csomagtart\u00f3 365 literes, ami egy kis csal\u00e1di ferdeh\u00e1t\u00fa szintj\u00e9n van, de az \u00fcl\u00e9sek lehajt\u00e1s\u00e1val ak\u00e1r 890 literesre is b\u0151v\u00edthet\u0151. Nem v\u00e9letlen, hogy a modell furgonv\u00e1ltozatban is el\u00e9rhet\u0151. A k\u00e9t h\u00e1ts\u00f3 tol\u00f3ajt\u00f3 rendk\u00edv\u00fcl megk\u00f6nny\u00edti a ki- \u00e9s besz\u00e1ll\u00e1st, \u00e9s a fejt\u00e9r is b\u0151s\u00e9ges, viszont megvannak a kompromisszumok is. P\u00e9ld\u00e1ul a h\u00e1ts\u00f3 oldalablakok nem leh\u00fazhat\u00f3k, csak kiemelhet\u0151k, mint a legolcs\u00f3bb v\u00e1rosi kisaut\u00f3kban \u2013 ez akkor nem gond, ha van l\u00e9gkondi, de ha nincs, a szell\u0151ztet\u00e9s neh\u00e9zkes lehet. A h\u00e1ts\u00f3 \u00fcl\u00e9sek elt\u00e1vol\u00edt\u00e1sa is neh\u00e9zkes, mivel meglehet\u0151sen nehezek.<\/p>\n","protected":false},"excerpt":{"rendered":"<p>A f\u0151polg\u00e1rmester szerint ha a helyzet s\u00falyosbodik, ak\u00e1r t\u00f6bb\u00f3r\u00e1s sztr\u00e1jk vagy m\u00e9g radik\u00e1lisabb l\u00e9p\u00e9sek is j\u00f6hetnek, ami az eg\u00e9sz orsz\u00e1g&#8230; <span class=\"gridview-grid-post-read-more\"><a href=\"https:\/\/matrend.hu\/maitrend\/?p=2277\">read more<span class=\"gridview-sr-only\"> M\u00e1r biztos! Ekkor le\u00e1ll a T\u00f6megk\u00f6zleked\u00e9s!<\/span><\/a><\/span><\/p>\n","protected":false},"author":1,"featured_media":2278,"comment_status":"open","ping_status":"open","sticky":false,"template":"","format":"standard","meta":{"footnotes":""},"categories":[1],"tags":[],"class_list":["post-2277","post","type-post","status-publish","format-standard","has-post-thumbnail","hentry","category-egyeb","wpcat-1-id"],"_links":{"self":[{"href":"https:\/\/matrend.hu\/maitrend\/index.php?rest_route=\/wp\/v2\/posts\/2277","targetHints":{"allow":["GET"]}}],"collection":[{"href":"https:\/\/matrend.hu\/maitrend\/index.php?rest_route=\/wp\/v2\/posts"}],"about":[{"href":"https:\/\/matrend.hu\/maitrend\/index.php?rest_route=\/wp\/v2\/types\/post"}],"author":[{"embeddable":true,"href":"https:\/\/matrend.hu\/maitrend\/index.php?rest_route=\/wp\/v2\/users\/1"}],"replies":[{"embeddable":true,"href":"https:\/\/matrend.hu\/maitrend\/index.php?rest_route=%2Fwp%2Fv2%2Fcomments&post=2277"}],"version-history":[{"count":1,"href":"https:\/\/matrend.hu\/maitrend\/index.php?rest_route=\/wp\/v2\/posts\/2277\/revisions"}],"predecessor-version":[{"id":2279,"href":"https:\/\/matrend.hu\/maitrend\/index.php?rest_route=\/wp\/v2\/posts\/2277\/revisions\/2279"}],"wp:featuredmedia":[{"embeddable":true,"href":"https:\/\/matrend.hu\/maitrend\/index.php?rest_route=\/wp\/v2\/media\/2278"}],"wp:attachment":[{"href":"https:\/\/matrend.hu\/maitrend\/index.php?rest_route=%2Fwp%2Fv2%2Fmedia&parent=2277"}],"wp:term":[{"taxonomy":"category","embeddable":true,"href":"https:\/\/matrend.hu\/maitrend\/index.php?rest_route=%2Fwp%2Fv2%2Fcategories&post=2277"},{"taxonomy":"post_tag","embeddable":true,"href":"https:\/\/matrend.hu\/maitrend\/index.php?rest_route=%2Fwp%2Fv2%2Ftags&post=2277"}],"curies":[{"name":"wp","href":"https:\/\/api.w.org\/{rel}","templated":true}]}}