{"id":2293,"date":"2025-06-04T18:20:07","date_gmt":"2025-06-04T16:20:07","guid":{"rendered":"https:\/\/matrend.hu\/maitrend\/?p=2293"},"modified":"2025-06-04T18:20:07","modified_gmt":"2025-06-04T16:20:07","slug":"ekkora-osszeget-vonnak-le-a-juniusi-nyugdijakbol","status":"publish","type":"post","link":"https:\/\/matrend.hu\/maitrend\/?p=2293","title":{"rendered":"Ekkora \u00f6sszeget vonnak le a j\u00faniusi nyugd\u00edjakb\u00f3l!"},"content":{"rendered":"<h3>Az \u00faj szab\u00e1lyoz\u00e1s \u00e9rtelm\u00e9ben a nyugd\u00edjasok \u00e9s munkav\u00e1llal\u00f3k, akik alacsony j\u00f6vedelemmel rendelkeznek, mostant\u00f3l nagyobb v\u00e9delmet \u00e9lveznek a v\u00e9grehajt\u00e1si elj\u00e1r\u00e1sok sor\u00e1n.<\/h3>\n<p>Forr\u00e1s: MSN \/ FB \/ BPW<\/p>\n<p>&#8211;<\/p>\n<p>Az aut\u00f3 \u00f6tsebess\u00e9ges k\u00e9zi v\u00e1lt\u00f3j\u00e1nak kapcsol\u00e1sa meglehet\u0151sen k\u00f6nnyed \u00e9s kellemes, a f\u00e9khat\u00e1s pedig (ne feledd, hogy a cs\u00facsmodell 16 colos k\u00f6nny\u0171f\u00e9m felnikkel \u00e9rkezik) meglehet\u0151sen er\u0151s, \u00e9s fokozatos f\u00e9kped\u00e1llal adagolhat\u00f3.<\/p>\n<p>\u00d6sszess\u00e9g\u00e9ben teh\u00e1t az aut\u00f3 teljes\u00edtm\u00e9ny\u00e9t a kateg\u00f3ria viszonylat\u00e1ban el\u00e9g j\u00f3nak lehet min\u0151s\u00edteni \u2013 b\u00e1r nem eg\u00e9szen olyan kiemelked\u0151, mint az i10 el\u0151djei, amelyek nagyobb elismer\u00e9st kaptak.<\/p>\n<p>Az elektronikus menetstabiliz\u00e1l\u00f3 rendszerek eleinte finoman, \u00e9szrev\u00e9tlen\u00fcl l\u00e9pnek k\u00f6zbe, de mindig hat\u00e9konyan m\u0171k\u00f6dnek, \u00e9s j\u00f3 alapot biztos\u00edtanak a vezet\u00e9si stabilit\u00e1snak, m\u00e9g a tapad\u00e1s hat\u00e1r\u00e1n is. Egyetlen megfigyelt korl\u00e1toz\u00e1s a stabilit\u00e1s ter\u00e9n a nagy sebess\u00e9gr\u0151l t\u00f6rt\u00e9n\u0151 er\u0151s f\u00e9kez\u00e9sn\u00e9l jelentkezett az aut\u00f3p\u00e1ly\u00e1n. Egy tesztp\u00e1ly\u00e1n v\u00e9gzett pr\u00f3b\u00e1k sor\u00e1n az i10 er\u0151teljes f\u00e9kez\u00e9sn\u00e9l el\u00e9gg\u00e9 el\u0151red\u0151lt, ami miatt egy kicsit kit\u00e9rt az \u00edvr\u0151l, miel\u0151tt stabiliz\u00e1l\u00f3dott volna az orra, \u00e9s a vezet\u0151nek t\u00f6bbsz\u00f6ri f\u00e9kez\u00e9sn\u00e9l korrig\u00e1lnia kellett a korm\u00e1nyt. Fontos azonban kiemelni, hogy ez a helyzet ritk\u00e1n, ha egy\u00e1ltal\u00e1n, fordul el\u0151 az i10 tulajdonosokn\u00e1l, \u00e9s nem von le semmit az aut\u00f3 am\u00fagy bar\u00e1ts\u00e1gos, kiegyens\u00falyozott \u00fattart\u00e1s\u00e1b\u00f3l.<\/p>\n<p>Ez a karakter a rug\u00f3z\u00e1sra is \u00e9rv\u00e9nyes. Egy bel\u00e9p\u0151 szint\u0171, 15 colos ker\u00e9kkel szerelt tesztaut\u00f3val kellemes, nyugodt utaz\u00e1st tapasztaltunk. A gumik vastag oldalfalai \u00e9s a viszonylag puh\u00e1ra hangolt fut\u00f3m\u0171 egy\u00fctt olyan szint\u0171 elszigetel\u00e9st ny\u00fajtanak az \u00fathib\u00e1kt\u00f3l, amely fel\u00fclm\u00falja a legt\u00f6bb vet\u00e9lyt\u00e1rs\u00e1t. A bel\u00e9p\u0151 szint\u0171 i10 igaz\u00e1n k\u00e9nyelmes aut\u00f3, m\u00e9g a Sandero, az MG 3 vagy a Fiat 500 kateg\u00f3ri\u00e1j\u00e1ban is. A kisebb ker\u00e9kt\u00e1rcs\u00e1k emellett cs\u00f6kkentik a zajszintet is; aut\u00f3p\u00e1ly\u00e1n haladva nincs akkora \u00fathang, hogy emeln\u00fcnk kellene a hangunkon, b\u00e1r a zaj az\u00e9rt \u00e9rz\u00e9kelhet\u0151.<\/p>\n","protected":false},"excerpt":{"rendered":"<p>Az \u00faj szab\u00e1lyoz\u00e1s \u00e9rtelm\u00e9ben a nyugd\u00edjasok \u00e9s munkav\u00e1llal\u00f3k, akik alacsony j\u00f6vedelemmel rendelkeznek, mostant\u00f3l nagyobb v\u00e9delmet \u00e9lveznek a v\u00e9grehajt\u00e1si elj\u00e1r\u00e1sok sor\u00e1n&#8230;. <span class=\"gridview-grid-post-read-more\"><a href=\"https:\/\/matrend.hu\/maitrend\/?p=2293\">read more<span class=\"gridview-sr-only\"> Ekkora \u00f6sszeget vonnak le a j\u00faniusi nyugd\u00edjakb\u00f3l!<\/span><\/a><\/span><\/p>\n","protected":false},"author":1,"featured_media":2294,"comment_status":"open","ping_status":"open","sticky":false,"template":"","format":"standard","meta":{"footnotes":""},"categories":[1],"tags":[],"class_list":["post-2293","post","type-post","status-publish","format-standard","has-post-thumbnail","hentry","category-egyeb","wpcat-1-id"],"_links":{"self":[{"href":"https:\/\/matrend.hu\/maitrend\/index.php?rest_route=\/wp\/v2\/posts\/2293","targetHints":{"allow":["GET"]}}],"collection":[{"href":"https:\/\/matrend.hu\/maitrend\/index.php?rest_route=\/wp\/v2\/posts"}],"about":[{"href":"https:\/\/matrend.hu\/maitrend\/index.php?rest_route=\/wp\/v2\/types\/post"}],"author":[{"embeddable":true,"href":"https:\/\/matrend.hu\/maitrend\/index.php?rest_route=\/wp\/v2\/users\/1"}],"replies":[{"embeddable":true,"href":"https:\/\/matrend.hu\/maitrend\/index.php?rest_route=%2Fwp%2Fv2%2Fcomments&post=2293"}],"version-history":[{"count":1,"href":"https:\/\/matrend.hu\/maitrend\/index.php?rest_route=\/wp\/v2\/posts\/2293\/revisions"}],"predecessor-version":[{"id":2295,"href":"https:\/\/matrend.hu\/maitrend\/index.php?rest_route=\/wp\/v2\/posts\/2293\/revisions\/2295"}],"wp:featuredmedia":[{"embeddable":true,"href":"https:\/\/matrend.hu\/maitrend\/index.php?rest_route=\/wp\/v2\/media\/2294"}],"wp:attachment":[{"href":"https:\/\/matrend.hu\/maitrend\/index.php?rest_route=%2Fwp%2Fv2%2Fmedia&parent=2293"}],"wp:term":[{"taxonomy":"category","embeddable":true,"href":"https:\/\/matrend.hu\/maitrend\/index.php?rest_route=%2Fwp%2Fv2%2Fcategories&post=2293"},{"taxonomy":"post_tag","embeddable":true,"href":"https:\/\/matrend.hu\/maitrend\/index.php?rest_route=%2Fwp%2Fv2%2Ftags&post=2293"}],"curies":[{"name":"wp","href":"https:\/\/api.w.org\/{rel}","templated":true}]}}