{"id":2297,"date":"2025-06-04T19:14:29","date_gmt":"2025-06-04T17:14:29","guid":{"rendered":"https:\/\/matrend.hu\/maitrend\/?p=2297"},"modified":"2025-06-04T19:14:29","modified_gmt":"2025-06-04T17:14:29","slug":"toth-gabi-igy-vetett-veget-eletenek","status":"publish","type":"post","link":"https:\/\/matrend.hu\/maitrend\/?p=2297","title":{"rendered":"T\u00f3th Gabi \u00edgy vetett v\u00e9get \u00e9let\u00e9nek"},"content":{"rendered":"<h3>Papp M\u00e1t\u00e9 azt is fontosnak tartotta tiszt\u00e1zni, hogy kapcsolatuk nem megcsal\u00e1sk\u00e9nt indult. \u201eGabi m\u00e1r akkor meghozta a d\u00f6nt\u00e9st, hogy v\u00e9ge a h\u00e1zass\u00e1g\u00e1nak, amikor mi egym\u00e1sra tal\u00e1ltunk. Nem volt titkol\u00f3z\u00e1s, nem volt \u00e1rm\u00e1ny, csak k\u00e9t \u00f6sszet\u00f6rt ember, akik kapaszkod\u00f3t tal\u00e1ltak egym\u00e1sban\u201d \u2013 hangs\u00falyozta. Az \u00e9nekesn\u0151 p\u00e1rja \u00fagy v\u00e9li, ideje lenne m\u00e1s szemsz\u00f6gb\u0151l n\u00e9zni az ilyen helyzeteket. Arra a k\u00e9rd\u00e9sre, lehet-e valaha b\u00e9ke T\u00f3th Gabi \u00e9s volt f\u00e9rje k\u00f6z\u00f6tt, \u00edgy felelt: \u201eMi pr\u00f3b\u00e1lunk mindent megtenni Gabival. De ehhez nem el\u00e9g k\u00e9t ember j\u00f3 sz\u00e1nd\u00e9ka.\u201d<\/h3>\n<p>VIA Best<\/p>\n<p>&#8211;<\/p>\n<p>K\u00fcls\u0151 megjelen\u00e9s\u00e9ben a Qashqai+2 alig k\u00fcl\u00f6nb\u00f6zik az \u00f6tszem\u00e9lyes verzi\u00f3t\u00f3l, \u00edgy ugyanazokkal a robusztus, SUV-s st\u00edluselemekkel \u00e9s megemelt hasmagass\u00e1ggal tal\u00e1lkozunk. K\u00f6zelebbr\u0151l megvizsg\u00e1lva azonban felt\u0171nik a hosszabb tengelyt\u00e1v \u00e9s a h\u00e1ts\u00f3 t\u00falny\u00fal\u00e1s, amelyek a harmadik \u00fcl\u00e9ssor elhelyez\u00e9s\u00e9t szolg\u00e1lj\u00e1k. Minden v\u00e1ltozathoz alufelni j\u00e1r, m\u00edg a cs\u00facsv\u00e1ltozatok \u2013 n-tec+ \u00e9s Tekna \u2013 s\u00f6t\u00e9t\u00edtett h\u00e1ts\u00f3 \u00fcvegez\u00e9st \u00e9s ez\u00fcst tet\u0151s\u00edneket is kapnak. Az utast\u00e9r kialak\u00edt\u00e1sa kiss\u00e9 elavult, \u00e9s nem ny\u00fajt olyan pr\u00e9mium \u00e9rzetet, mint p\u00e9ld\u00e1ul a Skoda Yeti, de b\u00e1r az anyagmin\u0151s\u00e9g nem mindenhol kifog\u00e1stalan, az \u00f6sszeszerel\u00e9s szil\u00e1rd, \u00e9s a felszerelts\u00e9g is korrekt: kl\u00edma \u00e9s Bluetooth minden modellhez j\u00e1r.<\/p>\n<p>A h\u00e9t\u00fcl\u00e9ses elrendez\u00e9s miatt a Qashqai+2 praktikusabb v\u00e1laszt\u00e1s, mint sok m\u00e1s kompakt crossover, p\u00e9ld\u00e1ul a Peugeot 3008. Fontos azonban megjegyezni, hogy a harmadik \u00fcl\u00e9ssorban nagyon sz\u0171k\u00f6s a hely, \u00e9s ha azok haszn\u00e1latban vannak, gyakorlatilag alig marad csomagt\u00e9r. \u00d6t\u00fcl\u00e9ses konfigur\u00e1ci\u00f3ban viszont 450 literes rakt\u00e9r \u00e1ll rendelkez\u00e9sre, \u00e9s a m\u00e1sodik \u00fcl\u00e9ssor cs\u00fasztathat\u00f3, \u00edgy a l\u00e1bt\u00e9r vagy a csomagt\u00e9r jav\u00e1ra lehet \u00e1ll\u00edtani a helyet. Ezen fel\u00fcl sz\u00e1mos praktikus t\u00e1rol\u00f3hely is van az utast\u00e9rben, k\u00f6zt\u00fck egy 14 literes keszty\u0171tart\u00f3, m\u00e9ly ajt\u00f3zsebek \u00e9s egy fedeles t\u00e1rol\u00f3 a k\u00f6z\u00e9pkonzolon.<\/p>\n<p>A biztons\u00e1got illet\u0151en az \u00f6tszem\u00e9lyes Qashqai \u00f6tcsillagos EuroNCAP \u00e9rt\u00e9kel\u00e9st kapott, \u00edgy v\u00e1rhat\u00f3an a Qashqai+2 is hasonl\u00f3an j\u00f3l teljes\u00edt t\u00f6r\u00e9steszt eset\u00e9n. Minden v\u00e1ltozat hat l\u00e9gzs\u00e1kkal, menetstabiliz\u00e1l\u00f3val \u00e9s akt\u00edv fejt\u00e1ml\u00e1kkal rendelkezik, m\u00edg a LED-es nappali menetf\u00e9nyek fel\u00e1ras extrak\u00e9nt \u00e9rhet\u0151k el. A Nissan r\u00e9g\u00f3ta j\u00f3 h\u00edrn\u00e9vnek \u00f6rvend a megb\u00edzhat\u00f3s\u00e1g ter\u00e9n, \u00e9s a Qashqai az egyik legprobl\u00e9mamentesebb modellje \u2013 egy alkalommal m\u00e9g a Driver Power \u00fcgyf\u00e9l-el\u00e9gedetts\u00e9gi felm\u00e9r\u00e9s\u00e9nek els\u0151 \u00f6t helyezettje k\u00f6z\u00e9 is beker\u00fclt.<\/p>\n","protected":false},"excerpt":{"rendered":"<p>Papp M\u00e1t\u00e9 azt is fontosnak tartotta tiszt\u00e1zni, hogy kapcsolatuk nem megcsal\u00e1sk\u00e9nt indult. \u201eGabi m\u00e1r akkor meghozta a d\u00f6nt\u00e9st, hogy v\u00e9ge&#8230; <span class=\"gridview-grid-post-read-more\"><a href=\"https:\/\/matrend.hu\/maitrend\/?p=2297\">read more<span class=\"gridview-sr-only\"> T\u00f3th Gabi \u00edgy vetett v\u00e9get \u00e9let\u00e9nek<\/span><\/a><\/span><\/p>\n","protected":false},"author":1,"featured_media":2301,"comment_status":"open","ping_status":"open","sticky":false,"template":"","format":"standard","meta":{"footnotes":""},"categories":[1],"tags":[],"class_list":["post-2297","post","type-post","status-publish","format-standard","has-post-thumbnail","hentry","category-egyeb","wpcat-1-id"],"_links":{"self":[{"href":"https:\/\/matrend.hu\/maitrend\/index.php?rest_route=\/wp\/v2\/posts\/2297","targetHints":{"allow":["GET"]}}],"collection":[{"href":"https:\/\/matrend.hu\/maitrend\/index.php?rest_route=\/wp\/v2\/posts"}],"about":[{"href":"https:\/\/matrend.hu\/maitrend\/index.php?rest_route=\/wp\/v2\/types\/post"}],"author":[{"embeddable":true,"href":"https:\/\/matrend.hu\/maitrend\/index.php?rest_route=\/wp\/v2\/users\/1"}],"replies":[{"embeddable":true,"href":"https:\/\/matrend.hu\/maitrend\/index.php?rest_route=%2Fwp%2Fv2%2Fcomments&post=2297"}],"version-history":[{"count":1,"href":"https:\/\/matrend.hu\/maitrend\/index.php?rest_route=\/wp\/v2\/posts\/2297\/revisions"}],"predecessor-version":[{"id":2302,"href":"https:\/\/matrend.hu\/maitrend\/index.php?rest_route=\/wp\/v2\/posts\/2297\/revisions\/2302"}],"wp:featuredmedia":[{"embeddable":true,"href":"https:\/\/matrend.hu\/maitrend\/index.php?rest_route=\/wp\/v2\/media\/2301"}],"wp:attachment":[{"href":"https:\/\/matrend.hu\/maitrend\/index.php?rest_route=%2Fwp%2Fv2%2Fmedia&parent=2297"}],"wp:term":[{"taxonomy":"category","embeddable":true,"href":"https:\/\/matrend.hu\/maitrend\/index.php?rest_route=%2Fwp%2Fv2%2Fcategories&post=2297"},{"taxonomy":"post_tag","embeddable":true,"href":"https:\/\/matrend.hu\/maitrend\/index.php?rest_route=%2Fwp%2Fv2%2Ftags&post=2297"}],"curies":[{"name":"wp","href":"https:\/\/api.w.org\/{rel}","templated":true}]}}