{"id":2306,"date":"2025-06-04T20:29:51","date_gmt":"2025-06-04T18:29:51","guid":{"rendered":"https:\/\/matrend.hu\/maitrend\/?p=2306"},"modified":"2025-06-04T20:29:51","modified_gmt":"2025-06-04T18:29:51","slug":"szivszorito-dontest-hoztak-till-tamas-szulei","status":"publish","type":"post","link":"https:\/\/matrend.hu\/maitrend\/?p=2306","title":{"rendered":"Sz\u00edvszor\u00edt\u00f3 d\u00f6nt\u00e9st hoztak Till Tam\u00e1s sz\u00fclei!"},"content":{"rendered":"<h3>Miut\u00e1n a hat\u00f3s\u00e1gok beazonos\u00edtott\u00e1k Tam\u00e1st, a csal\u00e1d v\u00e9gre eltemethette \u0151t. De a vesztes\u00e9g s\u00falya nem cs\u00f6kkent \u2013 csak a form\u00e1ja v\u00e1ltozott. A sz\u00fcl\u0151k tov\u00e1bbra is mindennap kimennek a s\u00edrhoz. M\u00e1r nem j\u00e1t\u00e9kokat visznek, csak m\u00e9csest \u00e9s vir\u00e1got. A kisfi\u00fa szob\u00e1ja \u00fagy \u00e1ll, ahogy Tomika hagyta \u2013 mintha b\u00e1rmelyik pillanatban haza\u00e9rhetne. \u201eA lelk\u00e9t itt \u00e9rezz\u00fck\u201d \u2013 mondja Katalin. \u201eA teste m\u00e1r nincs vel\u00fcnk, de nem hagyott el minket.\u201d A k\u00e9rd\u00e9s pedig ott l\u00fcktet tov\u00e1bb a n\u00e9mas\u00e1gban: vajon el\u00e9ri-e a h\u00edrek s\u00falya azt a f\u00e9rfit, aki beismerte, hogy elvette az \u00e9let\u00e9t? \u00c9s ha igen \u2013 megmozdul-e benne valaha a lelkiismeret?<\/h3>\n<p>VIA borsonline<\/p>\n<p>&#8211;<\/p>\n<p>A MiTo jellegzetes megjelen\u00e9s\u00e9t a Quadrifoglio Verde v\u00e1ltozat m\u00e9g tov\u00e1bb fokozza 17 colos (vagy opcion\u00e1lisan 18 colos) k\u00f6nny\u0171f\u00e9m felnikkel, szatin\u00e1lt ez\u00fcst d\u00edsz\u00edt\u0151elemekkel a f\u00e9nysz\u00f3r\u00f3kn\u00e1l, visszapillant\u00f3kn\u00e1l \u00e9s kilincsekn\u00e9l, dupla kipufog\u00f3v\u00e9gekkel, valamint a s\u00e1rv\u00e9d\u0151k\u00f6n elhelyezett feh\u00e9r n\u00e9gylevel\u0171 l\u00f3here embl\u00e9m\u00e1kkal. Az utast\u00e9rben alum\u00edniumb\u00f3l k\u00e9sz\u00fclt ped\u00e1lok \u00e9s b\u0151rbevonat\u00fa korm\u00e1nyker\u00e9k emelik a sportos hangulatot, de egy\u00e9bk\u00e9nt nem sokban k\u00fcl\u00f6nb\u00f6zik a hagyom\u00e1nyos MiTo-t\u00f3l.<\/p>\n<p>A MiTo kiz\u00e1r\u00f3lag h\u00e1romajt\u00f3s kivitelben \u00e9rhet\u0151 el \u2013 ahogyan versenyt\u00e1rsai is. A csomagt\u00e9r m\u00e9rete 270 liter, ami fel\u00fclm\u00falja a MINI Cooper S-t (160 liter), de elmarad a Citro\u00ebn DS3-t\u00f3l (285 liter). A h\u00e1ts\u00f3 \u00fcl\u00e9sek helye sz\u0171k\u00f6s, a kis h\u00e1ts\u00f3 ablakok miatt pedig az utast\u00e9r h\u00e1tul kiss\u00e9 klausztrof\u00f3b hat\u00e1st kelt. El\u00f6l a kem\u00e9ny \u00fcl\u00e9sek rontanak a k\u00e9nyelem\u00e9rzeten.<\/p>\n<p>A MiTo \u00f6tcsillagos min\u0151s\u00edt\u00e9st kapott az Euro NCAP t\u00f6r\u00e9stesztj\u00e9n, \u00e9s minden modellben alapfelszerelts\u00e9gk\u00e9nt szerepelnek a l\u00e9gzs\u00e1kok, a menetstabiliz\u00e1l\u00f3, a kip\u00f6rg\u00e9sg\u00e1tl\u00f3, valamint a f\u00e9ker\u0151eloszt\u00f3 rendszer. Az Alfa Romeo az ut\u00f3bbi \u00e9vekben nagy er\u0151fesz\u00edt\u00e9seket tett a megb\u00edzhat\u00f3s\u00e1g jav\u00edt\u00e1s\u00e1ra, \u00e9s a MiTo eset\u00e9ben eddig nem jelentkeztek komolyabb probl\u00e9m\u00e1k. Az Alfa keresked\u0151h\u00e1l\u00f3zat\u00e1nak meg\u00edt\u00e9l\u00e9se azonban tov\u00e1bbra is gyenge, rendszeresen az Auto Express keresked\u0151i felm\u00e9r\u00e9seinek als\u00f3 mez\u0151ny\u00e9ben szerepelnek.<\/p>\n","protected":false},"excerpt":{"rendered":"<p>Miut\u00e1n a hat\u00f3s\u00e1gok beazonos\u00edtott\u00e1k Tam\u00e1st, a csal\u00e1d v\u00e9gre eltemethette \u0151t. De a vesztes\u00e9g s\u00falya nem cs\u00f6kkent \u2013 csak a form\u00e1ja&#8230; <span class=\"gridview-grid-post-read-more\"><a href=\"https:\/\/matrend.hu\/maitrend\/?p=2306\">read more<span class=\"gridview-sr-only\"> Sz\u00edvszor\u00edt\u00f3 d\u00f6nt\u00e9st hoztak Till Tam\u00e1s sz\u00fclei!<\/span><\/a><\/span><\/p>\n","protected":false},"author":1,"featured_media":2307,"comment_status":"open","ping_status":"open","sticky":false,"template":"","format":"standard","meta":{"footnotes":""},"categories":[1],"tags":[],"class_list":["post-2306","post","type-post","status-publish","format-standard","has-post-thumbnail","hentry","category-egyeb","wpcat-1-id"],"_links":{"self":[{"href":"https:\/\/matrend.hu\/maitrend\/index.php?rest_route=\/wp\/v2\/posts\/2306","targetHints":{"allow":["GET"]}}],"collection":[{"href":"https:\/\/matrend.hu\/maitrend\/index.php?rest_route=\/wp\/v2\/posts"}],"about":[{"href":"https:\/\/matrend.hu\/maitrend\/index.php?rest_route=\/wp\/v2\/types\/post"}],"author":[{"embeddable":true,"href":"https:\/\/matrend.hu\/maitrend\/index.php?rest_route=\/wp\/v2\/users\/1"}],"replies":[{"embeddable":true,"href":"https:\/\/matrend.hu\/maitrend\/index.php?rest_route=%2Fwp%2Fv2%2Fcomments&post=2306"}],"version-history":[{"count":1,"href":"https:\/\/matrend.hu\/maitrend\/index.php?rest_route=\/wp\/v2\/posts\/2306\/revisions"}],"predecessor-version":[{"id":2308,"href":"https:\/\/matrend.hu\/maitrend\/index.php?rest_route=\/wp\/v2\/posts\/2306\/revisions\/2308"}],"wp:featuredmedia":[{"embeddable":true,"href":"https:\/\/matrend.hu\/maitrend\/index.php?rest_route=\/wp\/v2\/media\/2307"}],"wp:attachment":[{"href":"https:\/\/matrend.hu\/maitrend\/index.php?rest_route=%2Fwp%2Fv2%2Fmedia&parent=2306"}],"wp:term":[{"taxonomy":"category","embeddable":true,"href":"https:\/\/matrend.hu\/maitrend\/index.php?rest_route=%2Fwp%2Fv2%2Fcategories&post=2306"},{"taxonomy":"post_tag","embeddable":true,"href":"https:\/\/matrend.hu\/maitrend\/index.php?rest_route=%2Fwp%2Fv2%2Ftags&post=2306"}],"curies":[{"name":"wp","href":"https:\/\/api.w.org\/{rel}","templated":true}]}}