{"id":2315,"date":"2025-06-05T17:39:46","date_gmt":"2025-06-05T15:39:46","guid":{"rendered":"https:\/\/matrend.hu\/maitrend\/?p=2315"},"modified":"2025-06-05T17:39:46","modified_gmt":"2025-06-05T15:39:46","slug":"epemutet-helyett","status":"publish","type":"post","link":"https:\/\/matrend.hu\/maitrend\/?p=2315","title":{"rendered":"Epem\u0171t\u00e9t helyett"},"content":{"rendered":"<h3>\u201cTess\u00e9k?! De h\u00e1t \u00e9n epem\u0171t\u00e9tre \u00e9rkeztem.\u201d K\u00e9s\u0151bb kider\u00fclt, hogy a k\u00f3rteremben velem szemben fekv\u0151 f\u00e9rfi vezet\u00e9kneve is Kov\u00e1cs volt, akit azonnal meg kellett volna m\u0171teni a vakbel\u00e9vel. Szerencs\u00e9tlen ember! Az ep\u00e9mhez nem hagyom, hogy hozz\u00e1ny\u00faljanak, ink\u00e1bb g\u00f6rcs\u00f6lj\u00f6n be \u00fajra, minthogy m\u00e9g egyszer \u00e1t\u00e9ljem ezt a sz\u00f6rny\u0171s\u00e9get! Ami t\u00f6rt\u00e9nt, az az eg\u00e9szs\u00e9g\u00fcgy cs\u0151dje! Soha t\u00f6bb\u00e9 nem megyek orvosi rendel\u0151 k\u00f6zel\u00e9be sem! Velem nem fognak sz\u00f3rakozni! Ha lehet, ossz\u00e1k meg a t\u00f6rt\u00e9netem, hogy m\u00e1s ne j\u00e1rhasson \u00edgy! Kov\u00e1cs J\u00e1nos, Sz\u00e9kesfeh\u00e9rv\u00e1rr\u00f3l.<\/h3>\n<p>Forr\u00e1s: MSN \/ FB \/ TINYH<\/p>\n<p>&#8211;<\/p>\n<p>Csak egyetlen karossz\u00e9riav\u00e1ltozat \u00e9rhet\u0151 el \u2013 b\u00e1r az e-C4 X nagyj\u00e1b\u00f3l megegyezik vele, azzal a k\u00fcl\u00f6nbs\u00e9ggel, hogy az egy szed\u00e1n st\u00edlus\u00fa csomagtart\u00f3val rendelkezik \u2013, viszont k\u00e9tf\u00e9le hajt\u00e1sl\u00e1nc k\u00f6z\u00fcl v\u00e1laszthatsz. Mindkett\u0151 els\u0151 ker\u00e9k meghajt\u00e1s\u00fa elektromos motorral m\u0171k\u00f6dik, \u00e9s a felszerelts\u00e9gt\u0151l f\u00fcgg\u0151en 50 kWh vagy 54 kWh kapacit\u00e1s\u00fa akkumul\u00e1torral \u00e9rkezik.<\/p>\n<p>A Citro\u00ebn e-C4 You! a bel\u00e9p\u0151modell, amely kb. 28 000 fontt\u00f3l indul, \u00e9s ink\u00e1bb az \u00e1r\u00e9rz\u00e9keny v\u00e1s\u00e1rl\u00f3knak sz\u00f3l. Ett\u0151l feljebb helyezkedik el a Plus v\u00e1ltozat, amely k\u00f6r\u00fclbel\u00fcl 1 000 fonttal dr\u00e1g\u00e1bb, \u00e9s extra felszerelts\u00e9get k\u00edn\u00e1l. Az e-C4 Maxra val\u00f3 v\u00e1lt\u00e1s m\u00e1r nagyobb ugr\u00e1s, majdnem 3 000 font, mert ez az egyetlen modell, amely a nagyobb, 54 kWh-s akkumul\u00e1torral \u00e9rkezik.<\/p>\n<p>A Citroen az ut\u00f3bbi \u00e9vekben visszaforgatta az id\u0151 kerek\u00e9t, \u00edgy ahelyett, hogy a sportos menettulajdons\u00e1gokkal versenyezne a riv\u00e1lisokkal, k\u00edn\u00e1lata most ink\u00e1bb arra a fajta k\u00e9nyelemre koncentr\u00e1l, amir\u0151l kor\u00e1bbi modelljei, mint a DS \u00e9s a CX, h\u00edresek voltak. B\u00e1r a hidropneumatikus fut\u00f3m\u0171 ma m\u00e1r t\u00fal bonyolult \u00e9s k\u00f6lts\u00e9ges lenne b\u00e1rmelyik aut\u00f3j\u00e1ban, a Citroen ehelyett az Advanced Comfort technol\u00f3gi\u00e1t k\u00edn\u00e1lja, amely hidraulikus \u00fctk\u00f6z\u0151ket alkalmaz, hogy fokozza a leng\u00e9scsillap\u00edt\u00f3k rugalmass\u00e1g\u00e1t \u00e9s jobb csillap\u00edt\u00e1st biztos\u00edtson.<\/p>\n<p>K\u00e9t elektromos motorv\u00e1ltozat \u00e9rhet\u0151 el, amelyek 134 \u00e9s 154 l\u00f3er\u0151t teljes\u00edtenek, mindkett\u0151 maxim\u00e1lis nyomat\u00e9ka 260 Nm. H\u00e1rom vezet\u00e9si m\u00f3d k\u00f6z\u00fcl v\u00e1laszthatunk \u2013 Eco, Norm\u00e1l \u00e9s Sport \u2013, \u00e9s az els\u0151 k\u00e9t m\u00f3dban a maxim\u00e1lis teljes\u00edtm\u00e9ny csak akkor \u00e9rhet\u0151 el, ha a g\u00e1zped\u00e1lt egy bizonyos pont f\u00f6l\u00e9 nyomjuk, hasonl\u00f3an ahhoz, mint amikor egy automata v\u00e1lt\u00f3n\u00e1l bekapcsoljuk a kickdown funkci\u00f3t. Az els\u0151ker\u00e9k-meghajt\u00e1s az egyetlen el\u00e9rhet\u0151 hajt\u00e1srendszer, \u00e9s a 0-100 km\/h gyorsul\u00e1s 10,0, illetve 9,3 m\u00e1sodperc a k\u00e9t modelln\u00e9l. A v\u00e9gsebess\u00e9g minden v\u00e1ltozatn\u00e1l 150 km\/h-ban van korl\u00e1tozva.<\/p>\n","protected":false},"excerpt":{"rendered":"<p>\u201cTess\u00e9k?! De h\u00e1t \u00e9n epem\u0171t\u00e9tre \u00e9rkeztem.\u201d K\u00e9s\u0151bb kider\u00fclt, hogy a k\u00f3rteremben velem szemben fekv\u0151 f\u00e9rfi vezet\u00e9kneve is Kov\u00e1cs volt, akit&#8230; <span class=\"gridview-grid-post-read-more\"><a href=\"https:\/\/matrend.hu\/maitrend\/?p=2315\">read more<span class=\"gridview-sr-only\"> Epem\u0171t\u00e9t helyett<\/span><\/a><\/span><\/p>\n","protected":false},"author":1,"featured_media":2316,"comment_status":"open","ping_status":"open","sticky":false,"template":"","format":"standard","meta":{"footnotes":""},"categories":[1],"tags":[],"class_list":["post-2315","post","type-post","status-publish","format-standard","has-post-thumbnail","hentry","category-egyeb","wpcat-1-id"],"_links":{"self":[{"href":"https:\/\/matrend.hu\/maitrend\/index.php?rest_route=\/wp\/v2\/posts\/2315","targetHints":{"allow":["GET"]}}],"collection":[{"href":"https:\/\/matrend.hu\/maitrend\/index.php?rest_route=\/wp\/v2\/posts"}],"about":[{"href":"https:\/\/matrend.hu\/maitrend\/index.php?rest_route=\/wp\/v2\/types\/post"}],"author":[{"embeddable":true,"href":"https:\/\/matrend.hu\/maitrend\/index.php?rest_route=\/wp\/v2\/users\/1"}],"replies":[{"embeddable":true,"href":"https:\/\/matrend.hu\/maitrend\/index.php?rest_route=%2Fwp%2Fv2%2Fcomments&post=2315"}],"version-history":[{"count":1,"href":"https:\/\/matrend.hu\/maitrend\/index.php?rest_route=\/wp\/v2\/posts\/2315\/revisions"}],"predecessor-version":[{"id":2317,"href":"https:\/\/matrend.hu\/maitrend\/index.php?rest_route=\/wp\/v2\/posts\/2315\/revisions\/2317"}],"wp:featuredmedia":[{"embeddable":true,"href":"https:\/\/matrend.hu\/maitrend\/index.php?rest_route=\/wp\/v2\/media\/2316"}],"wp:attachment":[{"href":"https:\/\/matrend.hu\/maitrend\/index.php?rest_route=%2Fwp%2Fv2%2Fmedia&parent=2315"}],"wp:term":[{"taxonomy":"category","embeddable":true,"href":"https:\/\/matrend.hu\/maitrend\/index.php?rest_route=%2Fwp%2Fv2%2Fcategories&post=2315"},{"taxonomy":"post_tag","embeddable":true,"href":"https:\/\/matrend.hu\/maitrend\/index.php?rest_route=%2Fwp%2Fv2%2Ftags&post=2315"}],"curies":[{"name":"wp","href":"https:\/\/api.w.org\/{rel}","templated":true}]}}