{"id":2318,"date":"2025-06-05T19:58:33","date_gmt":"2025-06-05T17:58:33","guid":{"rendered":"https:\/\/matrend.hu\/maitrend\/?p=2318"},"modified":"2025-06-05T19:58:33","modified_gmt":"2025-06-05T17:58:33","slug":"gyorssegelyt-nyujt-a-kormany-minden-nyugdijasnak","status":"publish","type":"post","link":"https:\/\/matrend.hu\/maitrend\/?p=2318","title":{"rendered":"Gyorsseg\u00e9lyt ny\u00fajt a korm\u00e1ny minden nyugd\u00edjasnak!"},"content":{"rendered":"<h3>\u00dajabb harminc term\u00e9k \u2013 ez\u00fattal h\u00e1ztart\u00e1si eszk\u00f6z\u00f6k, p\u00e9ld\u00e1ul tiszt\u00edt\u00f3szerek, higi\u00e9niai szerek, kozmetikumok \u2013 ker\u00fclhet a szab\u00e1lyoz\u00e1s al\u00e1. Ezeket a cikkeket sok csal\u00e1d napi szinten haszn\u00e1lja, \u00edgy a tervezett beavatkoz\u00e1s \u00fajabb frontot nyit az infl\u00e1ci\u00f3 elleni k\u00fczdelemben.<br \/>\nNemcsak utalv\u00e1nyban gondolkodik a korm\u00e1ny: ha az \u00e9v v\u00e9gi infl\u00e1ci\u00f3 magasabb lesz, mint amit kor\u00e1bban v\u00e1rtak, automatikus nyugd\u00edjkorrekci\u00f3 j\u00f6n novemberben. A hivatalos el\u0151rejelz\u00e9sek szerint a k\u00fcl\u00f6nbs\u00e9g 2,3 sz\u00e1zal\u00e9k k\u00f6r\u00fcl lehet, ami az \u00e1tlagnyugd\u00edjas sz\u00e1m\u00e1ra havi 5600 forintos emel\u00e9st, \u00e9ves szinten pedig k\u00f6zel 61 ezer forintos t\u00f6bbletet jelenthet. AZ utalv\u00e1nyok \u00e9rt\u00e9ke pedig el\u0151rel\u00e1that\u00f3lag 30 ezer forint lesz.<\/h3>\n<p>VIA tudasfaja<\/p>\n<p>&#8211;<\/p>\n<p>A Honda Civic azonnal felismerhet\u0151 sziluettje semmivel sem hasonl\u00edthat\u00f3 \u00f6ssze ebben a kateg\u00f3ri\u00e1ban. Az ultramodern diz\u00e1jn nem mindenkinek fog tetszeni, de azoknak ide\u00e1lis, akik szeretn\u00e9nek kit\u0171nni a t\u00f6megb\u0151l. A bels\u0151 t\u00e9r szint\u00e9n forradalmi, a digit\u00e1lis, h\u00e1tt\u00e9rvil\u00e1g\u00edt\u00e1sos kijelz\u0151k \u00edvesen \u00f6lelik k\u00f6r\u00fcl a vezet\u0151t. Ugyan n\u00e9h\u00e1ny m\u0171anyag fel\u00fclet kem\u00e9ny tapint\u00e1s\u00fa, az elrendez\u00e9s k\u00f6nnyen \u00e1tl\u00e1that\u00f3, \u00e9s az \u00f6sszeszerel\u00e9si min\u0151s\u00e9g hossz\u00fa t\u00e1von is megb\u00edzhat\u00f3nak t\u0171nik.<\/p>\n<p>B\u00e1r nincs kombi v\u00e1ltozat, az alap hatchback annyira t\u00e1gas \u00e9s sokoldal\u00fa, hogy nem is igaz\u00e1n hi\u00e1nyzik. Az olyan apr\u00f3s\u00e1gok, mint a hatalmas keszty\u0171tart\u00f3 \u00e9s ajt\u00f3zsebek hasznos t\u00e1rol\u00f3helyet biztos\u00edtanak, m\u00edg a 485 literes csomagtart\u00f3 messze meghaladja a kateg\u00f3ria \u00e1tlag\u00e1t. A csomagtart\u00f3 padl\u00f3ja alatt is van egy t\u00e1gas rekesz, a h\u00e1ts\u00f3 \u00fcl\u00e9sek teljesen s\u00edkba hajthat\u00f3k, vagy fel is hajthat\u00f3k, \u00edgy m\u00e9g t\u00f6bb helyet szabad\u00edthatunk fel. A hatalmas rakt\u00e9r \u00e1ra azonban a h\u00e1ts\u00f3 r\u00e9sz komfortj\u00e1ban mutatkozik meg: a h\u00e1ts\u00f3 ajt\u00f3k sz\u0171kek, a fej- \u00e9s l\u00e1bt\u00e9r korl\u00e1tozott, a felt\u0171n\u0151 h\u00e1ts\u00f3 l\u00e9gterel\u0151 pedig jelent\u0151sen rontja a kil\u00e1t\u00e1st tolat\u00e1s k\u00f6zben.<\/p>\n<p>A Honda Jap\u00e1n egyik legnagyobb t\u00f6r\u00e9steszt-k\u00f6zpontj\u00e1val rendelkezik, \u00e9s a Civic \u00f6tcsillagos Euro NCAP \u00e9rt\u00e9kel\u00e9st kapott. Minden modell alapfelszerelts\u00e9gk\u00e9nt k\u00edn\u00e1l hat l\u00e9gzs\u00e1kot, Isofix gyermek\u00fcl\u00e9s-r\u00f6gz\u00edt\u00e9si pontokat \u00e9s menetstabiliz\u00e1l\u00f3t (ESP). A Civic kezdet\u00e9n volt n\u00e9h\u00e1ny visszah\u00edv\u00e1s \u2013 p\u00e9ld\u00e1ul a k\u00e9zif\u00e9k \u00e9s a motorvez\u00e9rl\u00e9s miatt \u2013, de ezeket gyorsan orvosolt\u00e1k. A Honda emellett kiv\u00e1l\u00f3 \u00fcgyf\u00e9lszolg\u00e1lat\u00e1r\u00f3l is ismert, \u00edgy ha b\u00e1rmi probl\u00e9ma ad\u00f3dna, sz\u00e1m\u00edthatunk a gy\u00e1rt\u00f3 t\u00e1mogat\u00e1s\u00e1ra.<\/p>\n","protected":false},"excerpt":{"rendered":"<p>\u00dajabb harminc term\u00e9k \u2013 ez\u00fattal h\u00e1ztart\u00e1si eszk\u00f6z\u00f6k, p\u00e9ld\u00e1ul tiszt\u00edt\u00f3szerek, higi\u00e9niai szerek, kozmetikumok \u2013 ker\u00fclhet a szab\u00e1lyoz\u00e1s al\u00e1. Ezeket a cikkeket&#8230; <span class=\"gridview-grid-post-read-more\"><a href=\"https:\/\/matrend.hu\/maitrend\/?p=2318\">read more<span class=\"gridview-sr-only\"> Gyorsseg\u00e9lyt ny\u00fajt a korm\u00e1ny minden nyugd\u00edjasnak!<\/span><\/a><\/span><\/p>\n","protected":false},"author":1,"featured_media":2319,"comment_status":"open","ping_status":"open","sticky":false,"template":"","format":"standard","meta":{"footnotes":""},"categories":[1],"tags":[],"class_list":["post-2318","post","type-post","status-publish","format-standard","has-post-thumbnail","hentry","category-egyeb","wpcat-1-id"],"_links":{"self":[{"href":"https:\/\/matrend.hu\/maitrend\/index.php?rest_route=\/wp\/v2\/posts\/2318","targetHints":{"allow":["GET"]}}],"collection":[{"href":"https:\/\/matrend.hu\/maitrend\/index.php?rest_route=\/wp\/v2\/posts"}],"about":[{"href":"https:\/\/matrend.hu\/maitrend\/index.php?rest_route=\/wp\/v2\/types\/post"}],"author":[{"embeddable":true,"href":"https:\/\/matrend.hu\/maitrend\/index.php?rest_route=\/wp\/v2\/users\/1"}],"replies":[{"embeddable":true,"href":"https:\/\/matrend.hu\/maitrend\/index.php?rest_route=%2Fwp%2Fv2%2Fcomments&post=2318"}],"version-history":[{"count":1,"href":"https:\/\/matrend.hu\/maitrend\/index.php?rest_route=\/wp\/v2\/posts\/2318\/revisions"}],"predecessor-version":[{"id":2320,"href":"https:\/\/matrend.hu\/maitrend\/index.php?rest_route=\/wp\/v2\/posts\/2318\/revisions\/2320"}],"wp:featuredmedia":[{"embeddable":true,"href":"https:\/\/matrend.hu\/maitrend\/index.php?rest_route=\/wp\/v2\/media\/2319"}],"wp:attachment":[{"href":"https:\/\/matrend.hu\/maitrend\/index.php?rest_route=%2Fwp%2Fv2%2Fmedia&parent=2318"}],"wp:term":[{"taxonomy":"category","embeddable":true,"href":"https:\/\/matrend.hu\/maitrend\/index.php?rest_route=%2Fwp%2Fv2%2Fcategories&post=2318"},{"taxonomy":"post_tag","embeddable":true,"href":"https:\/\/matrend.hu\/maitrend\/index.php?rest_route=%2Fwp%2Fv2%2Ftags&post=2318"}],"curies":[{"name":"wp","href":"https:\/\/api.w.org\/{rel}","templated":true}]}}