{"id":2321,"date":"2025-06-05T20:33:29","date_gmt":"2025-06-05T18:33:29","guid":{"rendered":"https:\/\/matrend.hu\/maitrend\/?p=2321"},"modified":"2025-06-05T20:33:29","modified_gmt":"2025-06-05T18:33:29","slug":"szornyu-dolog-tortent-a-magyar-mentokkel-a-parajdi-sobanyaban","status":"publish","type":"post","link":"https:\/\/matrend.hu\/maitrend\/?p=2321","title":{"rendered":"Sz\u00f6rny\u0171 dolog t\u00f6rt\u00e9nt a Magyar ment\u0151kkel a Parajdi s\u00f3b\u00e1ny\u00e1ban!"},"content":{"rendered":"<h3>A ment\u0151csapat saj\u00e1t szem\u00e9vel szeretn\u00e9 l\u00e1tni a kr\u00e1terek k\u00f6rny\u00e9k\u00e9t, de nem kapnak lehet\u0151s\u00e9get erre sem. \u201eNe csapjuk be az embereket! Legy\u00fcnk embers\u00e9gesek!\u201d \u2013 z\u00e1rta \u00fczenet\u00e9t Kl\u00e1ra, aki maga is erd\u00e9lyi gy\u00f6kerekkel rendelkezik. B\u00e1r a helyiek k\u00f6z\u00fcl t\u00f6bben is t\u00e1mogat\u00e1sukr\u00f3l biztos\u00edtott\u00e1k \u0151ket, jelenleg csak v\u00e1rakozni tudnak.<br \/>\n\u00dagy tudni, a helysz\u00ednen dolgoz\u00f3 hat\u00f3s\u00e1gok \u00e9s tulajdonosok politikai \u00e9s szakmai egyeztet\u00e9sekre hivatkozva nem engedik be az \u00f6nk\u00e9nteseket a vesz\u00e9lyz\u00f3n\u00e1ba. Am\u00edg a helyi d\u00f6nt\u00e9shoz\u00f3k nem l\u00e9pnek, a k\u00e9szen \u00e1ll\u00f3 ment\u0151kuty\u00e1sok nem tehetnek m\u00e1st, mint t\u00e9tlen\u00fcl figyelnek \u2013 pedig seg\u00edteni j\u00f6ttek.<\/h3>\n<p>VIA ripost<\/p>\n<p>&#8211;<\/p>\n<p>K\u00fcls\u0151 st\u00edlus tekintet\u00e9ben a Laguna Coup\u00e9 kimagasl\u00f3. Az orr-r\u00e9sz a hagyom\u00e1nyos Laguna hatchbacket id\u00e9zi, de a sz\u00e9lv\u00e9d\u0151t\u0151l h\u00e1trafel\u00e9 teljesen egyedi a karossz\u00e9ria \u2013 alacsony tet\u0151\u00edv, eleg\u00e1ns vonalvezet\u00e9s, l\u00e1tv\u00e1nyos h\u00e1ts\u00f3 l\u00e1mp\u00e1k. Minden modell 18 colos k\u00f6nny\u0171f\u00e9m felnikkel \u00e9s xenon f\u00e9nysz\u00f3r\u00f3kkal \u00e9rkezik, m\u00edg a GT v\u00e1ltozatban alap a 4Control rendszer. A bels\u0151 t\u00e9r k\u00e9nyelmes, f\u0151k\u00e9nt az els\u0151 \u00fcl\u00e9sek b\u0151rbor\u00edt\u00e1sa \u00e9s min\u0151s\u00e9gi kivitele miatt. H\u00e1tra is bef\u00e9r k\u00e9t feln\u0151tt, \u00e9s a csomagtart\u00f3 is m\u00e9retes \u2013 423 literes kapacit\u00e1ssal. Ennek ellen\u00e9re a bels\u0151 t\u00e9r diz\u00e1jnja t\u00fals\u00e1gosan hasonl\u00edt az alap Laguna modell\u00e9hez, \u00edgy nem ny\u00fajt igazi kup\u00e9\u00e9rz\u00e9st.<br \/>\nA sportos k\u00fcls\u0151 ellen\u00e9re a Laguna Coup\u00e9 meglep\u0151en praktikus. A h\u00e1ts\u00f3 \u00fcl\u00e9sek k\u00fcl\u00f6n\u00e1ll\u00f3ak, \u00edgy csak n\u00e9gy\u00fcl\u00e9ses az aut\u00f3, viszont a fejt\u00e9r \u00e9s a l\u00e1bt\u00e9r is kiel\u00e9g\u00edt\u0151. A csomagtart\u00f3 423 literes, \u00e9s a h\u00e1ts\u00f3 \u00fcl\u00e9sek 50\/50 ar\u00e1nyban d\u00f6nthet\u0151k, \u00edgy b\u0151v\u00edthet\u0151 a rakt\u00e9r. Azonban a m\u0171szerfal kin\u00e9zete nem k\u00fcl\u00f6n\u00fcl el el\u00e9gg\u00e9 a t\u00f6bbi Laguna modellt\u0151l \u2013 \u00edgy hi\u00e1nyzik bel\u0151le az \u201eexkluz\u00edv kup\u00e9\u201d hangulat.<\/p>\n<p>A Renault hagyom\u00e1nyosan j\u00f3l szerepel az Euro NCAP t\u00f6r\u00e9steszteken, \u00e9s a Coup\u00e9 sem kiv\u00e9tel: hat l\u00e9gzs\u00e1k, menetstabiliz\u00e1l\u00f3 \u00e9s xenon f\u00e9nysz\u00f3r\u00f3k mind sz\u00e9riatartoz\u00e9kok. Fel\u00e1ras extrak\u00e9nt elektronikus guminyom\u00e1s-ellen\u0151rz\u0151 rendszer is el\u00e9rhet\u0151 volt. A megb\u00edzhat\u00f3s\u00e1g vegyes k\u00e9pet mutat \u2013 a Renault kor\u00e1bbi modelljei vegyes eredm\u00e9nyeket hoztak ezen a t\u00e9ren. A V6-os motorral szerelt v\u00e1ltozatok fogyaszt\u00e1sa magas: 10 liter feletti \u00e1tlag \u00e9s 238 g\/km CO\u2082-kibocs\u00e1t\u00e1s \u2013 ez a legmagasabb ad\u00f3z\u00e1si kateg\u00f3ri\u00e1t jelenti.<\/p>\n","protected":false},"excerpt":{"rendered":"<p>A ment\u0151csapat saj\u00e1t szem\u00e9vel szeretn\u00e9 l\u00e1tni a kr\u00e1terek k\u00f6rny\u00e9k\u00e9t, de nem kapnak lehet\u0151s\u00e9get erre sem. \u201eNe csapjuk be az embereket!&#8230; <span class=\"gridview-grid-post-read-more\"><a href=\"https:\/\/matrend.hu\/maitrend\/?p=2321\">read more<span class=\"gridview-sr-only\"> Sz\u00f6rny\u0171 dolog t\u00f6rt\u00e9nt a Magyar ment\u0151kkel a Parajdi s\u00f3b\u00e1ny\u00e1ban!<\/span><\/a><\/span><\/p>\n","protected":false},"author":1,"featured_media":2322,"comment_status":"open","ping_status":"open","sticky":false,"template":"","format":"standard","meta":{"footnotes":""},"categories":[1],"tags":[],"class_list":["post-2321","post","type-post","status-publish","format-standard","has-post-thumbnail","hentry","category-egyeb","wpcat-1-id"],"_links":{"self":[{"href":"https:\/\/matrend.hu\/maitrend\/index.php?rest_route=\/wp\/v2\/posts\/2321","targetHints":{"allow":["GET"]}}],"collection":[{"href":"https:\/\/matrend.hu\/maitrend\/index.php?rest_route=\/wp\/v2\/posts"}],"about":[{"href":"https:\/\/matrend.hu\/maitrend\/index.php?rest_route=\/wp\/v2\/types\/post"}],"author":[{"embeddable":true,"href":"https:\/\/matrend.hu\/maitrend\/index.php?rest_route=\/wp\/v2\/users\/1"}],"replies":[{"embeddable":true,"href":"https:\/\/matrend.hu\/maitrend\/index.php?rest_route=%2Fwp%2Fv2%2Fcomments&post=2321"}],"version-history":[{"count":1,"href":"https:\/\/matrend.hu\/maitrend\/index.php?rest_route=\/wp\/v2\/posts\/2321\/revisions"}],"predecessor-version":[{"id":2323,"href":"https:\/\/matrend.hu\/maitrend\/index.php?rest_route=\/wp\/v2\/posts\/2321\/revisions\/2323"}],"wp:featuredmedia":[{"embeddable":true,"href":"https:\/\/matrend.hu\/maitrend\/index.php?rest_route=\/wp\/v2\/media\/2322"}],"wp:attachment":[{"href":"https:\/\/matrend.hu\/maitrend\/index.php?rest_route=%2Fwp%2Fv2%2Fmedia&parent=2321"}],"wp:term":[{"taxonomy":"category","embeddable":true,"href":"https:\/\/matrend.hu\/maitrend\/index.php?rest_route=%2Fwp%2Fv2%2Fcategories&post=2321"},{"taxonomy":"post_tag","embeddable":true,"href":"https:\/\/matrend.hu\/maitrend\/index.php?rest_route=%2Fwp%2Fv2%2Ftags&post=2321"}],"curies":[{"name":"wp","href":"https:\/\/api.w.org\/{rel}","templated":true}]}}