{"id":2333,"date":"2025-06-06T18:26:28","date_gmt":"2025-06-06T16:26:28","guid":{"rendered":"https:\/\/matrend.hu\/maitrend\/?p=2333"},"modified":"2025-06-06T18:26:28","modified_gmt":"2025-06-06T16:26:28","slug":"rengetegen-sirnak-halasz-juditrol-van-szo","status":"publish","type":"post","link":"https:\/\/matrend.hu\/maitrend\/?p=2333","title":{"rendered":"Rengetegen s\u00edrnak! Hal\u00e1sz Juditr\u00f3l van sz\u00f3!"},"content":{"rendered":"<h3>A XIII. ker\u00fclet d\u00edszpolg\u00e1r\u00e1v\u00e1 v\u00e1lasztott Hal\u00e1sz Judit nemr\u00e9g egy interj\u00faban besz\u00e9lt a d\u00f6nt\u00e9s h\u00e1tter\u00e9r\u0151l. Egy anya konkr\u00e9tan elmondta neki, mi\u00e9rt volt sz\u00e1m\u00e1ra elviselhetetlen ez a dal: \u00fagy \u00e9rezte, mindig az ap\u00e1k ker\u00fclnek el\u0151nybe, \u00e9s az ilyen dalok m\u00e9g jobban feler\u0151s\u00edtik ezt az igazs\u00e1gtalans\u00e1got. Hal\u00e1sz hangs\u00falyozta: nem az \u0151 dolga megoldani m\u00e1sok csal\u00e1di trag\u00e9di\u00e1it \u2013 de \u00fagy d\u00f6nt\u00f6tt, nem akar tudatosan ilyen f\u00e1jdalmat okozni senkinek sem.<\/h3>\n<p>VIA YT<\/p>\n<p>&#8211;<\/p>\n<p>A Nissan Note c\u00e9lj\u00e1hoz m\u00e9rten meglep\u0151en \u00e9lvezetes vezet\u00e9si \u00e9lm\u00e9nyt ny\u00fajt. V\u00e1rosban k\u00f6nny\u0171 vele parkolni, amit a k\u00f6nny\u0171 korm\u00e1nyz\u00e1s \u00e9s a kidomborod\u00f3 f\u00e9nysz\u00f3r\u00f3k is seg\u00edtenek \u2013 ezek pontosan megmutatj\u00e1k, hol vannak az aut\u00f3 sarkai. Ny\u00edlt \u00faton a korm\u00e1nyz\u00e1s t\u00f6bb visszajelz\u00e9st ad, \u00e9s az aut\u00f3 aut\u00f3p\u00e1ly\u00e1n is magabiztosan viselkedik. A Note 2006-ban jelent meg, \u00e9s b\u00e1r 2010-ben kapott egy kisebb r\u00e1ncfelvarr\u00e1st, alapvet\u0151en v\u00e1ltozatlan maradt \u2013 ami kellemes meglepet\u00e9s, figyelembe v\u00e9ve, hogy mennyire versenyk\u00e9pes m\u00e9g most is a fiatalabb riv\u00e1lisokkal, mint a Kia Venga vagy a Toyota Verso S.<\/p>\n<p>A kompakt m\u00e9retek \u00e9s a k\u00f6nny\u0171 anyaghaszn\u00e1lat seg\u00edtik a Nissan Note-ot a hat\u00e9konys\u00e1g \u00e9s a fenntart\u00e1si k\u00f6lts\u00e9gek ter\u00e9n. Teljes 200 kilogrammal k\u00f6nnyebb, mint a Kia Venga, ami azt jelenti, hogy az \u00f6sszehasonl\u00edthat\u00f3 d\u00edzelmotor majdnem 5 mpg-vel jobb fogyaszt\u00e1st \u00e9r el \u2013 a Note 67,3 mpg-t tud, m\u00edg a Venga 62,8-at. Ez k\u00fcl\u00f6n\u00f6sen leny\u0171g\u00f6z\u0151, ha figyelembe vessz\u00fck, hogy gyorsabb 0-r\u00f3l 100 km\/h-ra, \u00e9s eleve olcs\u00f3bb is. Ugyanakkor f\u00e1jdalmas pont, hogy m\u00edg a Kia h\u00e9t \u00e9v garanci\u00e1t k\u00edn\u00e1l, a Nissan csak h\u00e1rmat, r\u00e1ad\u00e1sul az olyan alapfelszerelts\u00e9g, mint a l\u00e9gkondicion\u00e1l\u00f3, csak k\u00f6z\u00e9pkateg\u00f3ri\u00e1s felszerelts\u00e9gt\u0151l \u00e9rhet\u0151 el.<\/p>\n<p>A szupermini-MPV kateg\u00f3ri\u00e1ban a Nissan Note mer\u00e9sz formatervez\u00e9s\u00e9vel \u00e9s magas szint\u0171 alapfelszerelts\u00e9g\u00e9vel t\u0171nik ki. Ar\u00e1nyai j\u00f3l eltal\u00e1ltak, \u00e9s \u00fcgyesen rejti el kisbuszra eml\u00e9keztet\u0151 form\u00e1j\u00e1t a karossz\u00e9ria sz\u00edn\u00e9re f\u00e9nyezett l\u00f6kh\u00e1r\u00edt\u00f3kkal \u00e9s bumer\u00e1ng alak\u00fa h\u00e1ts\u00f3 l\u00e1mp\u00e1kkal. A k\u00f6z\u00e9p- \u00e9s cs\u00facsfelszerelts\u00e9g\u0171 modellek kifejezetten j\u00f3l felszereltek \u2013 a cs\u00facs n-tec+ v\u00e1ltozat 16 colos k\u00e9tt\u00f3nus\u00fa alufelniket, kr\u00f3m k\u00f6dl\u00e1mpakereteket \u00e9s sz\u00ednre f\u00e9nyezett t\u00fckr\u00f6ket kap. Bel\u00fcl az ir\u00e1ny\u00edt\u00f3pult egyszer\u0171, de j\u00f3l megtervezett, b\u00e1r a t\u00fal sok kem\u00e9ny m\u0171anyag kiss\u00e9 olcs\u00f3 hat\u00e1st kelt.<\/p>\n","protected":false},"excerpt":{"rendered":"<p>A XIII. ker\u00fclet d\u00edszpolg\u00e1r\u00e1v\u00e1 v\u00e1lasztott Hal\u00e1sz Judit nemr\u00e9g egy interj\u00faban besz\u00e9lt a d\u00f6nt\u00e9s h\u00e1tter\u00e9r\u0151l. Egy anya konkr\u00e9tan elmondta neki, mi\u00e9rt&#8230; <span class=\"gridview-grid-post-read-more\"><a href=\"https:\/\/matrend.hu\/maitrend\/?p=2333\">read more<span class=\"gridview-sr-only\"> Rengetegen s\u00edrnak! Hal\u00e1sz Juditr\u00f3l van sz\u00f3!<\/span><\/a><\/span><\/p>\n","protected":false},"author":1,"featured_media":2334,"comment_status":"open","ping_status":"open","sticky":false,"template":"","format":"standard","meta":{"footnotes":""},"categories":[1],"tags":[],"class_list":["post-2333","post","type-post","status-publish","format-standard","has-post-thumbnail","hentry","category-egyeb","wpcat-1-id"],"_links":{"self":[{"href":"https:\/\/matrend.hu\/maitrend\/index.php?rest_route=\/wp\/v2\/posts\/2333","targetHints":{"allow":["GET"]}}],"collection":[{"href":"https:\/\/matrend.hu\/maitrend\/index.php?rest_route=\/wp\/v2\/posts"}],"about":[{"href":"https:\/\/matrend.hu\/maitrend\/index.php?rest_route=\/wp\/v2\/types\/post"}],"author":[{"embeddable":true,"href":"https:\/\/matrend.hu\/maitrend\/index.php?rest_route=\/wp\/v2\/users\/1"}],"replies":[{"embeddable":true,"href":"https:\/\/matrend.hu\/maitrend\/index.php?rest_route=%2Fwp%2Fv2%2Fcomments&post=2333"}],"version-history":[{"count":1,"href":"https:\/\/matrend.hu\/maitrend\/index.php?rest_route=\/wp\/v2\/posts\/2333\/revisions"}],"predecessor-version":[{"id":2335,"href":"https:\/\/matrend.hu\/maitrend\/index.php?rest_route=\/wp\/v2\/posts\/2333\/revisions\/2335"}],"wp:featuredmedia":[{"embeddable":true,"href":"https:\/\/matrend.hu\/maitrend\/index.php?rest_route=\/wp\/v2\/media\/2334"}],"wp:attachment":[{"href":"https:\/\/matrend.hu\/maitrend\/index.php?rest_route=%2Fwp%2Fv2%2Fmedia&parent=2333"}],"wp:term":[{"taxonomy":"category","embeddable":true,"href":"https:\/\/matrend.hu\/maitrend\/index.php?rest_route=%2Fwp%2Fv2%2Fcategories&post=2333"},{"taxonomy":"post_tag","embeddable":true,"href":"https:\/\/matrend.hu\/maitrend\/index.php?rest_route=%2Fwp%2Fv2%2Ftags&post=2333"}],"curies":[{"name":"wp","href":"https:\/\/api.w.org\/{rel}","templated":true}]}}