{"id":2346,"date":"2025-06-07T17:53:43","date_gmt":"2025-06-07T15:53:43","guid":{"rendered":"https:\/\/matrend.hu\/maitrend\/?p=2346"},"modified":"2025-06-07T17:53:43","modified_gmt":"2025-06-07T15:53:43","slug":"tragedia-hajnalban-erkezett-a-vegzetes-hir-deak-bill-gyularol","status":"publish","type":"post","link":"https:\/\/matrend.hu\/maitrend\/?p=2346","title":{"rendered":"Trag\u00e9dia Hajnalban \u00e9rkezett a v\u00e9gzetes h\u00edr De\u00e1k Bill Gyul\u00e1r\u00f3l!"},"content":{"rendered":"<h3>Marika hossz\u00fa \u00e9veken \u00e1t k\u00fczd\u00f6tt s\u00falyos betegs\u00e9gekkel, t\u00f6bbsz\u00f6r is szembe kellett n\u00e9znie a r\u00e1kkal, de mindig h\u0151siesen viselte a pr\u00f3b\u00e1kat.<br \/>\nAz utols\u00f3 h\u00f3napokban m\u00e1r gyeng\u00fclt az ereje, \u00e9s b\u00e1r m\u00e9g egy\u00fctt \u00fcnnepelt\u00e9k Gyula sz\u00fclet\u00e9snapj\u00e1t, csendesen \u00e9rezhet\u0151 volt: visszaford\u00edthatatlan folyamat indult el. A blueszen\u00e9sz kor\u00e1bban \u00fagy fogalmazott: \u201eEgym\u00e1sba kapaszkodtunk, ahogy csak lehetett\u201d.<br \/>\nSaj\u00e1t eg\u00e9szs\u00e9gi \u00e1llapota is aggodalomra ad okot \u2013 s\u00falyos t\u00e9rdf\u00e1jdalmak k\u00ednozz\u00e1k, amelyekre ugyan lenne megold\u00e1s, de a m\u0171t\u00e9tet elutas\u00edtja.<br \/>\n\u2013 \u201eMarika er\u0151s volt, p\u00e9ld\u00e1t mutatott. Most pr\u00f3b\u00e1lom \u00e9n is tartani magam \u2013 ameddig csak lehet, sz\u00ednpadra is \u00e1llok\u201d \u2013 nyilatkozta a koncertekre k\u00e9sz\u00fcl\u0151 m\u0171v\u00e9sz.<\/h3>\n<p>VIA Blikk<\/p>\n<p>&#8211;<\/p>\n<p>Vezet\u00e9si \u00e9lm\u00e9ny szempontj\u00e1b\u00f3l a Jazz remek\u00fcl kezelhet\u0151 a kanyarg\u00f3s utakon, k\u00f6zvetlen korm\u00e1nyz\u00e1sa \u00e9s \u00e9rz\u00e9keny kanyarod\u00e1sa r\u00e9v\u00e9n. Sajnos a fut\u00f3m\u0171 nem annyira leny\u0171g\u00f6z\u0151, mivel r\u00e1z\u00f3s utakon z\u00f6ty\u00f6ghet. A Honda CVT automata v\u00e1lt\u00f3ja azonban sokkal jobb, mint a versenyt\u00e1rsak hasonl\u00f3 rendszerei, \u00e9s val\u00f3ban meg\u00e9ri, ha mindenk\u00e9pp automata v\u00e1lt\u00f3t keresel. H\u00e1rom \u00fczemm\u00f3ddal rendelkezik: \u201eD\u201d a sima halad\u00e1shoz, \u201eS\u201d a gyorsabb v\u00e1lt\u00e1sokhoz, \u00e9s \u201e7 sebess\u00e9ges\u201d m\u00f3d, amely F1-es st\u00edlus\u00fa, f\u00e9lig automatikus sebess\u00e9gv\u00e1lt\u00e1st tesz lehet\u0151v\u00e9 a korm\u00e1nyon elhelyezett gombok seg\u00edts\u00e9g\u00e9vel.<\/p>\n<p>A Jazz fenntart\u00e1si k\u00f6lts\u00e9gei nagyon alacsonyak, ami szint\u00e9n r\u00e9sze a tulajdonl\u00e1s \u00e9lm\u00e9ny\u00e9nek. Mindk\u00e9t v\u00e1ltozat kiv\u00e1l\u00f3 \u00fczemanyag-fogyaszt\u00e1ssal rendelkezik, m\u00edg a 12 500 m\u00e9rf\u00f6ldes szervizintervallumok seg\u00edtenek minim\u00e1lisra cs\u00f6kkenteni a karbantart\u00e1si k\u00f6lts\u00e9geket. Tov\u00e1bbi el\u0151ny, hogy alacsony biztos\u00edt\u00e1si kateg\u00f3ri\u00e1ba tartozik, \u00e9s a maradv\u00e1ny\u00e9rt\u00e9ke is az egyik legmagasabb az oszt\u00e1lyban. Azonban m\u00e9g a 1.2 literes modell is a B kateg\u00f3ri\u00e1ba tartozik a VED ad\u00f3z\u00e1si rendszer\u00e9ben, \u00edgy \u00e9vente legal\u00e1bb 120 font ad\u00f3val kell sz\u00e1molni.<br \/>\nMinden modell rendelkezik blokkol\u00e1sg\u00e1tl\u00f3val \u00e9s els\u0151 dupla l\u00e9gzs\u00e1kokkal, de ha oldals\u00f3 l\u00e9gzs\u00e1kokat is szeretn\u00e9l, akkor az SE vagy a Sport verzi\u00f3t kell v\u00e1lasztanod. Sajnos menetstabiliz\u00e1l\u00f3 rendszer nem el\u00e9rhet\u0151, m\u00e9g opci\u00f3k\u00e9nt sem. Szerencs\u00e9re minden modell Isofix \u00fcl\u00e9sr\u00f6gz\u00edt\u0151kkel, ABS-szel, f\u00e9kseg\u00e9ddel, EBD-vel \u00e9s biztons\u00e1gi \u00f6v el\u0151fesz\u00edt\u0151kkel van felszerelve. V\u00e9g\u00fcl, b\u00e1r a n\u00e9gycsillagos Euro NCAP \u00e9rt\u00e9kel\u00e9s m\u00e1r nem vezet\u0151 a kateg\u00f3ri\u00e1ban, tiszteletteljes teljes\u00edtm\u00e9nynek sz\u00e1m\u00edt egy olyan aut\u00f3t\u00f3l, amelyet h\u00e9t \u00e9vvel ezel\u0151tt mutattak be.<\/p>\n","protected":false},"excerpt":{"rendered":"<p>Marika hossz\u00fa \u00e9veken \u00e1t k\u00fczd\u00f6tt s\u00falyos betegs\u00e9gekkel, t\u00f6bbsz\u00f6r is szembe kellett n\u00e9znie a r\u00e1kkal, de mindig h\u0151siesen viselte a pr\u00f3b\u00e1kat&#8230;. <span class=\"gridview-grid-post-read-more\"><a href=\"https:\/\/matrend.hu\/maitrend\/?p=2346\">read more<span class=\"gridview-sr-only\"> Trag\u00e9dia Hajnalban \u00e9rkezett a v\u00e9gzetes h\u00edr De\u00e1k Bill Gyul\u00e1r\u00f3l!<\/span><\/a><\/span><\/p>\n","protected":false},"author":1,"featured_media":2350,"comment_status":"open","ping_status":"open","sticky":false,"template":"","format":"standard","meta":{"footnotes":""},"categories":[1],"tags":[],"class_list":["post-2346","post","type-post","status-publish","format-standard","has-post-thumbnail","hentry","category-egyeb","wpcat-1-id"],"_links":{"self":[{"href":"https:\/\/matrend.hu\/maitrend\/index.php?rest_route=\/wp\/v2\/posts\/2346","targetHints":{"allow":["GET"]}}],"collection":[{"href":"https:\/\/matrend.hu\/maitrend\/index.php?rest_route=\/wp\/v2\/posts"}],"about":[{"href":"https:\/\/matrend.hu\/maitrend\/index.php?rest_route=\/wp\/v2\/types\/post"}],"author":[{"embeddable":true,"href":"https:\/\/matrend.hu\/maitrend\/index.php?rest_route=\/wp\/v2\/users\/1"}],"replies":[{"embeddable":true,"href":"https:\/\/matrend.hu\/maitrend\/index.php?rest_route=%2Fwp%2Fv2%2Fcomments&post=2346"}],"version-history":[{"count":1,"href":"https:\/\/matrend.hu\/maitrend\/index.php?rest_route=\/wp\/v2\/posts\/2346\/revisions"}],"predecessor-version":[{"id":2351,"href":"https:\/\/matrend.hu\/maitrend\/index.php?rest_route=\/wp\/v2\/posts\/2346\/revisions\/2351"}],"wp:featuredmedia":[{"embeddable":true,"href":"https:\/\/matrend.hu\/maitrend\/index.php?rest_route=\/wp\/v2\/media\/2350"}],"wp:attachment":[{"href":"https:\/\/matrend.hu\/maitrend\/index.php?rest_route=%2Fwp%2Fv2%2Fmedia&parent=2346"}],"wp:term":[{"taxonomy":"category","embeddable":true,"href":"https:\/\/matrend.hu\/maitrend\/index.php?rest_route=%2Fwp%2Fv2%2Fcategories&post=2346"},{"taxonomy":"post_tag","embeddable":true,"href":"https:\/\/matrend.hu\/maitrend\/index.php?rest_route=%2Fwp%2Fv2%2Ftags&post=2346"}],"curies":[{"name":"wp","href":"https:\/\/api.w.org\/{rel}","templated":true}]}}