{"id":2347,"date":"2025-06-07T17:51:19","date_gmt":"2025-06-07T15:51:19","guid":{"rendered":"https:\/\/matrend.hu\/maitrend\/?p=2347"},"modified":"2025-06-07T18:15:42","modified_gmt":"2025-06-07T16:15:42","slug":"parajdi-sobanya-miatt-van-minden","status":"publish","type":"post","link":"https:\/\/matrend.hu\/maitrend\/?p=2347","title":{"rendered":"Parajdi s\u00f3b\u00e1nya miatt van minden"},"content":{"rendered":"<h3>A miniszter k\u00f6zl\u00e9se szerint jelenleg is zajlik a forr\u00e1sok felkutat\u00e1sa a Kis-K\u00fck\u00fcll\u0151 viz\u00e9nek s\u00f3talan\u00edt\u00e1s\u00e1ra, hogy a v\u00e9szhelyzeti \u00e1llapot al\u00e1 vont ter\u00fcleteken \u2013 mintegy 40 ezer ember sz\u00e1m\u00e1ra \u2013 ism\u00e9t el\u00e9rhet\u0151v\u00e9 v\u00e1ljon az iv\u00f3v\u00edz.<\/h3>\n<p>Forr\u00e1s: MSN \/ FB \/ PRRO<\/p>\n<p>&#8211;<\/p>\n<p>Menet k\u00f6zben a DB12 V8-asa igaz\u00e1n semmiben sem szenved hi\u00e1nyt \u2013 sem nyers teljes\u00edtm\u00e9nyben, sem k\u00f6z\u00e9ptartom\u00e1nybeli reakci\u00f3kban, sem hang\u00e9lm\u00e9nyben. A kiemelked\u0151 teljes\u00edtm\u00e9ny mellett a r\u00f6videbb v\u00e9g\u00e1tt\u00e9tel is hozz\u00e1j\u00e1rul ahhoz, hogy az aut\u00f3 j\u00f3val \u00e9l\u00e9nkebbnek \u00e9s gyorsabbnak \u00e9rz\u0151dik, mint el\u0151dje valaha is volt \u2013 mik\u00f6zben m\u00e9g mindig l\u00e9lekkel teli \u00e9s kifinomultabb, mint egy nyers, p\u00f6rg\u0151s Ferrari V8-as.<\/p>\n<p>Aston Martin k\u00f6zpontja, Gaydon, nagyon \u00fcgyesen teremtett ebben az aut\u00f3ban t\u00f6bb energi\u00e1t, gyorsas\u00e1got \u00e9s dinamizmust an\u00e9lk\u00fcl, hogy t\u00falzottan feszesnek vagy kev\u00e9sb\u00e9 alkalmasnak \u00e9rezn\u00e9nk hossz\u00fa t\u00e1v\u00fa utaz\u00e1sokra. A v\u00e1lt\u00f3 GT m\u00f3dban finoman kapcsol, Sport \u00e9s Sport+ \u00e1ll\u00e1sban pedig gyorsabban, hosszabb ideig tartva az als\u00f3bb fokozatokat \u2013 de mindezt \u00fagy, hogy nem dolgozza t\u00fal a h\u00e1ts\u00f3 akt\u00edv differenci\u00e1lm\u0171vet, \u00e9s nem teszi t\u00fals\u00e1gosan idegess\u00e9 az aut\u00f3 viselked\u00e9s\u00e9t. M\u00e9g cs\u00fasz\u00f3s k\u00f6r\u00fclm\u00e9nyek k\u00f6z\u00f6tt is kiv\u00e1l\u00f3 marad az aut\u00f3 stabilit\u00e1sa \u00e9s nyugalma.<\/p>\n<p>Az alapfelszerelts\u00e9ghez vas f\u00e9kt\u00e1rcs\u00e1k tartoznak, de rendelhet\u0151 hozz\u00e1 karbon-ker\u00e1mia rendszer is \u2013 tesztaut\u00f3nk, a Coup\u00e9, ilyeneket kapott. Ezek a f\u00e9kek ig\u00e9nylik, hogy komolyabban r\u00e1l\u00e9pj\u00fcnk a ped\u00e1lra kanyar el\u0151tt \u00e9s meg\u00e1ll\u00e1skor is, de cser\u00e9be er\u0151teljes f\u00e9khat\u00e1st biztos\u00edtanak, \u00e9s nagyobb sebess\u00e9gn\u00e9l is j\u00f3l adagolhat\u00f3k.<\/p>\n<p>\u00c9s amikor padl\u00f3ig nyomod a g\u00e1zt, az aut\u00f3 sz\u00f3 szerint h\u00e1tral\u00f6k. \u00dajra kell kalibr\u00e1lnod az \u00e9rz\u00e9keidet, annyira m\u00e1s a DB12 dinamizmusa a DB11-hez k\u00e9pest \u2013 mindenhol gyorsabb \u00e9s hat\u00e9konyabb. Az agyadnak id\u0151 kell, hogy felfogja: egy teljesen \u00faj szintre l\u00e9pt\u00e9l.<\/p>\n","protected":false},"excerpt":{"rendered":"<p>A miniszter k\u00f6zl\u00e9se szerint jelenleg is zajlik a forr\u00e1sok felkutat\u00e1sa a Kis-K\u00fck\u00fcll\u0151 viz\u00e9nek s\u00f3talan\u00edt\u00e1s\u00e1ra, hogy a v\u00e9szhelyzeti \u00e1llapot al\u00e1 vont&#8230; <span class=\"gridview-grid-post-read-more\"><a href=\"https:\/\/matrend.hu\/maitrend\/?p=2347\">read more<span class=\"gridview-sr-only\"> Parajdi s\u00f3b\u00e1nya miatt van minden<\/span><\/a><\/span><\/p>\n","protected":false},"author":1,"featured_media":2352,"comment_status":"open","ping_status":"open","sticky":false,"template":"","format":"standard","meta":{"footnotes":""},"categories":[1],"tags":[],"class_list":["post-2347","post","type-post","status-publish","format-standard","has-post-thumbnail","hentry","category-egyeb","wpcat-1-id"],"_links":{"self":[{"href":"https:\/\/matrend.hu\/maitrend\/index.php?rest_route=\/wp\/v2\/posts\/2347","targetHints":{"allow":["GET"]}}],"collection":[{"href":"https:\/\/matrend.hu\/maitrend\/index.php?rest_route=\/wp\/v2\/posts"}],"about":[{"href":"https:\/\/matrend.hu\/maitrend\/index.php?rest_route=\/wp\/v2\/types\/post"}],"author":[{"embeddable":true,"href":"https:\/\/matrend.hu\/maitrend\/index.php?rest_route=\/wp\/v2\/users\/1"}],"replies":[{"embeddable":true,"href":"https:\/\/matrend.hu\/maitrend\/index.php?rest_route=%2Fwp%2Fv2%2Fcomments&post=2347"}],"version-history":[{"count":2,"href":"https:\/\/matrend.hu\/maitrend\/index.php?rest_route=\/wp\/v2\/posts\/2347\/revisions"}],"predecessor-version":[{"id":2353,"href":"https:\/\/matrend.hu\/maitrend\/index.php?rest_route=\/wp\/v2\/posts\/2347\/revisions\/2353"}],"wp:featuredmedia":[{"embeddable":true,"href":"https:\/\/matrend.hu\/maitrend\/index.php?rest_route=\/wp\/v2\/media\/2352"}],"wp:attachment":[{"href":"https:\/\/matrend.hu\/maitrend\/index.php?rest_route=%2Fwp%2Fv2%2Fmedia&parent=2347"}],"wp:term":[{"taxonomy":"category","embeddable":true,"href":"https:\/\/matrend.hu\/maitrend\/index.php?rest_route=%2Fwp%2Fv2%2Fcategories&post=2347"},{"taxonomy":"post_tag","embeddable":true,"href":"https:\/\/matrend.hu\/maitrend\/index.php?rest_route=%2Fwp%2Fv2%2Ftags&post=2347"}],"curies":[{"name":"wp","href":"https:\/\/api.w.org\/{rel}","templated":true}]}}