{"id":2354,"date":"2025-06-07T19:47:18","date_gmt":"2025-06-07T17:47:18","guid":{"rendered":"https:\/\/matrend.hu\/maitrend\/?p=2354"},"modified":"2025-06-07T19:47:22","modified_gmt":"2025-06-07T17:47:22","slug":"kiderult-hogy-valojaban-ki-gyujtotta-fel-a-ttokos-not","status":"publish","type":"post","link":"https:\/\/matrend.hu\/maitrend\/?p=2354","title":{"rendered":"Kider\u00fclt, hogy val\u00f3j\u00e1ban ki gy\u00fajtotta fel a TTokos n\u0151t!"},"content":{"rendered":"<h3>Szak\u00e9rt\u0151: \u201eIll\u00fazi\u00f3, hogy ezek a kih\u00edv\u00e1sok k\u00f6vetkezm\u00e9nyek n\u00e9lk\u00fcl maradnak\u201d<br \/>\nKitanics Tam\u00e1s krimin\u00e1lpszichol\u00f3gus szerint a hasonl\u00f3 esetek r\u00e1vil\u00e1g\u00edtanak arra, milyen vesz\u00e9lyes pszichol\u00f3giai nyom\u00e1s al\u00e1 ker\u00fclhetnek egyesek a k\u00f6z\u00f6ss\u00e9gi m\u00e9di\u00e1ban. A r\u00e9sztvev\u0151k gyakran azt hiszik, kontroll alatt tartj\u00e1k a helyzetet, \u00e9s hogy csak &#8222;j\u00e1t\u00e9kr\u00f3l&#8221; van sz\u00f3, mik\u00f6zben val\u00f3j\u00e1ban \u00e9letvesz\u00e9lyes kih\u00edv\u00e1sokba sodr\u00f3dnak.<br \/>\nA szak\u00e9rt\u0151 szerint \u00edgy val\u00f3j\u00e1ban nem kiz\u00e1r\u00f3lag \u0150 volt a hib\u00e1s, hanem aki usz\u00edtotta, \u00e1tvitt \u00e9rtelemben \u0150 gy\u00fajtotta fel.<br \/>\nHol a hat\u00e1r j\u00e1t\u00e9k \u00e9s b\u0171ncselekm\u00e9ny k\u00f6z\u00f6tt?<\/h3>\n<p>VIA origo<\/p>\n<p>&#8211;<\/p>\n<p>A modell 2003-as bemutat\u00e1sa \u00f3ta sz\u00e1mos kisebb friss\u00edt\u00e9sen esett \u00e1t, a legut\u00f3bbi 2008 tavasz\u00e1n t\u00f6rt\u00e9nt. Ez \u00e1tdolgozta a felszerelts\u00e9gi szinteket, jav\u00edtotta a felszerelts\u00e9g sz\u00ednvonal\u00e1t, \u00e9s bevezette az \u00e1r-\u00e9rt\u00e9k ar\u00e1nyban kedvez\u0151bb Takura v\u00e1ltozatot, amely els\u0151-h\u00e1ts\u00f3 l\u00e9gterel\u0151ket \u00e9s k\u00e9tt\u00f3nus\u00fa bels\u0151 k\u00e1rpitot kapott. A Sport felszerelts\u00e9gi szint el\u00e9rhet\u0151v\u00e9 v\u00e1lt nemcsak a nagyobb 2.0 literes, hanem az 1.6 literes benzinmotorhoz is. Akadnak \u00edzl\u00e9ses r\u00e9szletek, p\u00e9ld\u00e1ul a h\u00e1ts\u00f3 l\u00e1mp\u00e1k fekete kerete, de az aut\u00f3 h\u00e1ts\u00f3 r\u00e9sze kiss\u00e9 t\u00fald\u00edsz\u00edtettnek hat. Val\u00f3j\u00e1ban \u00fagy gondoljuk, hogy a Mazda 3 sokkal jobban mutat n\u00e9gyajt\u00f3s szed\u00e1nk\u00e9nt, mint \u00f6tajt\u00f3s ferdeh\u00e1t\u00fak\u00e9nt. \u00d6sszess\u00e9g\u00e9ben a megjelen\u00e9s kiss\u00e9 unalmas \u00e9s elavult. A k\u00edn\u00e1lat f\u0151 eleme az \u00f6tajt\u00f3s v\u00e1ltozat; h\u00e1romajt\u00f3s nincs, viszont a sz\u00e9p n\u00e9gyajt\u00f3s kivitel ritkas\u00e1gnak sz\u00e1m\u00edt ebben a szegmensben manaps\u00e1g. F\u0151bb versenyt\u00e1rsai k\u00f6z\u00e9 tartozik a Toyota Auris, a Kia Cee\u2019d, a Ford Focus, az Astra \u00e9s a Renault Megane.<\/p>\n<p>A mindennapi haszn\u00e1lat sor\u00e1n a Mazda 3 utastere s\u00f6t\u00e9t \u00e9s lehangol\u00f3, kev\u00e9s benne az izgalom, a t\u00e9r\u00e9rzet sem t\u00fal nyitott. A formaterv nem b\u00e1nt\u00f3, de manaps\u00e1g ez m\u00e1r nem el\u00e9g. Egyed\u00fcl a r\u00e1di\u00f3 bekapcsol\u00e1sakor villog\u00f3 piros f\u00e9nyek keltenek n\u00e9mi figyelmet. Egyszer\u0171en fogalmazva: kev\u00e9s dolog k\u00f6ti le a figyelmet. B\u00e1r az \u00f6sszeszerel\u00e9si min\u0151s\u00e9g jobb\u00e1ra rendben van, a tesztaut\u00f3nk keszty\u0171tart\u00f3ja hajlamos volt kanyarod\u00e1s k\u00f6zben kiny\u00edlni. M\u00e9g csal\u00f3d\u00e1st kelt\u0151bbek voltak az anyaghaszn\u00e1latok: p\u00e9ld\u00e1ul a v\u00e9kony korm\u00e1nyker\u00e9k nem kelti a min\u0151s\u00e9g \u00e9rzet\u00e9t, \u00e9s a m\u0171szerfal m\u0171anyagjai olcs\u00f3nak \u00e9s f\u00e9nyesnek t\u0171nnek. Szerencs\u00e9re a t\u00e1rol\u00f3helyek megfelel\u0151ek, a vezet\u00e9si poz\u00edci\u00f3 j\u00f3, \u00e9s az \u00fcl\u00e9s valamint a korm\u00e1ny \u00e1ll\u00edthat\u00f3s\u00e1ga sz\u00e9les tartom\u00e1nyban mozog. Az els\u0151 \u00fcl\u00e9sek j\u00f3 oldaltart\u00e1st ny\u00fajtanak, a h\u00e1ts\u00f3 sorban pedig b\u0151s\u00e9ges a hely. Az \u00e1rk\u00e9pz\u00e9s elfogadhat\u00f3, a maradv\u00e1ny\u00e9rt\u00e9kek k\u00f6zepesek, \u00e9s b\u00e1r a benzinmotorok fogyaszt\u00e1sa nem kiemelked\u0151, a d\u00edzelmotorok takar\u00e9koss\u00e1ga korrekt.<\/p>\n","protected":false},"excerpt":{"rendered":"<p>Szak\u00e9rt\u0151: \u201eIll\u00fazi\u00f3, hogy ezek a kih\u00edv\u00e1sok k\u00f6vetkezm\u00e9nyek n\u00e9lk\u00fcl maradnak\u201d Kitanics Tam\u00e1s krimin\u00e1lpszichol\u00f3gus szerint a hasonl\u00f3 esetek r\u00e1vil\u00e1g\u00edtanak arra, milyen vesz\u00e9lyes&#8230; <span class=\"gridview-grid-post-read-more\"><a href=\"https:\/\/matrend.hu\/maitrend\/?p=2354\">read more<span class=\"gridview-sr-only\"> Kider\u00fclt, hogy val\u00f3j\u00e1ban ki gy\u00fajtotta fel a TTokos n\u0151t!<\/span><\/a><\/span><\/p>\n","protected":false},"author":1,"featured_media":2355,"comment_status":"open","ping_status":"open","sticky":false,"template":"","format":"standard","meta":{"footnotes":""},"categories":[1],"tags":[],"class_list":["post-2354","post","type-post","status-publish","format-standard","has-post-thumbnail","hentry","category-egyeb","wpcat-1-id"],"_links":{"self":[{"href":"https:\/\/matrend.hu\/maitrend\/index.php?rest_route=\/wp\/v2\/posts\/2354","targetHints":{"allow":["GET"]}}],"collection":[{"href":"https:\/\/matrend.hu\/maitrend\/index.php?rest_route=\/wp\/v2\/posts"}],"about":[{"href":"https:\/\/matrend.hu\/maitrend\/index.php?rest_route=\/wp\/v2\/types\/post"}],"author":[{"embeddable":true,"href":"https:\/\/matrend.hu\/maitrend\/index.php?rest_route=\/wp\/v2\/users\/1"}],"replies":[{"embeddable":true,"href":"https:\/\/matrend.hu\/maitrend\/index.php?rest_route=%2Fwp%2Fv2%2Fcomments&post=2354"}],"version-history":[{"count":2,"href":"https:\/\/matrend.hu\/maitrend\/index.php?rest_route=\/wp\/v2\/posts\/2354\/revisions"}],"predecessor-version":[{"id":2357,"href":"https:\/\/matrend.hu\/maitrend\/index.php?rest_route=\/wp\/v2\/posts\/2354\/revisions\/2357"}],"wp:featuredmedia":[{"embeddable":true,"href":"https:\/\/matrend.hu\/maitrend\/index.php?rest_route=\/wp\/v2\/media\/2355"}],"wp:attachment":[{"href":"https:\/\/matrend.hu\/maitrend\/index.php?rest_route=%2Fwp%2Fv2%2Fmedia&parent=2354"}],"wp:term":[{"taxonomy":"category","embeddable":true,"href":"https:\/\/matrend.hu\/maitrend\/index.php?rest_route=%2Fwp%2Fv2%2Fcategories&post=2354"},{"taxonomy":"post_tag","embeddable":true,"href":"https:\/\/matrend.hu\/maitrend\/index.php?rest_route=%2Fwp%2Fv2%2Ftags&post=2354"}],"curies":[{"name":"wp","href":"https:\/\/api.w.org\/{rel}","templated":true}]}}