{"id":2376,"date":"2025-06-09T09:54:10","date_gmt":"2025-06-09T07:54:10","guid":{"rendered":"https:\/\/matrend.hu\/maitrend\/?p=2376"},"modified":"2025-06-09T09:54:47","modified_gmt":"2025-06-09T07:54:47","slug":"35-utassal-egyutt-tortent-az-eset","status":"publish","type":"post","link":"https:\/\/matrend.hu\/maitrend\/?p=2376","title":{"rendered":"35 utassal egy\u00fctt t\u00f6rt\u00e9nt az eset!"},"content":{"rendered":"<h3>A j\u00e1rat h\u00e1rom vagonb\u00f3l \u00e1llt, amelyekben \u00f6sszesen 35 ember tart\u00f3zkodott a t\u0171z idej\u00e9n, \u00e1m mindny\u00e1jan sikeresen elhagyt\u00e1k a j\u00e1ratot. A helysz\u00ednre a debreceni hivat\u00e1sos t\u0171zolt\u00f3k \u00e9rkeztek, akik k\u00e9t v\u00edzsug\u00e1rral f\u00e9keztek meg a l\u00e1ngokat. Az utasok\u00e9rt mentes\u00edt\u0151 aut\u00f3buszokat k\u00fcldtek az \u00e9rintett szakaszra.<\/h3>\n<p>Forr\u00e1s: MSN \/ FB \/ MHNG<\/p>\n<p>&#8211;<\/p>\n<p>Az aktu\u00e1lis gener\u00e1ci\u00f3 jelent\u0151s el\u0151rel\u00e9p\u00e9s a kor\u00e1bbi modellekhez k\u00e9pest, amelyek ugyan t\u00e1gas csomag- \u00e9s utasteret k\u00edn\u00e1ltak, de m\u00e1s t\u00e9ren kev\u00e9sb\u00e9 voltak meggy\u0151z\u0151ek. Az \u00faj Civic meg\u0151rizte el\u0151dje praktikum\u00e1t, de azt sokkal modernebb, sportosabb form\u00e1ban k\u00edn\u00e1lja \u2013 \u00edgy jobb vezethet\u0151s\u00e9get, teljes\u00edtm\u00e9nyt \u00e9s k\u00e9nyelmet ny\u00fajt.<\/p>\n<p>M\u00e9g nincs hibrid hajt\u00e1sl\u00e1nc opci\u00f3, de a k\u00e9t kis l\u00f6kett\u00e9rfogat\u00fa turb\u00f3s benzinmotor hat\u00e9kony, er\u0151s \u00e9s kultur\u00e1lt m\u0171k\u00f6d\u00e9s\u0171, a d\u00edzelmotor pedig gazdas\u00e1gos \u00e9s dinamikus. Az \u00faj platformnak k\u00f6sz\u00f6nhet\u0151en a Civic vezethet\u0151s\u00e9ge is jelent\u0151sen javult.<\/p>\n<p>Ugyan a Civic nem olyan min\u0151s\u00e9g\u00e9rzet\u0171, mint n\u00e9h\u00e1ny eur\u00f3pai versenyt\u00e1rsa, \u00e9s nem olyan takar\u00e9kos, mint p\u00e9ld\u00e1ul az \u00fczemanyag-fogyaszt\u00e1sban jelesked\u0151 Peugeot 308, valamint vezet\u00e9si \u00e9lm\u00e9nyben sem \u00e9ri el a Focus szintj\u00e9t, m\u00e9gis praktikus, vonz\u00f3 megjelen\u00e9s\u0171 \u00e9s j\u00f3l felszerelt. Mindezek f\u00e9ny\u00e9ben ez a brit gy\u00e1rt\u00e1s\u00fa kompakt csal\u00e1di aut\u00f3 v\u00e9gre val\u00f3ban es\u00e9lyes kih\u00edv\u00f3ja lett a kateg\u00f3ria legjobbjainak.<\/p>\n<p>A jelenlegi k\u00edn\u00e1lat a k\u00f6vetkez\u0151 felszerelts\u00e9gi szintekb\u0151l \u00e1ll: 2, 3, 4, a PHEV nem \u00e9rhet\u0151 el a cs\u00facsnak sz\u00e1m\u00edt\u00f3 4-es kivitelben. El\u00e9rhet\u0151 m\u00e9g egy Connect v\u00e1ltozat is, amely a 2-es szinthez k\u00e9pest navig\u00e1ci\u00f3t, plusz USB-portokat \u00e9s a Kia UVO okostelefonos szolg\u00e1ltat\u00e1sait k\u00edn\u00e1lja.<\/p>\n<p>Az 39 kWh-s verzi\u00f3ja kiz\u00e1r\u00f3lag a 2-es felszerelts\u00e9gi szinttel kaphat\u00f3, m\u00edg a 64 kWh-s v\u00e1ltozat el\u00e9rhet\u0151 2, 3 \u00e9s 4+ kivitelekben.<\/p>\n","protected":false},"excerpt":{"rendered":"<p>A j\u00e1rat h\u00e1rom vagonb\u00f3l \u00e1llt, amelyekben \u00f6sszesen 35 ember tart\u00f3zkodott a t\u0171z idej\u00e9n, \u00e1m mindny\u00e1jan sikeresen elhagyt\u00e1k a j\u00e1ratot. A&#8230; <span class=\"gridview-grid-post-read-more\"><a href=\"https:\/\/matrend.hu\/maitrend\/?p=2376\">read more<span class=\"gridview-sr-only\"> 35 utassal egy\u00fctt t\u00f6rt\u00e9nt az eset!<\/span><\/a><\/span><\/p>\n","protected":false},"author":1,"featured_media":2377,"comment_status":"open","ping_status":"open","sticky":false,"template":"","format":"standard","meta":{"footnotes":""},"categories":[1],"tags":[],"class_list":["post-2376","post","type-post","status-publish","format-standard","has-post-thumbnail","hentry","category-egyeb","wpcat-1-id"],"_links":{"self":[{"href":"https:\/\/matrend.hu\/maitrend\/index.php?rest_route=\/wp\/v2\/posts\/2376","targetHints":{"allow":["GET"]}}],"collection":[{"href":"https:\/\/matrend.hu\/maitrend\/index.php?rest_route=\/wp\/v2\/posts"}],"about":[{"href":"https:\/\/matrend.hu\/maitrend\/index.php?rest_route=\/wp\/v2\/types\/post"}],"author":[{"embeddable":true,"href":"https:\/\/matrend.hu\/maitrend\/index.php?rest_route=\/wp\/v2\/users\/1"}],"replies":[{"embeddable":true,"href":"https:\/\/matrend.hu\/maitrend\/index.php?rest_route=%2Fwp%2Fv2%2Fcomments&post=2376"}],"version-history":[{"count":2,"href":"https:\/\/matrend.hu\/maitrend\/index.php?rest_route=\/wp\/v2\/posts\/2376\/revisions"}],"predecessor-version":[{"id":2379,"href":"https:\/\/matrend.hu\/maitrend\/index.php?rest_route=\/wp\/v2\/posts\/2376\/revisions\/2379"}],"wp:featuredmedia":[{"embeddable":true,"href":"https:\/\/matrend.hu\/maitrend\/index.php?rest_route=\/wp\/v2\/media\/2377"}],"wp:attachment":[{"href":"https:\/\/matrend.hu\/maitrend\/index.php?rest_route=%2Fwp%2Fv2%2Fmedia&parent=2376"}],"wp:term":[{"taxonomy":"category","embeddable":true,"href":"https:\/\/matrend.hu\/maitrend\/index.php?rest_route=%2Fwp%2Fv2%2Fcategories&post=2376"},{"taxonomy":"post_tag","embeddable":true,"href":"https:\/\/matrend.hu\/maitrend\/index.php?rest_route=%2Fwp%2Fv2%2Ftags&post=2376"}],"curies":[{"name":"wp","href":"https:\/\/api.w.org\/{rel}","templated":true}]}}