{"id":2397,"date":"2025-06-10T18:15:57","date_gmt":"2025-06-10T16:15:57","guid":{"rendered":"https:\/\/matrend.hu\/maitrend\/?p=2397"},"modified":"2025-06-10T18:15:57","modified_gmt":"2025-06-10T16:15:57","slug":"toth-gabi-nagyon-meglazta-az-edesanyjat","status":"publish","type":"post","link":"https:\/\/matrend.hu\/maitrend\/?p=2397","title":{"rendered":"T\u00f3th Gabi nagyon megl\u00e1zta az \u00e9desanyj\u00e1t!"},"content":{"rendered":"<h3>T\u00f3th Gabi kor\u00e1bban t\u00f6bbsz\u00f6r is nyilatkozott arr\u00f3l, hogy \u00e9desanyj\u00e1val val\u00f3 kapcsolata javul\u00f3ban van, s\u0151t, azt \u00e1ll\u00edtotta, hogy visszanyerte bizalm\u00e1t. M\u00e9gis, az, hogy egy ilyen m\u00e9rf\u00f6ldk\u0151n\u00e9l sem volt jelen, sokak szerint mindenn\u00e9l t\u00f6bbet mond. \u00dagy t\u0171nik, a \u201ekib\u00e9k\u00fcl\u00e9s\u201d legfeljebb interj\u00fakban l\u00e9tezik \u2013 a val\u00f3s\u00e1gban viszont m\u00e9lyebb a t\u00f6r\u00e9s, mint ahogy azt b\u00e1rki gondolta volna. A csal\u00e1di esem\u00e9ny \u00edgy nemcsak \u00fcnnep, de f\u00e1j\u00f3 t\u00fck\u00f6r is lett.<\/h3>\n<p>VIA Blikk<\/p>\n<p>&#8211;<\/p>\n<p>Az elektromos csomagt\u00e9rajt\u00f3 egy 520 literes csomagtart\u00f3t t\u00e1r fel a RAV4 PHEV-ben, ami 60 literrel kevesebb, mint a standard modellben. A magas rakod\u00f3perem miatt a neh\u00e9z t\u00e1rgyak beemel\u00e9se valamivel nehezebb, mint a versenyt\u00e1rsak\u00e9, de legal\u00e1bb a gurul\u00f3s csomagt\u00e9rtakar\u00f3 k\u00f6nnyen haszn\u00e1lhat\u00f3, k\u00fcl\u00f6n\u00f6sen, ha teljesen el kell t\u00e1vol\u00edtani.<br \/>\nMaga a csomagtart\u00f3 padl\u00f3ja nem egys\u00e9ges alak\u00fa, mindk\u00e9t oldalon nagy kiv\u00e1g\u00e1sokkal rendelkezik, amelyek helyet adnak a felf\u00fcggeszt\u00e9snek \u00e9s az \u00fczemanyagrendszernek, de legal\u00e1bb van padl\u00f3 alatti t\u00e1rol\u00f3hely a t\u00f6lt\u0151k\u00e1beleknek &#8211; ez az el\u0151nye annak, hogy nincs hatalmas hajt\u00f3akkumul\u00e1tor.<\/p>\n<p>A h\u00e1ts\u00f3 \u00fcl\u00e9sek 60:40 ar\u00e1nyban d\u00f6nthet\u0151k, \u00edgy 1604 literes teret hoznak l\u00e9tre, szemben az egyszer\u0171 hibrid modell 1690 literes\u00e9vel, \u00e9s a rakt\u00e9r padl\u00f3ja szinte s\u00edk, amikor lehajtj\u00e1k \u0151ket.<br \/>\nA csal\u00e1di SUV kateg\u00f3ri\u00e1ba tartoz\u00f3 aut\u00f3knak val\u00f3sz\u00edn\u0171leg vontat\u00e1sra lesz sz\u00fcks\u00e9g\u00fck, de a Toyota RAV4 nem tud annyit sz\u00e1ll\u00edtani, mint n\u00e9h\u00e1ny riv\u00e1lisa. A k\u00edn\u00e1latban a legjobban teljes\u00edt\u0151 az \u00f6sszker\u00e9khajt\u00e1s\u00fa hibrid, amely 1650 kg-ot k\u00e9pes vontatni. Az 1500 kg-os maxim\u00e1lis vontat\u00e1si t\u00f6meg csup\u00e1n \u00e1tlagos a plug-in modell eset\u00e9ben, m\u00edg a k\u00e9tker\u00e9khajt\u00e1s\u00fa hibrid f\u00e9kezett \u00e1llapotban mind\u00f6ssze 800 kg-ot tud kezelni, ami mind\u00f6ssze 50 kg-mal t\u00f6bb a f\u00e9kezetlen maxim\u00e1lis \u00e9rt\u00e9kn\u00e9l.<\/p>\n","protected":false},"excerpt":{"rendered":"<p>T\u00f3th Gabi kor\u00e1bban t\u00f6bbsz\u00f6r is nyilatkozott arr\u00f3l, hogy \u00e9desanyj\u00e1val val\u00f3 kapcsolata javul\u00f3ban van, s\u0151t, azt \u00e1ll\u00edtotta, hogy visszanyerte bizalm\u00e1t. M\u00e9gis,&#8230; <span class=\"gridview-grid-post-read-more\"><a href=\"https:\/\/matrend.hu\/maitrend\/?p=2397\">read more<span class=\"gridview-sr-only\"> T\u00f3th Gabi nagyon megl\u00e1zta az \u00e9desanyj\u00e1t!<\/span><\/a><\/span><\/p>\n","protected":false},"author":1,"featured_media":2399,"comment_status":"open","ping_status":"open","sticky":false,"template":"","format":"standard","meta":{"footnotes":""},"categories":[1],"tags":[],"class_list":["post-2397","post","type-post","status-publish","format-standard","has-post-thumbnail","hentry","category-egyeb","wpcat-1-id"],"_links":{"self":[{"href":"https:\/\/matrend.hu\/maitrend\/index.php?rest_route=\/wp\/v2\/posts\/2397","targetHints":{"allow":["GET"]}}],"collection":[{"href":"https:\/\/matrend.hu\/maitrend\/index.php?rest_route=\/wp\/v2\/posts"}],"about":[{"href":"https:\/\/matrend.hu\/maitrend\/index.php?rest_route=\/wp\/v2\/types\/post"}],"author":[{"embeddable":true,"href":"https:\/\/matrend.hu\/maitrend\/index.php?rest_route=\/wp\/v2\/users\/1"}],"replies":[{"embeddable":true,"href":"https:\/\/matrend.hu\/maitrend\/index.php?rest_route=%2Fwp%2Fv2%2Fcomments&post=2397"}],"version-history":[{"count":1,"href":"https:\/\/matrend.hu\/maitrend\/index.php?rest_route=\/wp\/v2\/posts\/2397\/revisions"}],"predecessor-version":[{"id":2400,"href":"https:\/\/matrend.hu\/maitrend\/index.php?rest_route=\/wp\/v2\/posts\/2397\/revisions\/2400"}],"wp:featuredmedia":[{"embeddable":true,"href":"https:\/\/matrend.hu\/maitrend\/index.php?rest_route=\/wp\/v2\/media\/2399"}],"wp:attachment":[{"href":"https:\/\/matrend.hu\/maitrend\/index.php?rest_route=%2Fwp%2Fv2%2Fmedia&parent=2397"}],"wp:term":[{"taxonomy":"category","embeddable":true,"href":"https:\/\/matrend.hu\/maitrend\/index.php?rest_route=%2Fwp%2Fv2%2Fcategories&post=2397"},{"taxonomy":"post_tag","embeddable":true,"href":"https:\/\/matrend.hu\/maitrend\/index.php?rest_route=%2Fwp%2Fv2%2Ftags&post=2397"}],"curies":[{"name":"wp","href":"https:\/\/api.w.org\/{rel}","templated":true}]}}