{"id":2404,"date":"2025-06-10T19:28:03","date_gmt":"2025-06-10T17:28:03","guid":{"rendered":"https:\/\/matrend.hu\/maitrend\/?p=2404"},"modified":"2025-06-10T19:28:03","modified_gmt":"2025-06-10T17:28:03","slug":"nem-mindenki-kaphatja-meg-a-13-havi-nyugdijat","status":"publish","type":"post","link":"https:\/\/matrend.hu\/maitrend\/?p=2404","title":{"rendered":"Nem mindenki kaphatja meg a 13. havi nyugd\u00edjat"},"content":{"rendered":"<h3>Az \u00faj szab\u00e1lyoz\u00e1s nemcsak a jogosults\u00e1got \u00e9rinti, de a nyugd\u00edj m\u00e9rt\u00e9k\u00e9re is komoly hat\u00e1ssal lehet. Aki m\u00e9g 2024-ben beny\u00fajtja nyugd\u00edjk\u00e9relm\u00e9t, a jelenlegi valoriz\u00e1ci\u00f3s szorz\u00f3k alapj\u00e1n kapja az ell\u00e1t\u00e1s\u00e1t, \u00e9s m\u00e1r 2025-ben jogosult lesz a 13. havi nyugd\u00edjra is. Aki viszont kiv\u00e1r 2025-ig, annak nemcsak a szorz\u00f3k v\u00e1ltoznak, de az extra juttat\u00e1s is csak 2026-ban j\u00e1r. Ez a k\u00fcl\u00f6nbs\u00e9g komoly anyagi elt\u00e9r\u00e9seket okozhat k\u00e9t, l\u00e1tsz\u00f3lag hasonl\u00f3 \u00e9lethelyzetben l\u00e9v\u0151 nyugd\u00edjas k\u00f6z\u00f6tt.<\/h3>\n<p>VIA blikkruzs<\/p>\n<p>&#8211;<\/p>\n<p>Az Austral meg\u0151rzi el\u0151dj\u00e9nek pr\u00e9mium \u00e9rzet\u00e9t a bels\u0151 t\u00e9rben. Az \u00e9rz\u00e9kelt min\u0151s\u00e9g er\u0151s, puha tapint\u00e1s\u00fa anyagokat haszn\u00e1lnak v\u00e9gig, m\u00edg a k\u00e9k varr\u00e1s\u00fa Alcantara elemek a m\u0171szerfalon, az ajt\u00f3kon \u00e9s az \u00fcl\u00e9seken tov\u00e1bb emelik a luxus \u00e9rzet\u00e9t. M\u00edg a M\u00e9gane t\u00fal sokf\u00e9le, \u00f6ssze nem ill\u0151 anyagot haszn\u00e1l, az Austral jobb egyens\u00falyt tal\u00e1l, \u00e9s minden, amit az ember l\u00e1t, kellemes hat\u00e1st kelt.<br \/>\nT\u00f6bb mint 180 centi magas vagyok, \u00e9s b\u00e1r a h\u00e1ts\u00f3 \u00fcl\u00e9sen b\u0151ven volt el\u00e9g l\u00e1bt\u00e9r, hogy k\u00e9nyelmes poz\u00edci\u00f3t tal\u00e1ljak, a fejt\u00e9r kev\u00e9sb\u00e9 volt t\u00e1gas, amit nem seg\u00edtett az opcion\u00e1lis panor\u00e1matet\u0151 sem<br \/>\nAz igazi cs\u00facspont azonban a Google-alap\u00fa 12,3 h\u00fcvelykes \u00e9rint\u0151k\u00e9perny\u0151s infotainment kijelz\u0151, amely intuit\u00edv, gyors \u00e9s k\u00f6nnyen kezelhet\u0151. Logikusan van fel\u00e9p\u00edtve, az ikonok nagyok, \u00e9s az Apple CarPlay \u00e9s Android Auto integr\u00e1ci\u00f3 z\u00f6kken\u0151mentes.<br \/>\nMivel Google-alap\u00fa, a nat\u00edv navig\u00e1ci\u00f3 a Google Maps, ami kiv\u00e1l\u00f3, \u00e9s az a k\u00e9nyelmi el\u0151nye is megvan, hogy egyszer\u0171en be lehet jelentkezni a Google-fi\u00f3kba, \u00edgy az otthoni \u00e9s munkahelyi c\u00edmek, valamint az el\u0151z\u0151leg telefonon vagy m\u00e1s eszk\u00f6z\u00f6n v\u00e9gzett keres\u00e9sek is megjelennek.<\/p>\n<p>A Renault tov\u00e1bbra is kitart a korm\u00e1ny m\u00f6g\u00f6tti m\u00e9dia kar mellett, ami j\u00f3l m\u0171k\u00f6dik, ha megszokod, b\u00e1r egy fizikai hanger\u0151- \u00e9s hangol\u00f3gomb a k\u00f6z\u00e9pkonzolon j\u00f3l j\u00f6tt volna.<br \/>\nTetszik a kl\u00edmavez\u00e9rl\u0151 sor is a kijelz\u0151 alatt, ahol gombok \u00e9s kapcsol\u00f3k seg\u00edtik a kezel\u00e9st.<br \/>\nEl\u00f6l ergon\u00f3miailag nagyon er\u0151s az aut\u00f3: az \u00faj \u00fcl\u00e9sek j\u00f3 der\u00e9kt\u00e1maszt \u00e9s oldaltart\u00e1st ny\u00fajtanak, valamint sz\u00e9les \u00e1ll\u00edt\u00e1si lehet\u0151s\u00e9gekkel rendelkeznek. A h\u00e1ts\u00f3 sor viszont egy kicsit magasabban \u00fcl, a t\u00e9rdek magasabban helyezkednek el, mint v\u00e1rn\u00e1nk.<br \/>\nFeln\u0151ttek sz\u00e1m\u00e1ra a l\u00e1bt\u00e9r nem jelent probl\u00e9m\u00e1t, de a fejt\u00e9r nem t\u00fal b\u0151s\u00e9ges, ezt az opcion\u00e1lis panor\u00e1matet\u0151 m\u00e9g tov\u00e1bb cs\u00f6kkenti.<br \/>\nAz egyik \u00faj\u00edt\u00e1s a r\u00e1ncfelvarr\u00e1ssal, hogy a m\u00e1sodik \u00fcl\u00e9ssort el\u0151re \u00e9s h\u00e1tra lehet cs\u00fasztatni, \u00edgy a h\u00e1ts\u00f3 l\u00e1bt\u00e9r fel\u00e1ldoz\u00e1s\u00e1val a csomagt\u00e9r t\u00e9rfogata n\u00f6velhet\u0151. Ez\u00e1ltal a szok\u00e1sos 527 liter helyett ak\u00e1r 657 literes kapacit\u00e1s is el\u00e9rhet\u0151.<\/p>\n","protected":false},"excerpt":{"rendered":"<p>Az \u00faj szab\u00e1lyoz\u00e1s nemcsak a jogosults\u00e1got \u00e9rinti, de a nyugd\u00edj m\u00e9rt\u00e9k\u00e9re is komoly hat\u00e1ssal lehet. Aki m\u00e9g 2024-ben beny\u00fajtja nyugd\u00edjk\u00e9relm\u00e9t,&#8230; <span class=\"gridview-grid-post-read-more\"><a href=\"https:\/\/matrend.hu\/maitrend\/?p=2404\">read more<span class=\"gridview-sr-only\"> Nem mindenki kaphatja meg a 13. havi nyugd\u00edjat<\/span><\/a><\/span><\/p>\n","protected":false},"author":1,"featured_media":2405,"comment_status":"open","ping_status":"open","sticky":false,"template":"","format":"standard","meta":{"footnotes":""},"categories":[1],"tags":[],"class_list":["post-2404","post","type-post","status-publish","format-standard","has-post-thumbnail","hentry","category-egyeb","wpcat-1-id"],"_links":{"self":[{"href":"https:\/\/matrend.hu\/maitrend\/index.php?rest_route=\/wp\/v2\/posts\/2404","targetHints":{"allow":["GET"]}}],"collection":[{"href":"https:\/\/matrend.hu\/maitrend\/index.php?rest_route=\/wp\/v2\/posts"}],"about":[{"href":"https:\/\/matrend.hu\/maitrend\/index.php?rest_route=\/wp\/v2\/types\/post"}],"author":[{"embeddable":true,"href":"https:\/\/matrend.hu\/maitrend\/index.php?rest_route=\/wp\/v2\/users\/1"}],"replies":[{"embeddable":true,"href":"https:\/\/matrend.hu\/maitrend\/index.php?rest_route=%2Fwp%2Fv2%2Fcomments&post=2404"}],"version-history":[{"count":1,"href":"https:\/\/matrend.hu\/maitrend\/index.php?rest_route=\/wp\/v2\/posts\/2404\/revisions"}],"predecessor-version":[{"id":2406,"href":"https:\/\/matrend.hu\/maitrend\/index.php?rest_route=\/wp\/v2\/posts\/2404\/revisions\/2406"}],"wp:featuredmedia":[{"embeddable":true,"href":"https:\/\/matrend.hu\/maitrend\/index.php?rest_route=\/wp\/v2\/media\/2405"}],"wp:attachment":[{"href":"https:\/\/matrend.hu\/maitrend\/index.php?rest_route=%2Fwp%2Fv2%2Fmedia&parent=2404"}],"wp:term":[{"taxonomy":"category","embeddable":true,"href":"https:\/\/matrend.hu\/maitrend\/index.php?rest_route=%2Fwp%2Fv2%2Fcategories&post=2404"},{"taxonomy":"post_tag","embeddable":true,"href":"https:\/\/matrend.hu\/maitrend\/index.php?rest_route=%2Fwp%2Fv2%2Ftags&post=2404"}],"curies":[{"name":"wp","href":"https:\/\/api.w.org\/{rel}","templated":true}]}}