{"id":2413,"date":"2025-06-11T17:35:08","date_gmt":"2025-06-11T15:35:08","guid":{"rendered":"https:\/\/matrend.hu\/maitrend\/?p=2413"},"modified":"2025-06-11T17:35:08","modified_gmt":"2025-06-11T15:35:08","slug":"meglett-a-felelos-a-buszon-felejtett-kislany-ugyeben","status":"publish","type":"post","link":"https:\/\/matrend.hu\/maitrend\/?p=2413","title":{"rendered":"Meglett a felel\u0151s a buszon felejtett kisl\u00e1ny \u00fcgy\u00e9ben!"},"content":{"rendered":"<h3>A sz\u00fcl\u0151k felh\u00e1borodtak: senki nem v\u00e1llalt felel\u0151ss\u00e9get, s\u0151t szerint\u00fck az iskola vezet\u00e9se a t\u00f6rt\u00e9ntek elhallgat\u00e1s\u00e1ra t\u00f6rekedett. Egy ilyen eset s\u00falyos k\u00f6vetkezm\u00e9nyekkel is j\u00e1rhatott volna \u2013 mondt\u00e1k.<br \/>\nA tanker\u00fclet bels\u0151 vizsg\u00e1latot rendelt el, \u00e1ll\u00edt\u00e1suk szerint egy j\u00e1r\u00f3kel\u0151 zavarta meg a gyerekek lesz\u00e1ll\u00e1s\u00e1t, ami miatt a tan\u00e1rok figyelme megoszlott. A rend\u0151rs\u00e9ghez egyel\u0151re nem \u00e9rkezett feljelent\u00e9s, az \u00fcgy kivizsg\u00e1l\u00e1sa folyamatban van.<\/h3>\n<p>VIA Tenyek<\/p>\n<p>&#8211;<\/p>\n<p>A vol\u00e1n m\u00f6g\u00f6tt alig \u00e9rezni emelt vezet\u00e9si poz\u00edci\u00f3t, \u00e9s a fejed f\u00f6l\u00f6tt sincs magas tet\u0151vonal. Ahogy k\u00edv\u00fclr\u0151l, \u00fagy bel\u00fclr\u0151l is ink\u00e1bb az az \u00e9rz\u00e9s, mintha egy praktikusabb \u00f6tajt\u00f3s ferdeh\u00e1t\u00fa aut\u00f3 lenne. A csomagtart\u00f3 m\u00e9rete j\u00f3, az els\u0151 \u00fcl\u00e9ssor k\u00e9nyelmes \u00e9s t\u00e1gas, a h\u00e1ts\u00f3 \u00fcl\u00e9sek pedig gyermekeknek \u00e9s kisebb feln\u0151tteknek megfelel\u0151ek, de nem \u00e9rnek fel olyan modellekhez, mint a Honda Civic vagy a Skoda Octavia, nem besz\u00e9lve a Nissan Qashqair\u00f3l. Ez az aut\u00f3 a \u201epont el\u00e9g\u201d kateg\u00f3ri\u00e1t c\u00e9lozza meg \u2013 fiatal csal\u00e1doknak vagy \u00fcres f\u00e9szkeseknek ak\u00e1r t\u00f6k\u00e9letes v\u00e1laszt\u00e1s lehet.<br \/>\nA tesztaut\u00f3 beltere eg\u00e9szen s\u00f6t\u00e9t, \u00fczleties hangulatot \u00e1rasztott, amely a j\u00f3 tapint\u00e1s\u00fa anyagmin\u0151s\u00e9g \u00e9s a gondosan \u00e1tgondolt haszn\u00e1lhat\u00f3s\u00e1g \u00e9rz\u00e9s\u00e9t er\u0151s\u00edtette. Ez nem az a belt\u00e9r, ahol a k\u00e9perny\u0151s technol\u00f3gia domin\u00e1lna; a f\u0171t\u00e9shez, szell\u0151z\u00e9shez, audiorendszerhez \u00e9s az infotainment rendszer kezel\u00e9s\u00e9hez \u00e1lland\u00f3 fizikai vez\u00e9rl\u0151k maradtak meg (ez egyike azoknak a kev\u00e9s modelleknek a piacon, amelyeket nem lehet teljesen \u00e9rint\u0151k\u00e9perny\u0151r\u0151l ir\u00e1ny\u00edtani). A korm\u00e1ny jobb oldal\u00e1n tal\u00e1lhat\u00f3k a fizikai gombok az ind\u00edt\u00e1st-le\u00e1ll\u00edt\u00e1st kikapcsol\u00e1s\u00e1ra, a kip\u00f6rg\u00e9sg\u00e1tl\u00f3, a parkol\u00f3szenzorok \u00e9s n\u00e9h\u00e1ny vezet\u00e9st\u00e1mogat\u00f3 funkci\u00f3 gyors letilt\u00e1s\u00e1ra.<\/p>\n<p>K\u00fcl\u00f6n dics\u00e9ret illeti a Mazd\u00e1t, hogy mennyi figyelmet ford\u00edtottak a m\u0171szerek anal\u00f3g tisztas\u00e1g\u00e1ra \u00e9s olvashat\u00f3s\u00e1g\u00e1ra, valamint az \u00f6sszes m\u00e1sodlagos vez\u00e9rl\u0151 elhelyez\u00e9s\u00e9re \u00e9s haszn\u00e1lhat\u00f3s\u00e1g\u00e1ra, r\u00e1ad\u00e1sul ezek a kezel\u0151szervek massz\u00edvnak \u00e9s pr\u00e9mium \u00e9rzet\u0171nek hatnak. P\u00e9ld\u00e1ul a jelz\u0151- \u00e9s ablakt\u00f6rl\u0151karok haptikus visszajelz\u00e9se k\u00e9zzelfoghat\u00f3 min\u0151s\u00e9get k\u00f6zvet\u00edt \u2013 m\u00e9g megnyugtat\u00f3 \u00e9rz\u00e9kszervi \u00e9lm\u00e9nyt is ny\u00fajt az a finoman tomp\u00edtott kattog\u00e1s, amit a jelz\u0151karok adnak. Ez az eg\u00e9sz egy kicsit a k\u00e9tezres \u00e9vek Volkswagenjeinek \u00e9rzet\u00e9t id\u00e9zi.<br \/>\nA CX-30 10,3 h\u00fcvelykes multim\u00e9dia k\u00e9perny\u0151je elt\u00e9r a legt\u00f6bb hasonl\u00f3 rendszert\u0151l, mert teljes eg\u00e9sz\u00e9ben a k\u00f6z\u00e9pkonzolon elhelyezett forgathat\u00f3 \u201eparancsnok\u201d t\u00e1rcs\u00e1val vez\u00e9relhet\u0151. Ez egyeseknek tal\u00e1n r\u00e9gim\u00f3di technol\u00f3gi\u00e1nak t\u0171nhet, de hamar meg lehet szokni ezt az ir\u00e1ny\u00edt\u00e1si filoz\u00f3fi\u00e1t, amely lehet\u0151v\u00e9 teszi, hogy k\u00f6nnyed\u00e9n navig\u00e1lj a men\u00fck k\u00f6z\u00f6tt an\u00e9lk\u00fcl, hogy ny\u00fajt\u00f3zkodnod kellene az apr\u00f3 ikonok\u00e9rt, \u00e9s an\u00e9lk\u00fcl, hogy a vezet\u00e9sb\u0151l sokat elvonn\u00e1l \u2013 csup\u00e1n egy m\u00e1sodperces pillant\u00e1s sz\u00fcks\u00e9ges.<\/p>\n","protected":false},"excerpt":{"rendered":"<p>A sz\u00fcl\u0151k felh\u00e1borodtak: senki nem v\u00e1llalt felel\u0151ss\u00e9get, s\u0151t szerint\u00fck az iskola vezet\u00e9se a t\u00f6rt\u00e9ntek elhallgat\u00e1s\u00e1ra t\u00f6rekedett. Egy ilyen eset s\u00falyos&#8230; <span class=\"gridview-grid-post-read-more\"><a href=\"https:\/\/matrend.hu\/maitrend\/?p=2413\">read more<span class=\"gridview-sr-only\"> Meglett a felel\u0151s a buszon felejtett kisl\u00e1ny \u00fcgy\u00e9ben!<\/span><\/a><\/span><\/p>\n","protected":false},"author":1,"featured_media":2414,"comment_status":"open","ping_status":"open","sticky":false,"template":"","format":"standard","meta":{"footnotes":""},"categories":[1],"tags":[],"class_list":["post-2413","post","type-post","status-publish","format-standard","has-post-thumbnail","hentry","category-egyeb","wpcat-1-id"],"_links":{"self":[{"href":"https:\/\/matrend.hu\/maitrend\/index.php?rest_route=\/wp\/v2\/posts\/2413","targetHints":{"allow":["GET"]}}],"collection":[{"href":"https:\/\/matrend.hu\/maitrend\/index.php?rest_route=\/wp\/v2\/posts"}],"about":[{"href":"https:\/\/matrend.hu\/maitrend\/index.php?rest_route=\/wp\/v2\/types\/post"}],"author":[{"embeddable":true,"href":"https:\/\/matrend.hu\/maitrend\/index.php?rest_route=\/wp\/v2\/users\/1"}],"replies":[{"embeddable":true,"href":"https:\/\/matrend.hu\/maitrend\/index.php?rest_route=%2Fwp%2Fv2%2Fcomments&post=2413"}],"version-history":[{"count":1,"href":"https:\/\/matrend.hu\/maitrend\/index.php?rest_route=\/wp\/v2\/posts\/2413\/revisions"}],"predecessor-version":[{"id":2415,"href":"https:\/\/matrend.hu\/maitrend\/index.php?rest_route=\/wp\/v2\/posts\/2413\/revisions\/2415"}],"wp:featuredmedia":[{"embeddable":true,"href":"https:\/\/matrend.hu\/maitrend\/index.php?rest_route=\/wp\/v2\/media\/2414"}],"wp:attachment":[{"href":"https:\/\/matrend.hu\/maitrend\/index.php?rest_route=%2Fwp%2Fv2%2Fmedia&parent=2413"}],"wp:term":[{"taxonomy":"category","embeddable":true,"href":"https:\/\/matrend.hu\/maitrend\/index.php?rest_route=%2Fwp%2Fv2%2Fcategories&post=2413"},{"taxonomy":"post_tag","embeddable":true,"href":"https:\/\/matrend.hu\/maitrend\/index.php?rest_route=%2Fwp%2Fv2%2Ftags&post=2413"}],"curies":[{"name":"wp","href":"https:\/\/api.w.org\/{rel}","templated":true}]}}