{"id":2417,"date":"2025-06-11T19:06:58","date_gmt":"2025-06-11T17:06:58","guid":{"rendered":"https:\/\/matrend.hu\/maitrend\/?p=2417"},"modified":"2025-06-11T19:07:26","modified_gmt":"2025-06-11T17:07:26","slug":"kigyulladt-a-tavolsagi-volanbusz-2","status":"publish","type":"post","link":"https:\/\/matrend.hu\/maitrend\/?p=2417","title":{"rendered":"Kigyulladt a t\u00e1vols\u00e1gi Vol\u00e1nbusz"},"content":{"rendered":"<h3>A g\u00f6d\u00f6ll\u0151i hivat\u00e1sos t\u0171zolt\u00f3k a katasztr\u00f3fav\u00e9delmi m\u0171veleti szolg\u00e1lat ir\u00e1ny\u00edt\u00e1sa mellett n\u00e9gy v\u00edzsug\u00e1rral eloltott\u00e1k a t\u00fczet. Az egys\u00e9gek ut\u00f3munk\u00e1latokat v\u00e9geznek \u2013 tette hozz\u00e1 a Katasztr\u00f3fav\u00e9delem.<\/h3>\n<p>Forr\u00e1s: MSN \/ FB \/ BPW<\/p>\n<p>&#8211;<\/p>\n<p>Az Evolution felszerelts\u00e9g\u0171 modellek is kellemes megjelen\u00e9s\u0171ek \u00e9s tapint\u00e1s\u00faak, a kapcsol\u00f3k rec\u00e9z\u00e9se ig\u00e9nyes, \u00e9s a vil\u00e1gossz\u00fcrke \u00fcl\u00e9shuzat sportos, technikai anyag \u00e9rzet\u00e9t kelti.<\/p>\n<p>Az Evolution modellek egy kisebb, 7 colos \u00e9rint\u0151k\u00e9perny\u0151t kapnak, amely ennek ellen\u00e9re gyorsan \u00e9s sim\u00e1n m\u0171k\u00f6dik. A grafika ugyan m\u00e1r kiss\u00e9 elavultnak t\u0171nhet, f\u0151k\u00e9nt a Renault alap\u00fa rendszereihez (mint az Austral vagy a Scenic) k\u00e9pest. Viszont m\u00e9g az alapmodellben is el\u00e9rhet\u0151 a vezet\u00e9k n\u00e9lk\u00fcli CarPlay, ami ezt r\u00e9szben kompenz\u00e1lja.<\/p>\n<p>Ugyanakkor van n\u00e9mi kompromisszum a helyk\u00edn\u00e1lat ter\u00e9n. \u00dagy t\u0171nik, hogy a Renault azzal, hogy a Cli\u00f3nak az egyik legnagyobb csomagtart\u00f3t (391 literes, lehajtott \u00fcl\u00e9sek n\u00e9lk\u00fcli kapacit\u00e1s) adta a kateg\u00f3ri\u00e1ban, a h\u00e1ts\u00f3 utast\u00e9r rov\u00e1s\u00e1ra d\u00f6nt\u00f6tt.<\/p>\n<p>M\u00e9r\u00e9seink szerint a h\u00e1ts\u00f3 l\u00e1bt\u00e9r mind\u00f6ssze 620 mm, a fejt\u00e9r pedig 910 mm. \u00d6sszehasonl\u00edt\u00e1sk\u00e9pp: a Polo 690 mm h\u00e1ts\u00f3 l\u00e1bteret \u00e9s 950 mm fejt\u00e9rrel rendelkezik, b\u00e1r a csomagtart\u00f3ja csak 351 literes.<\/p>\n<p>Nem neh\u00e9z kital\u00e1lni, melyik aut\u00f3t v\u00e1lasztan\u00e1 ink\u00e1bb egy feln\u0151tt utas h\u00e1tulra. M\u00e9g az \u00e1tlagos magass\u00e1g\u00fa utasok is sz\u0171k\u00f6snek \u00e9rezhetik h\u00e1tul a Cli\u00f3t. A Renault azonban tudatosan d\u00f6nthetett \u00fagy, hogy ink\u00e1bb nagyobb csomagteret k\u00edn\u00e1l kisebb h\u00e1ts\u00f3 f\u00e9r\u0151hely \u00e1r\u00e1n \u2013 hiszen sok kisaut\u00f3-tulajdonos ink\u00e1bb gyerekeket sz\u00e1ll\u00edt, \u00e9s fontosabb sz\u00e1mukra a babakocsi \u00e9s csomagok elhelyez\u00e9se, mint a teljes \u00e9rt\u00e9k\u0171 h\u00e1ts\u00f3 \u00fcl\u00e9s.<\/p>\n","protected":false},"excerpt":{"rendered":"<p>A g\u00f6d\u00f6ll\u0151i hivat\u00e1sos t\u0171zolt\u00f3k a katasztr\u00f3fav\u00e9delmi m\u0171veleti szolg\u00e1lat ir\u00e1ny\u00edt\u00e1sa mellett n\u00e9gy v\u00edzsug\u00e1rral eloltott\u00e1k a t\u00fczet. Az egys\u00e9gek ut\u00f3munk\u00e1latokat v\u00e9geznek \u2013&#8230; <span class=\"gridview-grid-post-read-more\"><a href=\"https:\/\/matrend.hu\/maitrend\/?p=2417\">read more<span class=\"gridview-sr-only\"> Kigyulladt a t\u00e1vols\u00e1gi Vol\u00e1nbusz<\/span><\/a><\/span><\/p>\n","protected":false},"author":1,"featured_media":2418,"comment_status":"open","ping_status":"open","sticky":false,"template":"","format":"standard","meta":{"footnotes":""},"categories":[1],"tags":[],"class_list":["post-2417","post","type-post","status-publish","format-standard","has-post-thumbnail","hentry","category-egyeb","wpcat-1-id"],"_links":{"self":[{"href":"https:\/\/matrend.hu\/maitrend\/index.php?rest_route=\/wp\/v2\/posts\/2417","targetHints":{"allow":["GET"]}}],"collection":[{"href":"https:\/\/matrend.hu\/maitrend\/index.php?rest_route=\/wp\/v2\/posts"}],"about":[{"href":"https:\/\/matrend.hu\/maitrend\/index.php?rest_route=\/wp\/v2\/types\/post"}],"author":[{"embeddable":true,"href":"https:\/\/matrend.hu\/maitrend\/index.php?rest_route=\/wp\/v2\/users\/1"}],"replies":[{"embeddable":true,"href":"https:\/\/matrend.hu\/maitrend\/index.php?rest_route=%2Fwp%2Fv2%2Fcomments&post=2417"}],"version-history":[{"count":4,"href":"https:\/\/matrend.hu\/maitrend\/index.php?rest_route=\/wp\/v2\/posts\/2417\/revisions"}],"predecessor-version":[{"id":2422,"href":"https:\/\/matrend.hu\/maitrend\/index.php?rest_route=\/wp\/v2\/posts\/2417\/revisions\/2422"}],"wp:featuredmedia":[{"embeddable":true,"href":"https:\/\/matrend.hu\/maitrend\/index.php?rest_route=\/wp\/v2\/media\/2418"}],"wp:attachment":[{"href":"https:\/\/matrend.hu\/maitrend\/index.php?rest_route=%2Fwp%2Fv2%2Fmedia&parent=2417"}],"wp:term":[{"taxonomy":"category","embeddable":true,"href":"https:\/\/matrend.hu\/maitrend\/index.php?rest_route=%2Fwp%2Fv2%2Fcategories&post=2417"},{"taxonomy":"post_tag","embeddable":true,"href":"https:\/\/matrend.hu\/maitrend\/index.php?rest_route=%2Fwp%2Fv2%2Ftags&post=2417"}],"curies":[{"name":"wp","href":"https:\/\/api.w.org\/{rel}","templated":true}]}}