{"id":2423,"date":"2025-06-11T19:44:48","date_gmt":"2025-06-11T17:44:48","guid":{"rendered":"https:\/\/matrend.hu\/maitrend\/?p=2423"},"modified":"2025-06-11T19:44:48","modified_gmt":"2025-06-11T17:44:48","slug":"oromhir-erkezett-jon-az-extra-nyari-nyaralasi-nyugdij","status":"publish","type":"post","link":"https:\/\/matrend.hu\/maitrend\/?p=2423","title":{"rendered":"\u00d6r\u00f6mh\u00edr \u00e9rkezett! J\u00f6n az extra ny\u00e1ri (nyaral\u00e1si) nyugd\u00edj!"},"content":{"rendered":"<h3>A korhat\u00e1r el\u0151tti ell\u00e1t\u00e1s mellett a minim\u00e1lb\u00e9r tizennyolcszoros\u00e1ig lehet dolgozni, ami j\u00e1rul\u00e9kfizet\u00e9ssel tov\u00e1bbi szolg\u00e1lati id\u0151t eredm\u00e9nyez, ellent\u00e9tben az \u00f6regs\u00e9gi nyugd\u00edjasokkal. Az \u00e9rintett koroszt\u00e1ly 2024-ben a 65 \u00e9ves korhat\u00e1rt el\u00e9r\u0151, 1959-ben sz\u00fcletett szem\u00e9lyek, akik korhat\u00e1r el\u0151tti ell\u00e1t\u00e1sban r\u00e9szes\u00fcltek \u00e9s mellette dolgoztak. A t\u00f6bblet pedig mehet ak\u00e1r nyaral\u00e1sra is!<\/h3>\n<p>Forr\u00e1s: MSN \/ FB \/ BPW<\/p>\n<p>&#8211;<\/p>\n<p>Az utast\u00e9r legfelt\u0171n\u0151bb \u00fajdons\u00e1gai a 12,9 colos infotainment kijelz\u0151 \u00e9s az anyaghaszn\u00e1lat jav\u00edt\u00e1sa, amelyek val\u00f3ban k\u00e9pesek pr\u00e9miumabb hangulatot k\u00f6lcs\u00f6n\u00f6zni a Leon bels\u0151 ter\u00e9nek \u2013 legal\u00e1bbis r\u00e9szben. Egy\u00e9bk\u00e9nt a megszokott Leon-bels\u0151r\u0151l van sz\u00f3, ami alapvet\u0151en nem jelent h\u00e1tr\u00e1nyt.<\/p>\n<p>Am\u00edg elker\u00fclj\u00fck a plug-in hibrideket, amelyek akkumul\u00e1torai elrabolj\u00e1k a helyet, a Leon t\u00e1gasnak sz\u00e1m\u00edt a kateg\u00f3ri\u00e1ban: 380 literes csomagteret k\u00edn\u00e1l, \u00e9s majdnem akkora h\u00e1ts\u00f3 l\u00e1b- \u00e9s fejt\u00e9rrel rendelkezik, mint a legjobbak ebben az oszt\u00e1lyban. A csomagtart\u00f3 alakja viszont kiss\u00e9 sz\u00f6gletes \u00e9s neh\u00e9zkes, j\u00f3l j\u00f6nne egy \u00e1ll\u00edthat\u00f3 padl\u00f3.<\/p>\n<p>El\u00f6l k\u00e9t sport\u00fcl\u00e9s tal\u00e1lhat\u00f3, amelyek \u00e9pp elegend\u0151 oldaltart\u00e1st ny\u00fajtanak gyors kanyarokn\u00e1l, de nem t\u00fal agressz\u00edvek a mindennapi haszn\u00e1lathoz. Az alacsonyabb felszerelts\u00e9gn\u00e9l manu\u00e1lisan \u00e1ll\u00edthat\u00f3k, \u00e9s hi\u00e1nyzik bel\u0151l\u00fck a combt\u00e1masz-hosszabb\u00edt\u00e1s \u00e9s az \u00fcl\u0151lap d\u0151l\u00e9ssz\u00f6g-\u00e1ll\u00edt\u00e1sa, viszont a der\u00e9kt\u00e1masz alapkivitelben j\u00e1r.<\/p>\n<p>M\u00e9g az alacsonyabb felszerelts\u00e9g\u0171 modellek is meglep\u0151en pr\u00e9mium hat\u00e1st keltenek. Az anyaghaszn\u00e1lat tapint\u00e1sra \u00e9s megjelen\u00e9sre is jobb, mint a Golf\u00e9. Az opcion\u00e1lis kagyl\u00f3\u00fcl\u00e9sek sz\u00f6vete 73%-ban \u00fajrahasznos\u00edtott veg\u00e1n textilb\u0151l k\u00e9sz\u00fcl, m\u00edg a val\u00f3di b\u0151r\u00f6k a gy\u00e1rt\u00f3 szerint \u201ek\u00f6rnyezetbar\u00e1t elj\u00e1r\u00e1ssal\u201d k\u00e9sz\u00fcltek.<\/p>\n<p>Kiemel\u00e9st \u00e9rdemel a korm\u00e1nyker\u00e9k, amely majdnem teljesen k\u00f6r alak\u00fa, de elker\u00fcli a modern sportaut\u00f3kra jellemz\u0151 vastag peremet. Ehelyett v\u00e9kony, feszes, kellemes tapint\u00e1s\u00fa b\u0151rrel bor\u00edtott, el\u00f6l lap\u00edtott, ahov\u00e1 a h\u00fcvelykujjak term\u00e9szetesen illeszkednek.<\/p>\n<p>Sajn\u00e1latos m\u00f3don a bels\u0151 t\u00e9r m\u00e1s r\u00e9szei m\u00e1r kev\u00e9sb\u00e9 meggy\u0151z\u0151ek. A m\u0171szerfal tetej\u00e9n, az ajt\u00f3burkolatokon \u00e9s a k\u00f6z\u00e9pkonzolon olcs\u00f3, \u00fcreges hat\u00e1s\u00fa m\u0171anyagokat haszn\u00e1ltak, az \u00fcl\u00e9sek sz\u00f6vete pedig v\u00e9kony \u00e9s s\u00e9r\u00fcl\u00e9keny \u00e9rzet\u0171. Ehhez t\u00e1rsul, hogy sz\u00e1mos funkci\u00f3 \u2013 mint p\u00e9ld\u00e1ul a vezet\u00e9si m\u00f3d, menetstabiliz\u00e1l\u00f3, \u00fcl\u00e9sf\u0171t\u00e9s \u00e9s a kl\u00edma \u2013 kiz\u00e1r\u00f3lag a k\u00e9perny\u0151n kereszt\u00fcl \u00e9rhet\u0151 el.<\/p>\n<p>A k\u00e9perny\u0151 az \u00faj MIB4 rendszer\u00e9t futtatja, amely gyorsan reag\u00e1l, \u00e9s a mi tapasztalataink szerint hibamentesen m\u0171k\u00f6d\u00f6tt. Pozit\u00edvum, hogy a h\u0151m\u00e9rs\u00e9klet- \u00e9s hanger\u0151-cs\u00faszk\u00e1k most m\u00e1r h\u00e1tt\u00e9rvil\u00e1g\u00edt\u00e1st kaptak, de sokkal jobb lenne, ha ezek fizikai gombok lenn\u00e9nek \u2013 k\u00fcl\u00f6n\u00f6sen, mert menet k\u00f6zben neh\u00e9z c\u00e9lzottan eltal\u00e1lni ezeket a cs\u00faszk\u00e1kat, vagy \u00e9pp nem t\u00fal praktikus men\u00fck m\u00e9ly\u00e9n keresg\u00e9lni az alapvet\u0151 funkci\u00f3kat.<\/p>\n","protected":false},"excerpt":{"rendered":"<p>A korhat\u00e1r el\u0151tti ell\u00e1t\u00e1s mellett a minim\u00e1lb\u00e9r tizennyolcszoros\u00e1ig lehet dolgozni, ami j\u00e1rul\u00e9kfizet\u00e9ssel tov\u00e1bbi szolg\u00e1lati id\u0151t eredm\u00e9nyez, ellent\u00e9tben az \u00f6regs\u00e9gi nyugd\u00edjasokkal&#8230;. <span class=\"gridview-grid-post-read-more\"><a href=\"https:\/\/matrend.hu\/maitrend\/?p=2423\">read more<span class=\"gridview-sr-only\"> \u00d6r\u00f6mh\u00edr \u00e9rkezett! J\u00f6n az extra ny\u00e1ri (nyaral\u00e1si) nyugd\u00edj!<\/span><\/a><\/span><\/p>\n","protected":false},"author":1,"featured_media":2424,"comment_status":"open","ping_status":"open","sticky":false,"template":"","format":"standard","meta":{"footnotes":""},"categories":[1],"tags":[],"class_list":["post-2423","post","type-post","status-publish","format-standard","has-post-thumbnail","hentry","category-egyeb","wpcat-1-id"],"_links":{"self":[{"href":"https:\/\/matrend.hu\/maitrend\/index.php?rest_route=\/wp\/v2\/posts\/2423","targetHints":{"allow":["GET"]}}],"collection":[{"href":"https:\/\/matrend.hu\/maitrend\/index.php?rest_route=\/wp\/v2\/posts"}],"about":[{"href":"https:\/\/matrend.hu\/maitrend\/index.php?rest_route=\/wp\/v2\/types\/post"}],"author":[{"embeddable":true,"href":"https:\/\/matrend.hu\/maitrend\/index.php?rest_route=\/wp\/v2\/users\/1"}],"replies":[{"embeddable":true,"href":"https:\/\/matrend.hu\/maitrend\/index.php?rest_route=%2Fwp%2Fv2%2Fcomments&post=2423"}],"version-history":[{"count":1,"href":"https:\/\/matrend.hu\/maitrend\/index.php?rest_route=\/wp\/v2\/posts\/2423\/revisions"}],"predecessor-version":[{"id":2425,"href":"https:\/\/matrend.hu\/maitrend\/index.php?rest_route=\/wp\/v2\/posts\/2423\/revisions\/2425"}],"wp:featuredmedia":[{"embeddable":true,"href":"https:\/\/matrend.hu\/maitrend\/index.php?rest_route=\/wp\/v2\/media\/2424"}],"wp:attachment":[{"href":"https:\/\/matrend.hu\/maitrend\/index.php?rest_route=%2Fwp%2Fv2%2Fmedia&parent=2423"}],"wp:term":[{"taxonomy":"category","embeddable":true,"href":"https:\/\/matrend.hu\/maitrend\/index.php?rest_route=%2Fwp%2Fv2%2Fcategories&post=2423"},{"taxonomy":"post_tag","embeddable":true,"href":"https:\/\/matrend.hu\/maitrend\/index.php?rest_route=%2Fwp%2Fv2%2Ftags&post=2423"}],"curies":[{"name":"wp","href":"https:\/\/api.w.org\/{rel}","templated":true}]}}