{"id":2428,"date":"2025-06-12T08:04:35","date_gmt":"2025-06-12T06:04:35","guid":{"rendered":"https:\/\/matrend.hu\/maitrend\/?p=2428"},"modified":"2025-06-12T08:04:40","modified_gmt":"2025-06-12T06:04:40","slug":"lekerul-a-kepernyorol-a-kincsvadaszok","status":"publish","type":"post","link":"https:\/\/matrend.hu\/maitrend\/?p=2428","title":{"rendered":"Leker\u00fcl a k\u00e9perny\u0151r\u0151l a Kincsvad\u00e1szok"},"content":{"rendered":"<h3>Inform\u00e1ci\u00f3k szerint ny\u00e1ri sz\u00fcnetet hirdetett a m\u0171sornak a csatorna! V\u00e1rhat\u00f3an csak az \u00e9v m\u00e1sodik fel\u00e9ben t\u00e9r vissza \u00faj epiz\u00f3dokkal.<\/h3>\n<p>Forr\u00e1s: MSN \/ FB \/ EZT<\/p>\n<p>&#8211;<\/p>\n<p>A korm\u00e1nyker\u00e9k p\u00e9ld\u00e1ul enyh\u00e9n balra volt eltolva az \u00fcl\u00e9shez k\u00e9pest (term\u00e9szetesen f\u0171thet\u0151, szell\u0151ztethet\u0151, massz\u00e1zsfunkci\u00f3val ell\u00e1tott). N\u00e9h\u00e1ny kr\u00f3mmal d\u00edsz\u00edtett elem \u2013 p\u00e9ld\u00e1ul a \u201eorgonas\u00edp\u201d st\u00edlus\u00fa szell\u0151z\u0151vez\u00e9rl\u0151k \u2013 kiss\u00e9 m\u0171anyag hat\u00e1s\u00faak, ellent\u00e9tben p\u00e9ld\u00e1ul a menetm\u00f3d-v\u00e1laszt\u00f3 forg\u00f3kapcsol\u00f3val, amely j\u00e9ghideg, kem\u00e9ny, rec\u00e9zett alum\u00edniumb\u00f3l k\u00e9sz\u00fclt, \u00e9s \u00f6r\u00f6m k\u00e9zbe venni.<\/p>\n<p>Az infotainment \u00e9s kl\u00edmavez\u00e9rl\u0151 gombok viszont kiss\u00e9 idej\u00e9tm\u00faltak, ugyanakkor funkcion\u00e1lisan tov\u00e1bbra is j\u00f3l teljes\u00edtenek. Egyszer\u0171en kezelhet\u0151k, \u00e9s j\u00f3l m\u0171k\u00f6dnek.<\/p>\n<p>Ez a meg\u00e1llap\u00edt\u00e1s \u00e9rv\u00e9nyes a k\u00f6zponti \u00e9rint\u0151k\u00e9perny\u0151re is. Csak 10,9 h\u00fcvelykes, ami a mai vil\u00e1gban kicsinek sz\u00e1m\u00edt, \u00e9s emiatt n\u00e9h\u00e1ny men\u00fc nehezebben el\u00e9rhet\u0151. Viszont m\u0171k\u00f6dik, \u00e9s nem uralja a bels\u0151t, mint ahogy sok m\u00e1s digit\u00e1lis rendszer teszi. Ez kimondottan el\u0151ny\u00f6s a Bentayg\u00e1ban.<\/p>\n<p>Megjelen\u00e9s\u00e9ben \u00e9s hangulat\u00e1ban az EWB nem olyan puha, mint egy Maybach S600, de nem is olyan monument\u00e1lis \u00e9s kiss\u00e9 megf\u00e9leml\u00edt\u0151, mint egy Rolls-Royce. K\u00e9t vil\u00e1g k\u00f6z\u00f6tt helyezkedik el, \u00e9s \u00edgy nagyon j\u00f3l eltal\u00e1lt karaktere van.<\/p>\n<p>Alapb\u00f3l 4+1 \u00fcl\u00e9selrendez\u00e9ssel \u00e9rkezik, de Mulliner kivitelben Airline Seat specifik\u00e1ci\u00f3val is el\u00e9rhet\u0151, ami k\u00e9t k\u00fcl\u00f6n\u00e1ll\u00f3 h\u00e1ts\u00f3 \u00fcl\u00e9st jelent, amelyek ak\u00e1r 40 fokban d\u00f6nthet\u0151k.<\/p>\n<p>A l\u00e1bt\u00e9r \u2013 mondjuk ki \u2013 l\u00e1tv\u00e1nyos. Az a 940 mm, amit a sof\u0151r m\u00f6g\u00f6tti utas kap, csak alig marad el att\u00f3l, amit a 5,8 m\u00e9teres Rolls-Royce Phantom k\u00edn\u00e1l. De ez m\u00e9g nem minden: a jobb h\u00e1ts\u00f3 utas k\u00e9rhet \u201eVIP m\u00f3dot\u201d a h\u00e1ts\u00f3 \u00e9rint\u0151k\u00e9perny\u0151n kereszt\u00fcl. Ekkor az els\u0151 utas\u00fcl\u00e9s el\u0151recs\u00faszik, kibomlik egy sz\u0151nyeggel bor\u00edtott l\u00e1bt\u00e1masz, \u00e9s a l\u00e1bt\u00e9r 1200 mm-re n\u0151 \u2013 ami t\u00f6bb, mint amit b\u00e1rki \u00e9rtelmesen ki tudna haszn\u00e1lni.<\/p>\n<p>Az \u00fcl\u00e9sek figyelik a testh\u0151m\u00e9rs\u00e9kletet \u00e9s a p\u00e1ratartalmat, \u00e9s hat k\u00fcl\u00f6n\u00e1ll\u00f3 leveg\u0151zsebes nyom\u00e1spont ak\u00e1r percenk\u00e9nt v\u00e1ltozik, hogy enyh\u00edtse a nyom\u00e1st \u00e9s f\u00e1radts\u00e1got.<\/p>\n<p>Ha ehhez hozz\u00e1vessz\u00fck a b\u0151s\u00e9ges t\u00e9r\u00e9rzetet el\u0151re n\u00e9zve, a gazdag anyaghaszn\u00e1latot, a panor\u00e1matet\u0151t \u00e9s a karcs\u00fa, sportos ablakokat, akkor utaz\u00e1s k\u00f6zben az EWB h\u00e1tulj\u00e1ban \u00fclni olyan \u00e9lm\u00e9ny, mintha Jules Verne fant\u00e1ziavil\u00e1g\u00e1b\u00f3l kelt volna \u00e9letre.<\/p>\n","protected":false},"excerpt":{"rendered":"<p>Inform\u00e1ci\u00f3k szerint ny\u00e1ri sz\u00fcnetet hirdetett a m\u0171sornak a csatorna! V\u00e1rhat\u00f3an csak az \u00e9v m\u00e1sodik fel\u00e9ben t\u00e9r vissza \u00faj epiz\u00f3dokkal. Forr\u00e1s:&#8230; <span class=\"gridview-grid-post-read-more\"><a href=\"https:\/\/matrend.hu\/maitrend\/?p=2428\">read more<span class=\"gridview-sr-only\"> Leker\u00fcl a k\u00e9perny\u0151r\u0151l a Kincsvad\u00e1szok<\/span><\/a><\/span><\/p>\n","protected":false},"author":1,"featured_media":2429,"comment_status":"open","ping_status":"open","sticky":false,"template":"","format":"standard","meta":{"footnotes":""},"categories":[1],"tags":[],"class_list":["post-2428","post","type-post","status-publish","format-standard","has-post-thumbnail","hentry","category-egyeb","wpcat-1-id"],"_links":{"self":[{"href":"https:\/\/matrend.hu\/maitrend\/index.php?rest_route=\/wp\/v2\/posts\/2428","targetHints":{"allow":["GET"]}}],"collection":[{"href":"https:\/\/matrend.hu\/maitrend\/index.php?rest_route=\/wp\/v2\/posts"}],"about":[{"href":"https:\/\/matrend.hu\/maitrend\/index.php?rest_route=\/wp\/v2\/types\/post"}],"author":[{"embeddable":true,"href":"https:\/\/matrend.hu\/maitrend\/index.php?rest_route=\/wp\/v2\/users\/1"}],"replies":[{"embeddable":true,"href":"https:\/\/matrend.hu\/maitrend\/index.php?rest_route=%2Fwp%2Fv2%2Fcomments&post=2428"}],"version-history":[{"count":2,"href":"https:\/\/matrend.hu\/maitrend\/index.php?rest_route=\/wp\/v2\/posts\/2428\/revisions"}],"predecessor-version":[{"id":2431,"href":"https:\/\/matrend.hu\/maitrend\/index.php?rest_route=\/wp\/v2\/posts\/2428\/revisions\/2431"}],"wp:featuredmedia":[{"embeddable":true,"href":"https:\/\/matrend.hu\/maitrend\/index.php?rest_route=\/wp\/v2\/media\/2429"}],"wp:attachment":[{"href":"https:\/\/matrend.hu\/maitrend\/index.php?rest_route=%2Fwp%2Fv2%2Fmedia&parent=2428"}],"wp:term":[{"taxonomy":"category","embeddable":true,"href":"https:\/\/matrend.hu\/maitrend\/index.php?rest_route=%2Fwp%2Fv2%2Fcategories&post=2428"},{"taxonomy":"post_tag","embeddable":true,"href":"https:\/\/matrend.hu\/maitrend\/index.php?rest_route=%2Fwp%2Fv2%2Ftags&post=2428"}],"curies":[{"name":"wp","href":"https:\/\/api.w.org\/{rel}","templated":true}]}}