{"id":2432,"date":"2025-06-12T15:25:44","date_gmt":"2025-06-12T13:25:44","guid":{"rendered":"https:\/\/matrend.hu\/maitrend\/?p=2432"},"modified":"2025-06-12T15:25:44","modified_gmt":"2025-06-12T13:25:44","slug":"megjott-a-sobanya-vegitelete","status":"publish","type":"post","link":"https:\/\/matrend.hu\/maitrend\/?p=2432","title":{"rendered":"Megj\u00f6tt a S\u00f3b\u00e1nya v\u00e9g\u00edt\u00e9lete!"},"content":{"rendered":"<h3>\u00dajabb 45 h\u00e1zat \u00fcr\u00edtettek ki vas\u00e1rnap este. A helysz\u00ednen ideiglenes g\u00e1takat is \u00e9p\u00edtettek homokzs\u00e1kokb\u00f3l, hogy megakad\u00e1lyozz\u00e1k az esetleges \u00e1rad\u00e1st. A f\u00f6ld alatt m\u00e1r t\u00f6bb mint 20 ezer k\u00f6bm\u00e9ter v\u00edz gy\u0171lt \u00f6ssze, \u00e9s ha a b\u00e1nya egyetlen nagy oml\u00e1ssal beszakad.<\/h3>\n<p>Forr\u00e1s: MSN \/ FB \/ EZT<\/p>\n<p>&#8211;<\/p>\n<p>A korm\u00e1nyon l\u00e9v\u0151 \u00e9rint\u00e9s\u00e9rz\u00e9keny, h\u00e1tt\u00e9rvil\u00e1g\u00edt\u00e1sos gombokat viszont nappali f\u00e9nyben neh\u00e9z l\u00e1tni, ha be van kapcsolva a vil\u00e1g\u00edt\u00e1s \u2013 p\u00e9ld\u00e1ul k\u00f6dben vagy es\u0151ben ez zavar\u00f3 lehet.<\/p>\n<p>A m\u0171szerfal tetej\u00e9n egy nagy, 12,3 h\u00fcvelykes \u00e9rint\u0151k\u00e9perny\u0151 van, ami a vezet\u0151 kijelz\u0151j\u00e9vel egybe van \u00e9p\u00edtve. B\u00e1r a szoftver m\u00e9g nem volt v\u00e9gleges a teszt sor\u00e1n, val\u00f3sz\u00edn\u0171, hogy a rendszer megjelen\u00e9se \u00e9s kezel\u00e9se m\u00e9g friss\u00edt\u00e9sek ut\u00e1n is kiss\u00e9 elavultnak fog hatni. A grafika nem t\u00fal \u00e9les, sok be\u00e1ll\u00edt\u00e1st csak t\u00f6bbsz\u00f6ri \u00e9rint\u00e9ssel lehet el\u00e9rni, \u00e9s a men\u00fck, ikonok t\u00fal kicsik, nehezen kezelhet\u0151k.<\/p>\n<p>A konkurens m\u00e1rk\u00e1k rendszerei \u2013 mint a Kia, Hyundai, Renault vagy ak\u00e1r a Volkswagen \u2013 jobban haszn\u00e1lhat\u00f3k. Szerencs\u00e9re az CarPlay \u00e9s Auto alapfelszerelts\u00e9g, \u00edgy a be\u00e9p\u00edtett rendszer haszn\u00e1lata nem mindig sz\u00fcks\u00e9ges.<\/p>\n<p>A h\u00e1ts\u00f3 \u00fcl\u00e9sek k\u00e9nyelmesek, k\u00e9t magasabb ember is elf\u00e9r, de a fejt\u00e9r sz\u0171k\u00f6sebb, \u00e9s a l\u00e1bt\u00e9r el\u00e9g kicsi az els\u0151 \u00fcl\u00e9sek alatt.<\/p>\n<p>A csomagtart\u00f3 hivatalosan csak 292 literes, ami kicsi egy csal\u00e1di aut\u00f3hoz k\u00e9pest \u2013 ink\u00e1bb v\u00e1rosi kisaut\u00f3s m\u00e9ret. A val\u00f3s\u00e1gban azonban nem t\u0171nt ilyen rossznak, tal\u00e1n a gy\u00e1rt\u00f3 nem sz\u00e1molta bele az als\u00f3 rekeszt. A bev\u00e1s\u00e1rl\u00e1s sim\u00e1n bef\u00e9r. Van egy kis els\u0151 csomagtart\u00f3 is (frunk), de olyan sek\u00e9ly, hogy val\u00f3sz\u00edn\u0171leg a t\u00f6lt\u0151k\u00e1belt ink\u00e1bb h\u00e1tulra kell pakolni.<\/p>\n<p>Viszont nagy pozit\u00edvum: van benne teljes \u00e9rt\u00e9k\u0171 p\u00f3tker\u00e9k! Ilyet elektromos aut\u00f3ban ritk\u00e1n l\u00e1tni. A brit piacon lehet, hogy csak egy kisebb m\u00e9ret\u0171 ker\u00fcl majd bele, de ez is jobb, mint a semmi.<\/p>\n","protected":false},"excerpt":{"rendered":"<p>\u00dajabb 45 h\u00e1zat \u00fcr\u00edtettek ki vas\u00e1rnap este. A helysz\u00ednen ideiglenes g\u00e1takat is \u00e9p\u00edtettek homokzs\u00e1kokb\u00f3l, hogy megakad\u00e1lyozz\u00e1k az esetleges \u00e1rad\u00e1st. A&#8230; <span class=\"gridview-grid-post-read-more\"><a href=\"https:\/\/matrend.hu\/maitrend\/?p=2432\">read more<span class=\"gridview-sr-only\"> Megj\u00f6tt a S\u00f3b\u00e1nya v\u00e9g\u00edt\u00e9lete!<\/span><\/a><\/span><\/p>\n","protected":false},"author":1,"featured_media":2433,"comment_status":"open","ping_status":"open","sticky":false,"template":"","format":"standard","meta":{"footnotes":""},"categories":[1],"tags":[],"class_list":["post-2432","post","type-post","status-publish","format-standard","has-post-thumbnail","hentry","category-egyeb","wpcat-1-id"],"_links":{"self":[{"href":"https:\/\/matrend.hu\/maitrend\/index.php?rest_route=\/wp\/v2\/posts\/2432","targetHints":{"allow":["GET"]}}],"collection":[{"href":"https:\/\/matrend.hu\/maitrend\/index.php?rest_route=\/wp\/v2\/posts"}],"about":[{"href":"https:\/\/matrend.hu\/maitrend\/index.php?rest_route=\/wp\/v2\/types\/post"}],"author":[{"embeddable":true,"href":"https:\/\/matrend.hu\/maitrend\/index.php?rest_route=\/wp\/v2\/users\/1"}],"replies":[{"embeddable":true,"href":"https:\/\/matrend.hu\/maitrend\/index.php?rest_route=%2Fwp%2Fv2%2Fcomments&post=2432"}],"version-history":[{"count":1,"href":"https:\/\/matrend.hu\/maitrend\/index.php?rest_route=\/wp\/v2\/posts\/2432\/revisions"}],"predecessor-version":[{"id":2434,"href":"https:\/\/matrend.hu\/maitrend\/index.php?rest_route=\/wp\/v2\/posts\/2432\/revisions\/2434"}],"wp:featuredmedia":[{"embeddable":true,"href":"https:\/\/matrend.hu\/maitrend\/index.php?rest_route=\/wp\/v2\/media\/2433"}],"wp:attachment":[{"href":"https:\/\/matrend.hu\/maitrend\/index.php?rest_route=%2Fwp%2Fv2%2Fmedia&parent=2432"}],"wp:term":[{"taxonomy":"category","embeddable":true,"href":"https:\/\/matrend.hu\/maitrend\/index.php?rest_route=%2Fwp%2Fv2%2Fcategories&post=2432"},{"taxonomy":"post_tag","embeddable":true,"href":"https:\/\/matrend.hu\/maitrend\/index.php?rest_route=%2Fwp%2Fv2%2Ftags&post=2432"}],"curies":[{"name":"wp","href":"https:\/\/api.w.org\/{rel}","templated":true}]}}