{"id":2436,"date":"2025-06-12T18:36:49","date_gmt":"2025-06-12T16:36:49","guid":{"rendered":"https:\/\/matrend.hu\/maitrend\/?p=2436"},"modified":"2025-06-12T18:36:49","modified_gmt":"2025-06-12T16:36:49","slug":"budapesttol-par-km-re","status":"publish","type":"post","link":"https:\/\/matrend.hu\/maitrend\/?p=2436","title":{"rendered":"Budapestt\u0151l p\u00e1r km-re!"},"content":{"rendered":"<h3>A l\u00e9gij\u00e1rat a brit London-Gatwick rep\u00fcl\u0151t\u00e9rre tartott, amikor v\u00e1ratlan incidens t\u00f6rt\u00e9nt! A g\u00e9pen t\u00f6bb nyugd\u00edjas is tart\u00f3zkodott!<\/h3>\n<p>Forr\u00e1s: MSN \/ FB \/ BPW<\/p>\n<p>&#8211;<\/p>\n<p>Az utast\u00e9rben a m\u0171anyagok sok helyen durv\u00e1k, gyeng\u00e9n illesztettek, \u00e9les sz\u00e9lek is el\u0151fordulnak, ahol szebb kidolgoz\u00e1s lenne elv\u00e1rhat\u00f3. Az olyan r\u00e9szek, mint a l\u00e9gbe\u00f6ml\u0151k, a kijelz\u0151, a m\u0171szeregys\u00e9g bor\u00edt\u00e1sa vagy a k\u00f6ny\u00f6kl\u0151 rekesze, mind olcs\u00f3nak, bizonytalannak hatnak. A korm\u00e1nyon l\u00e9v\u0151 gombok is gyenge min\u0151s\u00e9g\u0171ek. Az egyetlen r\u00e9szlet, ami igaz\u00e1n min\u0151s\u00e9gi \u00e9rz\u00e9st kelt, az a f\u00e9m v\u00e1lt\u00f3f\u00fcl.<\/p>\n<p>A csomagt\u00e9r viszont t\u00e1gasabb \u2013 de csak a mild-hibrid, els\u0151ker\u00e9k-meghajt\u00e1s\u00fa v\u00e1ltozatban, ahol 500 liternyi hely \u00e1ll rendelkez\u00e9sre az ablakvonal alatt. A plug-in hibrid verzi\u00f3ban ez csaknem 400 literre cs\u00f6kken, f\u0151leg az elveszett padl\u00f3 alatti t\u00e1rol\u00f3hely miatt. J\u00f3 h\u00edr viszont, hogy nincs nagy kiemelked\u00e9s a csomagt\u00e9r padl\u00f3j\u00e1n, \u00edgy a nagyobb csomagok is k\u00f6nnyen bef\u00e9rnek.<\/p>\n<p>Ha a Tonale volt az a modell, amivel Alfa Rome\u00f3t meg akart\u00e1k menteni \u2013 \u00e9s l\u00e1ssuk be, m\u00e1r volt p\u00e1r ilyen pr\u00f3b\u00e1lkoz\u00e1s \u2013 akkor ez nem igaz\u00e1n j\u00f6n \u00e1t abb\u00f3l a k\u00e9t elektromos hajt\u00e1s\u00fa v\u00e1ltozatb\u00f3l, amelyek teljes\u00edtm\u00e9nye \u00e9s vezethet\u0151s\u00e9ge hagy k\u00edv\u00e1nnival\u00f3t maga ut\u00e1n.<\/p>\n<p>Az Alfa m\u00e9rn\u00f6kei szerint a mild hibrid v\u00e1ltozat kis elektromotorja \u00e9s akkumul\u00e1tora pont megfelel\u0151 ehhez az aut\u00f3hoz \u2013 de a val\u00f3s\u00e1gban ez ink\u00e1bb kev\u00e9snek \u00e9rz\u0151dik ahhoz, hogy meggy\u0151z\u0151 hibrid \u00e9lm\u00e9nyt ny\u00fajtson. A benzinmotor nagyon hamar bekapcsol, \u00e9s ha er\u0151ltetj\u00fck, el\u00e9g hangoss\u00e1 v\u00e1lik. Kiss\u00e9 er\u0151sebbnek \u00e9s valamivel kifinomultabbnak t\u0171nik, mint n\u00e9h\u00e1ny m\u00e1s hibrid, de egy sima 2.0 literes benzines X1 gyorsabb \u00e9s kultur\u00e1ltabb marad.<\/p>\n<p>A mild hibrid h\u00e9tfokozat\u00fa dupla kuplungos v\u00e1lt\u00f3ja is csak \u201erendben van\u201d. Ha valaki p\u00e9ld\u00e1ul egy nyolcfokozat\u00fa automat\u00e1j\u00e1b\u00f3l \u00fcl \u00e1t, nem lesz leny\u0171g\u00f6zve a v\u00e1lt\u00e1s simas\u00e1g\u00e1t\u00f3l, sebess\u00e9g\u00e9t\u0151l vagy logik\u00e1j\u00e1t\u00f3l.<\/p>\n<p>A plug-in hibrid (PHEV) v\u00e1ltozat m\u00e1r sokkal \u00e9l\u00e9nkebben gyorsul, \u00e9s hat\u00e1rozottabb \u00e9rz\u00e9st ad vezet\u00e9s k\u00f6zben \u2013 de itt is nagyban f\u00fcgg a teljes\u00edtm\u00e9ny att\u00f3l, hogy mennyi t\u00f6lt\u00e9s van az akkumul\u00e1torban.<\/p>\n<p>Teljesen felt\u00f6ltve a m\u00e9r\u00e9sek szerint a Tonale 6,3 m\u00e1sodperc alatt gyorsul 0-r\u00f3l 100 km\/h-ra, \u00e9s a negyed m\u00e9rf\u00f6ldes sprintet is kevesebb mint 15 m\u00e1sodperc alatt teljes\u00edti \u2013 ezek j\u00f3 eredm\u00e9nyek. De amikor ugyanezt pr\u00f3b\u00e1lt\u00e1k lemer\u00fclt akkumul\u00e1torral, akkor 1 m\u00e1sodperccel tov\u00e1bb tartott a 100 km\/h-ra gyorsul\u00e1s, \u00e9s t\u00f6bb mint 2,5 m\u00e1sodperccel tov\u00e1bb a 145 km\/h-ig val\u00f3 gyors\u00edt\u00e1s.<\/p>\n","protected":false},"excerpt":{"rendered":"<p>A l\u00e9gij\u00e1rat a brit London-Gatwick rep\u00fcl\u0151t\u00e9rre tartott, amikor v\u00e1ratlan incidens t\u00f6rt\u00e9nt! A g\u00e9pen t\u00f6bb nyugd\u00edjas is tart\u00f3zkodott! Forr\u00e1s: MSN \/&#8230; <span class=\"gridview-grid-post-read-more\"><a href=\"https:\/\/matrend.hu\/maitrend\/?p=2436\">read more<span class=\"gridview-sr-only\"> Budapestt\u0151l p\u00e1r km-re!<\/span><\/a><\/span><\/p>\n","protected":false},"author":1,"featured_media":2438,"comment_status":"open","ping_status":"open","sticky":false,"template":"","format":"standard","meta":{"footnotes":""},"categories":[1],"tags":[],"class_list":["post-2436","post","type-post","status-publish","format-standard","has-post-thumbnail","hentry","category-egyeb","wpcat-1-id"],"_links":{"self":[{"href":"https:\/\/matrend.hu\/maitrend\/index.php?rest_route=\/wp\/v2\/posts\/2436","targetHints":{"allow":["GET"]}}],"collection":[{"href":"https:\/\/matrend.hu\/maitrend\/index.php?rest_route=\/wp\/v2\/posts"}],"about":[{"href":"https:\/\/matrend.hu\/maitrend\/index.php?rest_route=\/wp\/v2\/types\/post"}],"author":[{"embeddable":true,"href":"https:\/\/matrend.hu\/maitrend\/index.php?rest_route=\/wp\/v2\/users\/1"}],"replies":[{"embeddable":true,"href":"https:\/\/matrend.hu\/maitrend\/index.php?rest_route=%2Fwp%2Fv2%2Fcomments&post=2436"}],"version-history":[{"count":1,"href":"https:\/\/matrend.hu\/maitrend\/index.php?rest_route=\/wp\/v2\/posts\/2436\/revisions"}],"predecessor-version":[{"id":2440,"href":"https:\/\/matrend.hu\/maitrend\/index.php?rest_route=\/wp\/v2\/posts\/2436\/revisions\/2440"}],"wp:featuredmedia":[{"embeddable":true,"href":"https:\/\/matrend.hu\/maitrend\/index.php?rest_route=\/wp\/v2\/media\/2438"}],"wp:attachment":[{"href":"https:\/\/matrend.hu\/maitrend\/index.php?rest_route=%2Fwp%2Fv2%2Fmedia&parent=2436"}],"wp:term":[{"taxonomy":"category","embeddable":true,"href":"https:\/\/matrend.hu\/maitrend\/index.php?rest_route=%2Fwp%2Fv2%2Fcategories&post=2436"},{"taxonomy":"post_tag","embeddable":true,"href":"https:\/\/matrend.hu\/maitrend\/index.php?rest_route=%2Fwp%2Fv2%2Ftags&post=2436"}],"curies":[{"name":"wp","href":"https:\/\/api.w.org\/{rel}","templated":true}]}}