{"id":2441,"date":"2025-06-12T19:07:34","date_gmt":"2025-06-12T17:07:34","guid":{"rendered":"https:\/\/matrend.hu\/maitrend\/?p=2441"},"modified":"2025-06-12T19:07:34","modified_gmt":"2025-06-12T17:07:34","slug":"nagy-a-baj-jakob-zoli-mar-a-rendorsegen","status":"publish","type":"post","link":"https:\/\/matrend.hu\/maitrend\/?p=2441","title":{"rendered":"Nagy a baj! J\u00e1kob Zoli m\u00e1r a rend\u0151rs\u00e9gen!"},"content":{"rendered":"<h3>A v\u00e1llalkoz\u00f3 k\u00fcl\u00f6n\u00f6sen aggaszt\u00f3nak tartja, hogy a hamis profilok \u2013 amelyek sz\u00e1ma m\u00e1r a sz\u00e1zat is megk\u00f6zel\u00edti \u2013 akt\u00edvan keresik meg az embereket a k\u00f6z\u00f6ss\u00e9gi oldalakon, \u00fczenetekben zaklatj\u00e1k a kommentel\u0151ket. Zolt\u00e1nnak h\u00e1rom gyan\u00fas banksz\u00e1ml\u00e1t is siker\u00fclt begy\u0171jtenie, amik seg\u00edts\u00e9g\u00e9vel a rend\u0151rs\u00e9g elind\u00edthatja a nyomoz\u00e1st. K\u00f6vet\u0151it arra k\u00e9ri, ne d\u0151ljenek be semmilyen \u00fczenetnek vagy aj\u00e1nlatnak, f\u00fcggetlen\u00fcl att\u00f3l, hogy az \u0151 k\u00e9pe vagy neve szerepel rajta. \u201eNem haszn\u00e1lok Messengert. Ne utaljatok senkinek, \u00e9s soha ne adj\u00e1tok ki a bankk\u00e1rtya adataitokat!\u201d \u2013 figyelmeztet Zoli. Fontosnak tartja, hogy vigy\u00e1zzunk egym\u00e1sra \u00e9s a saj\u00e1t adatainkra is.<\/h3>\n<p>VIA IG<\/p>\n<p>&#8211;<\/p>\n<p>Alig k\u00e9t \u00e9s f\u00e9l \u00e9vvel a bevezet\u00e9se ut\u00e1n a Renault Austral SUV friss\u00edt\u00e9st kapott, hogy vonz\u00f3bb\u00e1 v\u00e1ljon, \u00e9s hat\u00e9konyan vegye fel a versenyt olyan n\u00e9pszer\u0171 modellekkel, mint a Kia Sportage vagy a Nissan Qashqai. Az Austral nagy r\u00e9sze megmaradt a r\u00e9gib\u0151l, de finomhangolt\u00e1k \u00e9s korszer\u0171s\u00edtett\u00e9k, hogy teljesen megfeleljen a Renault aktu\u00e1lis hibrid modelljeinek k\u00edn\u00e1lat\u00e1nak.<br \/>\nA korm\u00e1nyker\u00e9k eleg\u00e1ns megjelen\u00e9s\u0171, sz\u00e9p Alcantara bet\u00e9tekkel d\u00edsz\u00edtett, \u00e1m a vastagabb ker\u00fclete \u00e9s a sz\u00f6gletes kialak\u00edt\u00e1sa kev\u00e9sb\u00e9 k\u00e9nyelmes a mindennapi haszn\u00e1latban, mint egy hagyom\u00e1nyos, kerek korm\u00e1ny. Az Austral friss\u00edt\u00e9s\u00e9nek r\u00e9szek\u00e9nt \u00faj v\u00e1lt\u00f3szoftvert kapott, tov\u00e1bb\u00e1 fokozott hangszigetel\u00e9st \u00e9s \u00faj leng\u00e9scsillap\u00edt\u00f3kat szereltek be, melyek mind a mechanikai kifinomults\u00e1got, a kabin elszigetelts\u00e9g\u00e9t, illetve az utaz\u00e1si k\u00e9nyelmet hivatottak jav\u00edtani a kor\u00e1bbi modellhez k\u00e9pest.<\/p>\n<p>A CMF-CD platformot tov\u00e1bbra is megosztja a Nissan Qashqaival, \u00e9s az Egyes\u00fclt Kir\u00e1lys\u00e1gban kiz\u00e1r\u00f3lag a teljes hibrid E-Tech v\u00e1ltozat \u00e9rhet\u0151 el, amely a Renault leg\u00fajabb gener\u00e1ci\u00f3s E-Tech hibrid rendszer\u00e9vel m\u0171k\u00f6dik, mely fogaskerekek n\u00e9lk\u00fcli, szinkroniz\u00e1latlan v\u00e1lt\u00f3t alkalmaz.<br \/>\nA leg\u00fajabb fejleszt\u00e9sek ut\u00e1n azonban az a k\u00e9rd\u00e9s, hogyan teljes\u00edt az Austral egy olyan szegmensben, amely rendk\u00edv\u00fcl n\u00e9pszer\u0171, sz\u0171k\u00f6s a verseny \u00e9s nagyon ki\u00e9lezett.<\/p>\n","protected":false},"excerpt":{"rendered":"<p>A v\u00e1llalkoz\u00f3 k\u00fcl\u00f6n\u00f6sen aggaszt\u00f3nak tartja, hogy a hamis profilok \u2013 amelyek sz\u00e1ma m\u00e1r a sz\u00e1zat is megk\u00f6zel\u00edti \u2013 akt\u00edvan keresik&#8230; <span class=\"gridview-grid-post-read-more\"><a href=\"https:\/\/matrend.hu\/maitrend\/?p=2441\">read more<span class=\"gridview-sr-only\"> Nagy a baj! J\u00e1kob Zoli m\u00e1r a rend\u0151rs\u00e9gen!<\/span><\/a><\/span><\/p>\n","protected":false},"author":1,"featured_media":2442,"comment_status":"open","ping_status":"open","sticky":false,"template":"","format":"standard","meta":{"footnotes":""},"categories":[1],"tags":[],"class_list":["post-2441","post","type-post","status-publish","format-standard","has-post-thumbnail","hentry","category-egyeb","wpcat-1-id"],"_links":{"self":[{"href":"https:\/\/matrend.hu\/maitrend\/index.php?rest_route=\/wp\/v2\/posts\/2441","targetHints":{"allow":["GET"]}}],"collection":[{"href":"https:\/\/matrend.hu\/maitrend\/index.php?rest_route=\/wp\/v2\/posts"}],"about":[{"href":"https:\/\/matrend.hu\/maitrend\/index.php?rest_route=\/wp\/v2\/types\/post"}],"author":[{"embeddable":true,"href":"https:\/\/matrend.hu\/maitrend\/index.php?rest_route=\/wp\/v2\/users\/1"}],"replies":[{"embeddable":true,"href":"https:\/\/matrend.hu\/maitrend\/index.php?rest_route=%2Fwp%2Fv2%2Fcomments&post=2441"}],"version-history":[{"count":1,"href":"https:\/\/matrend.hu\/maitrend\/index.php?rest_route=\/wp\/v2\/posts\/2441\/revisions"}],"predecessor-version":[{"id":2443,"href":"https:\/\/matrend.hu\/maitrend\/index.php?rest_route=\/wp\/v2\/posts\/2441\/revisions\/2443"}],"wp:featuredmedia":[{"embeddable":true,"href":"https:\/\/matrend.hu\/maitrend\/index.php?rest_route=\/wp\/v2\/media\/2442"}],"wp:attachment":[{"href":"https:\/\/matrend.hu\/maitrend\/index.php?rest_route=%2Fwp%2Fv2%2Fmedia&parent=2441"}],"wp:term":[{"taxonomy":"category","embeddable":true,"href":"https:\/\/matrend.hu\/maitrend\/index.php?rest_route=%2Fwp%2Fv2%2Fcategories&post=2441"},{"taxonomy":"post_tag","embeddable":true,"href":"https:\/\/matrend.hu\/maitrend\/index.php?rest_route=%2Fwp%2Fv2%2Ftags&post=2441"}],"curies":[{"name":"wp","href":"https:\/\/api.w.org\/{rel}","templated":true}]}}