{"id":2460,"date":"2025-06-13T18:39:13","date_gmt":"2025-06-13T16:39:13","guid":{"rendered":"https:\/\/matrend.hu\/maitrend\/?p=2460"},"modified":"2025-06-13T18:39:13","modified_gmt":"2025-06-13T16:39:13","slug":"ismert-szineszek-voltak-a-polgardi-baleset-resztvevoi","status":"publish","type":"post","link":"https:\/\/matrend.hu\/maitrend\/?p=2460","title":{"rendered":"Ismert sz\u00edn\u00e9szek voltak a Polg\u00e1rdi baleset r\u00e9sztvev\u0151i!"},"content":{"rendered":"<h3>A 29 \u00e9ves f\u00e9rfi \u2013 aki a felt\u00e9telez\u00e9sek szerint a sz\u00edn\u00e9sz h\u00e1zasp\u00e1r egyik tagja volt \u2013 olyan s\u00falyos s\u00e9r\u00fcl\u00e9seket szenvedett, hogy a ment\u0151k m\u00e1r nem tudtak seg\u00edteni rajta. A teheraut\u00f3 sof\u0151rje is megs\u00e9r\u00fclt, \u0151t k\u00f3rh\u00e1zba sz\u00e1ll\u00edtott\u00e1k. A rend\u0151rs\u00e9g nagy er\u0151kkel vonult ki a helysz\u00ednre, \u00e9s vizsg\u00e1lj\u00e1k, pontosan mi vezethetett a sokkol\u00f3 kimenetel\u0171 \u00fctk\u00f6z\u00e9shez. A baleset h\u00edre megr\u00e1zta a hazai m\u0171v\u00e9szvil\u00e1got \u2013 egy \u00e9let percek alatt szertefoszlott.<\/h3>\n<p>VIA MSN<\/p>\n<p>&#8211;<\/p>\n<p>A CR-V a Honda k\u00edn\u00e1lat\u00e1nak r\u00e9sze m\u00e1r a 90-es \u00e9vek v\u00e9g\u00e9n, akkor m\u00e9g ez volt a m\u00e1rka egyetlen SUV-ja, amely olyan versenyt\u00e1rsakkal m\u00e9rte \u00f6ssze mag\u00e1t, mint a Land Rover Freelander vagy a Toyota RAV4. Ma a CR-V a kisebb Honda HR-V \u00e9s Honda ZR-V felett helyezkedik el, mint a jap\u00e1n gy\u00e1rt\u00f3 legnagyobb SUV-ja.<br \/>\nA m\u00e9retn\u00f6veked\u00e9s term\u00e9szetesen az \u00e1remelked\u00e9ssel is j\u00e1r, hiszen a bel\u00e9p\u0151szint\u0171 Elegance modell \u00e1ra k\u00f6r\u00fclbel\u00fcl 47 500 fontt\u00f3l indul, m\u00edg az Advance felszerelts\u00e9gi szint majdnem 50 500 fontba ker\u00fcl. A plug-in hibrid, amely kiz\u00e1r\u00f3lag az Advance Tech kivitelben \u00e9rhet\u0151 el, az eredeti bevezet\u00e9s \u00f3ta \u00e1rcs\u00f6kkent\u00e9st kapott, \u00edgy \u00e1ra \u00e9ppen 50 000 font alatt van.<\/p>\n<p>M\u00e9g mindig azt gondoljuk, hogy a CR-V \u00e1ra meglehet\u0151sen magas, hiszen ezzel a kateg\u00f3ri\u00e1val m\u00e1r olyan kiv\u00e1l\u00f3 pr\u00e9mium SUV-ok versenyeznek, amelyek egy r\u00e9sz\u00e9nek r\u00e1ad\u00e1sul h\u00e9t\u00fcl\u00e9ses v\u00e1ltozata is l\u00e9tezik. Ez azonban lehetetlen a kiz\u00e1r\u00f3lag hibrid hajt\u00e1s\u00fa brit CR-V-k eset\u00e9ben, mivel az akkumul\u00e1torok \u00e9s a hozz\u00e1juk tartoz\u00f3 hibrid technol\u00f3gia elfoglalj\u00e1k azt a helyet, ahol a harmadik \u00fcl\u00e9ssor lehetne. M\u00e1s orsz\u00e1gokban a CR-V benzines v\u00e1ltozatai k\u00edn\u00e1lnak h\u00e9t\u00fcl\u00e9ses opci\u00f3t, de ez az Egyes\u00fclt Kir\u00e1lys\u00e1gban nem lesz el\u00e9rhet\u0151, mert az ottani benzines modellek fogyaszt\u00e1sa t\u00fal magas lenne az \u00edzl\u00e9s\u00fcnk szerint.<\/p>\n","protected":false},"excerpt":{"rendered":"<p>A 29 \u00e9ves f\u00e9rfi \u2013 aki a felt\u00e9telez\u00e9sek szerint a sz\u00edn\u00e9sz h\u00e1zasp\u00e1r egyik tagja volt \u2013 olyan s\u00falyos s\u00e9r\u00fcl\u00e9seket szenvedett,&#8230; <span class=\"gridview-grid-post-read-more\"><a href=\"https:\/\/matrend.hu\/maitrend\/?p=2460\">read more<span class=\"gridview-sr-only\"> Ismert sz\u00edn\u00e9szek voltak a Polg\u00e1rdi baleset r\u00e9sztvev\u0151i!<\/span><\/a><\/span><\/p>\n","protected":false},"author":1,"featured_media":2462,"comment_status":"open","ping_status":"open","sticky":false,"template":"","format":"standard","meta":{"footnotes":""},"categories":[1],"tags":[],"class_list":["post-2460","post","type-post","status-publish","format-standard","has-post-thumbnail","hentry","category-egyeb","wpcat-1-id"],"_links":{"self":[{"href":"https:\/\/matrend.hu\/maitrend\/index.php?rest_route=\/wp\/v2\/posts\/2460","targetHints":{"allow":["GET"]}}],"collection":[{"href":"https:\/\/matrend.hu\/maitrend\/index.php?rest_route=\/wp\/v2\/posts"}],"about":[{"href":"https:\/\/matrend.hu\/maitrend\/index.php?rest_route=\/wp\/v2\/types\/post"}],"author":[{"embeddable":true,"href":"https:\/\/matrend.hu\/maitrend\/index.php?rest_route=\/wp\/v2\/users\/1"}],"replies":[{"embeddable":true,"href":"https:\/\/matrend.hu\/maitrend\/index.php?rest_route=%2Fwp%2Fv2%2Fcomments&post=2460"}],"version-history":[{"count":1,"href":"https:\/\/matrend.hu\/maitrend\/index.php?rest_route=\/wp\/v2\/posts\/2460\/revisions"}],"predecessor-version":[{"id":2463,"href":"https:\/\/matrend.hu\/maitrend\/index.php?rest_route=\/wp\/v2\/posts\/2460\/revisions\/2463"}],"wp:featuredmedia":[{"embeddable":true,"href":"https:\/\/matrend.hu\/maitrend\/index.php?rest_route=\/wp\/v2\/media\/2462"}],"wp:attachment":[{"href":"https:\/\/matrend.hu\/maitrend\/index.php?rest_route=%2Fwp%2Fv2%2Fmedia&parent=2460"}],"wp:term":[{"taxonomy":"category","embeddable":true,"href":"https:\/\/matrend.hu\/maitrend\/index.php?rest_route=%2Fwp%2Fv2%2Fcategories&post=2460"},{"taxonomy":"post_tag","embeddable":true,"href":"https:\/\/matrend.hu\/maitrend\/index.php?rest_route=%2Fwp%2Fv2%2Ftags&post=2460"}],"curies":[{"name":"wp","href":"https:\/\/api.w.org\/{rel}","templated":true}]}}