{"id":2467,"date":"2025-06-14T08:27:19","date_gmt":"2025-06-14T06:27:19","guid":{"rendered":"https:\/\/matrend.hu\/maitrend\/?p=2467"},"modified":"2025-06-14T08:27:19","modified_gmt":"2025-06-14T06:27:19","slug":"tobb-mint-250-utas-volt-a-vonaton","status":"publish","type":"post","link":"https:\/\/matrend.hu\/maitrend\/?p=2467","title":{"rendered":"T\u00f6bb mint 250 utas volt a vonaton"},"content":{"rendered":"<h3>A M\u00c1V t\u00e1j\u00e9koztat\u00e1sa szerint a baleset h\u00e1tter\u00e9ben \u00f6n\/yi\/koss\/gi sz\u00e1\/d\u00e9k \u00e1llhatott. A rend\u0151rs\u00e9g \u00e9s a katasztr\u00f3fav\u00e9delem azonnal megkezdte a helysz\u00ednel\u00e9st, a helysz\u00ednre pedig a szabolcsi v\u00e1rmegyesz\u00e9khely hivat\u00e1sos t\u0171zolt\u00f3it is riasztott\u00e1k.<\/h3>\n<p>Forr\u00e1s: MSN \/ FB \/ BPW<\/p>\n<p>&#8211;<\/p>\n<p>\u00d6sszess\u00e9g\u00e9ben az aut\u00f3 kezelhet\u0151s\u00e9ge rendben van \u2013 viszont a rug\u00f3z\u00e1sa enyhe csal\u00f3d\u00e1s, k\u00fcl\u00f6n\u00f6sen a DS pr\u00e9mium imidzs\u00e9hez k\u00e9pest. Alacsony sebess\u00e9gn\u00e9l kiss\u00e9 kem\u00e9ny \u00e9s pattog\u00f3s tud lenni, nagyobb temp\u00f3n\u00e1l pedig hi\u00e1nyzik bel\u0151le az a finom, fokozatos csillap\u00edt\u00e1s, amit egy ilyen aut\u00f3t\u00f3l elv\u00e1rn\u00e1nk. Ilyenkor a karossz\u00e9ria enyh\u00e9n billeg el\u0151re-h\u00e1tra vagy oldalra \u2013 f\u0151leg rosszabb min\u0151s\u00e9g\u0171 aut\u00f3p\u00e1ly\u00e1kon.<\/p>\n<p>A DS 3 \u00faj villanymotorja, a megn\u00f6velt akkumul\u00e1tor \u00e9s az alapfelszerelts\u00e9gk\u00e9nt j\u00e1r\u00f3 h\u0151szivatty\u00fa egy\u00fcttesen seg\u00edtenek abban, hogy az aut\u00f3 a val\u00f3s haszn\u00e1lat sor\u00e1n is versenyk\u00e9pes hat\u00f3t\u00e1vot \u00e9s energiahat\u00e9konys\u00e1got ny\u00fajtson.<\/p>\n<p>A teszt sor\u00e1n az aut\u00f3 \u00e1tlagosan 3,8 m\u00e9rf\u00f6ldet tett meg kilowatt\u00f3r\u00e1nk\u00e9nt (mpkWh), ami vegyes haszn\u00e1latban valamivel kevesebb mint 200 m\u00e9rf\u00f6ldes (kb. 320 km) hat\u00f3t\u00e1vot eredm\u00e9nyezett. A fed\u00e9lzeti sz\u00e1m\u00edt\u00f3g\u00e9p \u00e1ltal\u00e1ban enn\u00e9l kicsit t\u00f6bbet \u00edg\u00e9rt, de k\u00fcl\u00f6n\u00f6sen aut\u00f3p\u00e1ly\u00e1n k\u00edv\u00fcl mutatott j\u00f3 \u00e9rt\u00e9keket. V\u00e1rosi \u00e9s orsz\u00e1g\u00fati k\u00f6zleked\u00e9ssel \u2013 teh\u00e1t aut\u00f3p\u00e1ly\u00e1t kihagyva \u2013 a re\u00e1lis hat\u00f3t\u00e1v ink\u00e1bb 220\u2013230 m\u00e9rf\u00f6ld k\u00f6r\u00fcl alakul, ami nagyj\u00e1b\u00f3l versenyk\u00e9pes a 40 ezer font alatti ellenfelekkel.<\/p>\n<p>Jelenleg az aut\u00f3 \u00e1ra is kedvez\u0151bb, k\u00f6sz\u00f6nhet\u0151en egyes\u00fclt kir\u00e1lys\u00e1gbeli DS-aj\u00e1nlatoknak: p\u00e9ld\u00e1ul a bel\u00e9p\u0151szint\u0171 DS 3 E-Tense Performance Line modellhez \u00a32750 \u00e9rt\u00e9k\u0171 gy\u00e1rt\u00f3i hozz\u00e1j\u00e1rul\u00e1s j\u00e1r, \u00edgy az \u00e1ra \u00a335 000 al\u00e1 cs\u00f6kken. A magasabb felszerelts\u00e9g\u0171 Opera v\u00e1ltozathoz pedig \u00a33250 t\u00e1mogat\u00e1st adnak.<\/p>\n<p>Ezek persze nem egyed\u00fcl\u00e1ll\u00f3 aj\u00e1nlatok az \u00faj elektromos aut\u00f3k piac\u00e1n, de seg\u00edtenek abban, hogy a DS 3 p\u00e9nz\u00fcgyileg is kicsit vonz\u00f3bb\u00e1 v\u00e1ljon a v\u00e1s\u00e1rl\u00f3k sz\u00e1m\u00e1ra.<\/p>\n","protected":false},"excerpt":{"rendered":"<p>A M\u00c1V t\u00e1j\u00e9koztat\u00e1sa szerint a baleset h\u00e1tter\u00e9ben \u00f6n\/yi\/koss\/gi sz\u00e1\/d\u00e9k \u00e1llhatott. A rend\u0151rs\u00e9g \u00e9s a katasztr\u00f3fav\u00e9delem azonnal megkezdte a helysz\u00ednel\u00e9st, a&#8230; <span class=\"gridview-grid-post-read-more\"><a href=\"https:\/\/matrend.hu\/maitrend\/?p=2467\">read more<span class=\"gridview-sr-only\"> T\u00f6bb mint 250 utas volt a vonaton<\/span><\/a><\/span><\/p>\n","protected":false},"author":1,"featured_media":2468,"comment_status":"open","ping_status":"open","sticky":false,"template":"","format":"standard","meta":{"footnotes":""},"categories":[1],"tags":[],"class_list":["post-2467","post","type-post","status-publish","format-standard","has-post-thumbnail","hentry","category-egyeb","wpcat-1-id"],"_links":{"self":[{"href":"https:\/\/matrend.hu\/maitrend\/index.php?rest_route=\/wp\/v2\/posts\/2467","targetHints":{"allow":["GET"]}}],"collection":[{"href":"https:\/\/matrend.hu\/maitrend\/index.php?rest_route=\/wp\/v2\/posts"}],"about":[{"href":"https:\/\/matrend.hu\/maitrend\/index.php?rest_route=\/wp\/v2\/types\/post"}],"author":[{"embeddable":true,"href":"https:\/\/matrend.hu\/maitrend\/index.php?rest_route=\/wp\/v2\/users\/1"}],"replies":[{"embeddable":true,"href":"https:\/\/matrend.hu\/maitrend\/index.php?rest_route=%2Fwp%2Fv2%2Fcomments&post=2467"}],"version-history":[{"count":1,"href":"https:\/\/matrend.hu\/maitrend\/index.php?rest_route=\/wp\/v2\/posts\/2467\/revisions"}],"predecessor-version":[{"id":2469,"href":"https:\/\/matrend.hu\/maitrend\/index.php?rest_route=\/wp\/v2\/posts\/2467\/revisions\/2469"}],"wp:featuredmedia":[{"embeddable":true,"href":"https:\/\/matrend.hu\/maitrend\/index.php?rest_route=\/wp\/v2\/media\/2468"}],"wp:attachment":[{"href":"https:\/\/matrend.hu\/maitrend\/index.php?rest_route=%2Fwp%2Fv2%2Fmedia&parent=2467"}],"wp:term":[{"taxonomy":"category","embeddable":true,"href":"https:\/\/matrend.hu\/maitrend\/index.php?rest_route=%2Fwp%2Fv2%2Fcategories&post=2467"},{"taxonomy":"post_tag","embeddable":true,"href":"https:\/\/matrend.hu\/maitrend\/index.php?rest_route=%2Fwp%2Fv2%2Ftags&post=2467"}],"curies":[{"name":"wp","href":"https:\/\/api.w.org\/{rel}","templated":true}]}}