{"id":2495,"date":"2025-06-15T22:49:12","date_gmt":"2025-06-15T20:49:12","guid":{"rendered":"https:\/\/matrend.hu\/maitrend\/?p=2495"},"modified":"2025-06-15T22:49:12","modified_gmt":"2025-06-15T20:49:12","slug":"szajon-erte-sipos-peter-feher-krisztiant","status":"publish","type":"post","link":"https:\/\/matrend.hu\/maitrend\/?p=2495","title":{"rendered":"Sz\u00e1jon \\\/erte Sipos P\u00e9ter Feh\u00e9r Kriszti\u00e1nt!"},"content":{"rendered":"<h3>Szerinte ezek az \u00fajdons\u00fclt el\u0151ad\u00f3k abba a hitbe ringatj\u00e1k magukat, hogy minden k\u00f6r\u00fcl\u00f6tt\u00fck forog \u2013 pedig val\u00f3j\u00e1ban nincsenek felk\u00e9sz\u00fclve az \u00e9letre a sz\u00ednpadon k\u00edv\u00fcl. \u201eBerakj\u00e1k \u0151ket egy m\u0171sorba, kapnak frizur\u00e1t, stylistot, mikrofont, azt\u00e1n amikor egy falunapon nincs profi hangcucc, teljesen lefagynak. Mi is rengeteg borzalmas helyen l\u00e9pt\u00fcnk fel, de megtanultunk mindent megoldani. Ez a tanul\u00f3p\u00e1lya kimarad n\u00e1luk.\u201d \u2013 mondta.<br \/>\nA humorista hozz\u00e1tette: vannak olyan tapasztalt szakemberek, akik az ilyen viselked\u00e9st egy p\/fonnal z\u00e1rt\u00e1k volna r\u00f6vidre. Pog\u00e1ny Indul\u00f3 sem maradt ki a sz\u00f3kimond\u00f3 kritik\u00e1b\u00f3l \u2013 Sipos szerint hiteltelen az a p\u00f3z, amit felvesz: \u201eNem egy neh\u00e9z sors\u00fa sr\u00e1c, m\u00e9gis \u00fagy adja el\u0151, mintha a h\u00e1tsz\u00e9l mindig szembe f\u00fajt volna. Nekem ez m\u00e1r az elej\u00e9t\u0151l nem volt szimpatikus.\u201d<br \/>\n&#8222;\u00dagy pof\u00e1n b**ta volna, hogy haz\u00e1ig rep\u00fcl&#8221;- fogalmazott Sipos Peti.<\/h3>\n<p>VIA YT<\/p>\n<p>&#8211;<\/p>\n<p>B\u00e1r a leg\u00fajabb Volvo V90 kombi m\u00e1r nem az abszol\u00fat cs\u00facstart\u00f3, ha a csomagt\u00e9r m\u00e9rete a f\u0151 szempont, m\u00e9g mindig b\u0151ven van, ami\u00e9rt \u00e9rdemes sz\u00e1molni vele. Kell\u0151en praktikus, tele van hasznos funkci\u00f3kkal, sokoldal\u00fas\u00e1ga pedig leny\u0171g\u00f6z\u0151 formatervez\u00e9ssel, eleg\u00e1ns \u00e9s minimalista bels\u0151 t\u00e9rrel, valamint nyugodt, k\u00e9nyelmes vezet\u00e9si \u00e9lm\u00e9nnyel p\u00e1rosul.<br \/>\nA V90 komfortorient\u00e1lt karaktere miatt az aut\u00f3 vezet\u00e9se igazi \u00e9lm\u00e9ny \u2013 felt\u00e9ve, hogy nem v\u00e1rjuk el t\u0151le a kateg\u00f3ria legjobbjainak sportos kezelhet\u0151s\u00e9g\u00e9t. A motorv\u00e1laszt\u00e9kot m\u00e1ra k\u00e9t plug-in hibrid v\u00e1ltozatra sz\u0171k\u00edtett\u00e9k, de teljes\u00edtm\u00e9nyben egyik sem szenved hi\u00e1nyt. D\u00edzelv\u00e1ltozat m\u00e1r nem kaphat\u00f3, ami a sokat utaz\u00f3k sz\u00e1m\u00e1ra h\u00e1tr\u00e1nyt jelenthet, k\u00fcl\u00f6n\u00f6sen a Mercedes E-oszt\u00e1ly kombij\u00e1hoz k\u00e9pest. Ugyanakkor a V90 \u00e1ra kedvez\u0151bb, mint a BMW 5-\u00f6s Touring vagy az E-oszt\u00e1ly plug-in hibridjei\u00e9, r\u00e1ad\u00e1sul a Volvo alapfelszerelts\u00e9ge b\u0151kez\u0171bb is.<\/p>\n<p>Volvo V90: \u00e1r, felszerelts\u00e9g \u00e9s versenyt\u00e1rsak<br \/>\nB\u00e1r egy id\u0151re kiker\u00fclt a k\u00edn\u00e1latb\u00f3l, a Volvo V90 kombi visszat\u00e9rt, ak\u00e1rcsak kisebb testv\u00e9re, a V60. Azonban a V60-szal ellent\u00e9tben a V90 kiz\u00e1r\u00f3lag plug-in hibrid hajt\u00e1ssal el\u00e9rhet\u0151, m\u00e9ghozz\u00e1 ugyanazokkal a hajt\u00e1sl\u00e1ncokkal, mint amelyek a V60-ban \u00e9s az elismert XC90 SUV-ban is megtal\u00e1lhat\u00f3k.<br \/>\nA V90 igazi er\u0151ss\u00e9ge a bels\u0151 tere \u00e9s a kiemelked\u0151 menetkomfort. Az utast\u00e9r el\u00e9g t\u00e1gas ahhoz, hogy n\u00e9gy feln\u0151tt hosszabb utakra is k\u00e9nyelmesen elf\u00e9rjen benne, a kivitelez\u00e9s pedig pr\u00e9miumszint\u0171 \u2013 letisztult, rendezett m\u0171szerfal\u00e1val, amely k\u00f6nnyen kezelhet\u0151. Menet k\u00f6zben a V90 k\u00fcl\u00f6n\u00f6sen csendes \u00e9s kifinomult, m\u00e9g aut\u00f3p\u00e1ly\u00e1n, nagyobb sebess\u00e9gn\u00e9l is meg\u0151rzi nyugalm\u00e1t.<\/p>\n","protected":false},"excerpt":{"rendered":"<p>Szerinte ezek az \u00fajdons\u00fclt el\u0151ad\u00f3k abba a hitbe ringatj\u00e1k magukat, hogy minden k\u00f6r\u00fcl\u00f6tt\u00fck forog \u2013 pedig val\u00f3j\u00e1ban nincsenek felk\u00e9sz\u00fclve az&#8230; <span class=\"gridview-grid-post-read-more\"><a href=\"https:\/\/matrend.hu\/maitrend\/?p=2495\">read more<span class=\"gridview-sr-only\"> Sz\u00e1jon \\\/erte Sipos P\u00e9ter Feh\u00e9r Kriszti\u00e1nt!<\/span><\/a><\/span><\/p>\n","protected":false},"author":1,"featured_media":2496,"comment_status":"open","ping_status":"open","sticky":false,"template":"","format":"standard","meta":{"footnotes":""},"categories":[1],"tags":[],"class_list":["post-2495","post","type-post","status-publish","format-standard","has-post-thumbnail","hentry","category-egyeb","wpcat-1-id"],"_links":{"self":[{"href":"https:\/\/matrend.hu\/maitrend\/index.php?rest_route=\/wp\/v2\/posts\/2495","targetHints":{"allow":["GET"]}}],"collection":[{"href":"https:\/\/matrend.hu\/maitrend\/index.php?rest_route=\/wp\/v2\/posts"}],"about":[{"href":"https:\/\/matrend.hu\/maitrend\/index.php?rest_route=\/wp\/v2\/types\/post"}],"author":[{"embeddable":true,"href":"https:\/\/matrend.hu\/maitrend\/index.php?rest_route=\/wp\/v2\/users\/1"}],"replies":[{"embeddable":true,"href":"https:\/\/matrend.hu\/maitrend\/index.php?rest_route=%2Fwp%2Fv2%2Fcomments&post=2495"}],"version-history":[{"count":1,"href":"https:\/\/matrend.hu\/maitrend\/index.php?rest_route=\/wp\/v2\/posts\/2495\/revisions"}],"predecessor-version":[{"id":2497,"href":"https:\/\/matrend.hu\/maitrend\/index.php?rest_route=\/wp\/v2\/posts\/2495\/revisions\/2497"}],"wp:featuredmedia":[{"embeddable":true,"href":"https:\/\/matrend.hu\/maitrend\/index.php?rest_route=\/wp\/v2\/media\/2496"}],"wp:attachment":[{"href":"https:\/\/matrend.hu\/maitrend\/index.php?rest_route=%2Fwp%2Fv2%2Fmedia&parent=2495"}],"wp:term":[{"taxonomy":"category","embeddable":true,"href":"https:\/\/matrend.hu\/maitrend\/index.php?rest_route=%2Fwp%2Fv2%2Fcategories&post=2495"},{"taxonomy":"post_tag","embeddable":true,"href":"https:\/\/matrend.hu\/maitrend\/index.php?rest_route=%2Fwp%2Fv2%2Ftags&post=2495"}],"curies":[{"name":"wp","href":"https:\/\/api.w.org\/{rel}","templated":true}]}}