{"id":2504,"date":"2025-06-16T15:40:48","date_gmt":"2025-06-16T13:40:48","guid":{"rendered":"https:\/\/matrend.hu\/maitrend\/?p=2504"},"modified":"2025-06-16T15:40:48","modified_gmt":"2025-06-16T13:40:48","slug":"elkepeszto-elethelyzet-igy-vetett-veget-eletenek-bay-eva","status":"publish","type":"post","link":"https:\/\/matrend.hu\/maitrend\/?p=2504","title":{"rendered":"Elk\u00e9peszt\u0151 \u00e9lethelyzet: \u00cdgy vetett v\u00e9get \u00e9let\u00e9nek Bay \u00c9va"},"content":{"rendered":"<h3>A h\u00e1zass\u00e1g lez\u00e1r\u00e1sa ut\u00e1n \u00c9va sz\u00fcleihez k\u00f6lt\u00f6z\u00f6tt vissza, \u00e9s pszichi\u00e1triai t\u00e1mogat\u00e1st is kapott: egy ismer\u0151s r\u00e9v\u00e9n r\u00e9szt vett egy alv\u00f3k\u00far\u00e1n, amely sor\u00e1n k\u00e9t h\u00e9tig gy*gyszeresen altatt\u00e1k \u2013 ez seg\u00edtette \u00e1t a legnehezebb id\u0151szakon. A ter\u00e1pia ut\u00e1n \u00faj lend\u00fcletet kapott, mintha \u00faj emberr\u00e9 v\u00e1lt volna. \u00c9vekkel k\u00e9s\u0151bb megismerte m\u00e1sodik f\u00e9rj\u00e9t, Marczali L\u00e1szl\u00f3 operat\u0151rt, akivel imm\u00e1r t\u00f6bb mint negyven\u00f6t \u00e9ve \u00e9l szeretetben \u00e9s harm\u00f3ni\u00e1ban.<\/h3>\n<p>VIA Story<\/p>\n<p>&#8211;<\/p>\n<p>A h\u00e1ts\u00f3ker\u00e9k-hajt\u00e1s\u00fa, 2,5 literes benzines v\u00e1ltozat \u00e1tlagosan 7,0 l\/100 km (33,9 mpg) k\u00f6r\u00fcli fogyaszt\u00e1st tud, m\u00edg az \u00f6sszker\u00e9khajt\u00e1s\u00fa verzi\u00f3 kiss\u00e9 t\u00f6bbet, 7,5 l\/100 km (31,2 mpg). A CO\u2082-kibocs\u00e1t\u00e1s ennek megfelel\u0151en viszonylag magas: 189\u2013210 g\/km. Ha siker\u00fcl egy haszn\u00e1lt d\u00edzelmodellt tal\u00e1lni, akkor a gy\u00e1ri adatok szerint kb. 5,2 l\/100 km-es \u00e1tlagfogyaszt\u00e1sra lehet sz\u00e1m\u00edtani.<br \/>\nA c\u00e9ges aut\u00f3sok szempontj\u00e1b\u00f3l sokkal kedvez\u0151bb lett az \u00faj Electrified G80. Kor\u00e1bban minden v\u00e1ltozat a legmagasabb, 37%-os Benefit-in-Kind (BiK) ad\u00f3s\u00e1vba esett, mivel nem haszn\u00e1ltak hibrid technol\u00f3gi\u00e1t. Most azonban a tiszt\u00e1n elektromos G80 mind\u00f6ssze 2%-os BiK-ad\u00f3kulcs al\u00e1 esik, mik\u00f6zben WLTP-hat\u00f3t\u00e1vols\u00e1ga 520 km (323 m\u00e9rf\u00f6ld). A modell a GV60-b\u00f3l ismer\u0151s 800 voltos elektromos architekt\u00far\u00e1t haszn\u00e1lja, \u00edgy 10\u201380% k\u00f6z\u00f6tti t\u00f6lt\u00e9s mind\u00f6ssze 22 perc alatt elv\u00e9gezhet\u0151.<\/p>\n<p>Ha valaki pr\u00e9mium szed\u00e1nt v\u00e1s\u00e1rol, aligha lep\u0151dik meg azon, hogy a biztos\u00edt\u00e1si d\u00edjak magasabbak az \u00e1tlagn\u00e1l \u2013 ez a G80 eset\u00e9ben is \u00edgy van. A m\u00e1r nem gy\u00e1rtott d\u00edzel Premium Line modell is a 40-es biztos\u00edt\u00e1si kateg\u00f3ri\u00e1ba esett, a 2,5 literes benzines Luxury Line pedig a 43-as csoportba tartozik. A leger\u0151sebb, elektromos Electrified G80 a legmagasabb, 50-es kateg\u00f3ri\u00e1ba sorolt.<br \/>\nA Genesis G80 fels\u0151kateg\u00f3ri\u00e1s szed\u00e1n egy olyan aut\u00f3, amely azonnal mag\u00e1ra vonja a figyelmet: a k\u00fcls\u0151 megjelen\u00e9se kifejezetten st\u00edlusos, m\u00edg a luxus \u00e9rzetet kelt\u0151, ig\u00e9nyes utast\u00e9r m\u00e1r els\u0151 pillant\u00e1sra is jelzi, mennyire komolyan veszi a koreai pr\u00e9mium m\u00e1rka a c\u00e9lj\u00e1t, hogy vev\u0151ket cs\u00e1b\u00edtson el a Mercedes, a BMW \u00e9s az Audi k\u00edn\u00e1lat\u00e1t\u00f3l.<br \/>\nA G80 kidolgoz\u00e1si min\u0151s\u00e9ge \u00e9s \u00f6sszeszerel\u00e9se k\u00e9ts\u00e9gk\u00edv\u00fcl meg\u00e1llja a hely\u00e9t ebben az er\u0151sen verseng\u0151 szegmensben, ugyanakkor az aut\u00f3 k\u00e9pess\u00e9gei m\u00e9g nem \u00e9rik el a kateg\u00f3ria legjobbjainak szintj\u00e9t. A fut\u00f3m\u0171 kiss\u00e9 feszes hangol\u00e1s\u00fa, ami kompromisszumokat eredm\u00e9nyez a menetkomfort ter\u00e9n, \u00e9s az is h\u00e1tr\u00e1ny, hogy a modellv\u00e1laszt\u00e9kban sem hibrid, sem plug-in hibrid opci\u00f3 nem \u00e9rhet\u0151 el \u2013 csup\u00e1n benzines vagy teljesen elektromos v\u00e1ltozat k\u00f6z\u00fcl lehet v\u00e1lasztani.<\/p>\n","protected":false},"excerpt":{"rendered":"<p>A h\u00e1zass\u00e1g lez\u00e1r\u00e1sa ut\u00e1n \u00c9va sz\u00fcleihez k\u00f6lt\u00f6z\u00f6tt vissza, \u00e9s pszichi\u00e1triai t\u00e1mogat\u00e1st is kapott: egy ismer\u0151s r\u00e9v\u00e9n r\u00e9szt vett egy alv\u00f3k\u00far\u00e1n,&#8230; <span class=\"gridview-grid-post-read-more\"><a href=\"https:\/\/matrend.hu\/maitrend\/?p=2504\">read more<span class=\"gridview-sr-only\"> Elk\u00e9peszt\u0151 \u00e9lethelyzet: \u00cdgy vetett v\u00e9get \u00e9let\u00e9nek Bay \u00c9va<\/span><\/a><\/span><\/p>\n","protected":false},"author":1,"featured_media":2505,"comment_status":"open","ping_status":"open","sticky":false,"template":"","format":"standard","meta":{"footnotes":""},"categories":[1],"tags":[],"class_list":["post-2504","post","type-post","status-publish","format-standard","has-post-thumbnail","hentry","category-egyeb","wpcat-1-id"],"_links":{"self":[{"href":"https:\/\/matrend.hu\/maitrend\/index.php?rest_route=\/wp\/v2\/posts\/2504","targetHints":{"allow":["GET"]}}],"collection":[{"href":"https:\/\/matrend.hu\/maitrend\/index.php?rest_route=\/wp\/v2\/posts"}],"about":[{"href":"https:\/\/matrend.hu\/maitrend\/index.php?rest_route=\/wp\/v2\/types\/post"}],"author":[{"embeddable":true,"href":"https:\/\/matrend.hu\/maitrend\/index.php?rest_route=\/wp\/v2\/users\/1"}],"replies":[{"embeddable":true,"href":"https:\/\/matrend.hu\/maitrend\/index.php?rest_route=%2Fwp%2Fv2%2Fcomments&post=2504"}],"version-history":[{"count":1,"href":"https:\/\/matrend.hu\/maitrend\/index.php?rest_route=\/wp\/v2\/posts\/2504\/revisions"}],"predecessor-version":[{"id":2506,"href":"https:\/\/matrend.hu\/maitrend\/index.php?rest_route=\/wp\/v2\/posts\/2504\/revisions\/2506"}],"wp:featuredmedia":[{"embeddable":true,"href":"https:\/\/matrend.hu\/maitrend\/index.php?rest_route=\/wp\/v2\/media\/2505"}],"wp:attachment":[{"href":"https:\/\/matrend.hu\/maitrend\/index.php?rest_route=%2Fwp%2Fv2%2Fmedia&parent=2504"}],"wp:term":[{"taxonomy":"category","embeddable":true,"href":"https:\/\/matrend.hu\/maitrend\/index.php?rest_route=%2Fwp%2Fv2%2Fcategories&post=2504"},{"taxonomy":"post_tag","embeddable":true,"href":"https:\/\/matrend.hu\/maitrend\/index.php?rest_route=%2Fwp%2Fv2%2Ftags&post=2504"}],"curies":[{"name":"wp","href":"https:\/\/api.w.org\/{rel}","templated":true}]}}