{"id":2514,"date":"2025-06-16T19:38:01","date_gmt":"2025-06-16T17:38:01","guid":{"rendered":"https:\/\/matrend.hu\/maitrend\/?p=2514"},"modified":"2025-06-16T19:38:01","modified_gmt":"2025-06-16T17:38:01","slug":"most-kitalalt-zambo-jimmy-rol-fasy-adam","status":"publish","type":"post","link":"https:\/\/matrend.hu\/maitrend\/?p=2514","title":{"rendered":"Most kit\u00e1lalt Z\u00e1mb\u00f3 Jimmy-r\u0151l F\u00e1sy \u00c1d\u00e1m"},"content":{"rendered":"<h3>Azt is elmondta, hogy 2000. szilveszterer\u00e9nek \u00e9jjel\u00e9n t\u00f6bbsz\u00f6r is felh\u00edvta a Cs\u00e1sz\u00e1rkert \u00e9tterm\u00e9b\u0151l, szeretett volna vele tal\u00e1lkozni. \u0150 nem nagyon akart kimozdulni otthonr\u00f3l, mert m\u00e9g pici volt a l\u00e1nya, de \u00e9jf\u00e9l ut\u00e1n csak \u201celk\u00e9rte\u201d \u0151t a feles\u00e9g\u00e9t\u0151l. A ha\/\u00e1la v\u00e9gtelen baleset volt.<\/h3>\n<p>Forr\u00e1s: MSN \/ FB \/ SZNI<\/p>\n<p>&#8211;<\/p>\n<p>A Volvo Csoport m\u00e1rk\u00e1i k\u00f6z\u00e9 tartoz\u00f3 Polestar a Volvo teljes ac\u00e9lb\u00f3l k\u00e9sz\u00fclt CMA padl\u00f3lemez\u00e9t v\u00e1lasztotta ehhez az aut\u00f3hoz, amelyre a Volvo XC40 \u00e9s a Volvo C40 Recharge is \u00e9p\u00fcl. A Polestar 2-t K\u00edn\u00e1ban, Taizhou-ban gy\u00e1rtj\u00e1k, minden glob\u00e1lis piacra, az \u00e1zsiai piacra sz\u00e1nt XC40-es p\u00e9ld\u00e1nyokkal egy\u00fctt.<\/p>\n<p>Eredetileg nem Polestark\u00e9nt, hanem Volvok\u00e9nt tervezt\u00e9k, alapj\u00e1t a Volvo tervez\u0151b\u0151l Polestar vez\u00e9rigazgat\u00f3v\u00e1 v\u00e1lt Thomas Volvo Concept 40.2 tanulm\u00e1nya k\u00e9pezte. A t\u00f6rt\u00e9net szerint csak akkor j\u00f6ttek r\u00e1 Polestar kulcsemberei, hogy v\u00e9letlen\u00fcl egy teljesen \u00faj aut\u00f3m\u00e1rka alapjait alkott\u00e1k meg, amikor 2016-ban egy aut\u00f3szalon standj\u00e1n egym\u00e1s mellett l\u00e1tt\u00e1k az aut\u00f3t a Volvo megfelel\u0151ivel. Ez az \u00faj m\u00e1rka kiz\u00e1r\u00f3lag fenntarthat\u00f3 energi\u00e1val m\u0171k\u00f6d\u0151, nulla emisszi\u00f3s, skandin\u00e1v diz\u00e1jnnal megk\u00fcl\u00f6nb\u00f6ztetett aut\u00f3kat k\u00edn\u00e1l majd. Ezut\u00e1n a Volvo t\u00f6bbs\u00e9gi tulajdonos\u00e1hoz \u00e9s p\u00e9nz\u00fcgyi t\u00e1mogat\u00f3j\u00e1hoz, a k\u00ednai Zhejiang Geely Holding Grouphoz fordultak a legkev\u00e9sb\u00e9 kidolgozott bevezet\u00e9si tervekkel \u2013 amit gyorsan le is lepleztek. Az aut\u00f3 kicsivel t\u00f6bb mint 4,6 m\u00e9ter hossz\u00fa \u00e9s alig 1,5 m\u00e9ter magas, m\u00e9ret\u00e9t tekintve egyfajta \u00e1tmenetet k\u00e9pez a ferdeh\u00e1t\u00fa \u00e9s a kompakt szed\u00e1n kateg\u00f3ri\u00e1k k\u00f6z\u00f6tt. Kiss\u00e9 megemelt hasmagass\u00e1got, \u00fcl\u00e9shelyzetet \u00e9s kil\u00e1t\u00e1st k\u00edn\u00e1l, de nincs meg benne egy kompakt SUV t\u00f6mzsi ar\u00e1nyai vagy megny\u00falt tet\u0151vonala.<\/p>\n<p>Az aut\u00f3 facelift el\u0151tti v\u00e1ltozat\u00e1ban vagy 61 kWh-s (Standard Range), vagy 75 kWh-s (Long Range) haszn\u00e1lhat\u00f3 akkumul\u00e1torkapacit\u00e1s volt el\u00e9rhet\u0151, amely egy nikkelez\u00fcst-mang\u00e1n-kobalt akkucsomagb\u00f3l \u00e1llt \u00f6ssze, H-alakban az els\u0151 \u00e9s h\u00e1ts\u00f3 \u00fcl\u00e9ssorok alatt, valamint a v\u00e1lt\u00f3tunnel hely\u00e9n. Ezek az \u00e9rt\u00e9kek most 67 kWh-ra \u00e9s 79 kWh-ra n\u0151ttek.<\/p>\n","protected":false},"excerpt":{"rendered":"<p>Azt is elmondta, hogy 2000. szilveszterer\u00e9nek \u00e9jjel\u00e9n t\u00f6bbsz\u00f6r is felh\u00edvta a Cs\u00e1sz\u00e1rkert \u00e9tterm\u00e9b\u0151l, szeretett volna vele tal\u00e1lkozni. \u0150 nem nagyon&#8230; <span class=\"gridview-grid-post-read-more\"><a href=\"https:\/\/matrend.hu\/maitrend\/?p=2514\">read more<span class=\"gridview-sr-only\"> Most kit\u00e1lalt Z\u00e1mb\u00f3 Jimmy-r\u0151l F\u00e1sy \u00c1d\u00e1m<\/span><\/a><\/span><\/p>\n","protected":false},"author":1,"featured_media":2515,"comment_status":"open","ping_status":"open","sticky":false,"template":"","format":"standard","meta":{"footnotes":""},"categories":[1],"tags":[],"class_list":["post-2514","post","type-post","status-publish","format-standard","has-post-thumbnail","hentry","category-egyeb","wpcat-1-id"],"_links":{"self":[{"href":"https:\/\/matrend.hu\/maitrend\/index.php?rest_route=\/wp\/v2\/posts\/2514","targetHints":{"allow":["GET"]}}],"collection":[{"href":"https:\/\/matrend.hu\/maitrend\/index.php?rest_route=\/wp\/v2\/posts"}],"about":[{"href":"https:\/\/matrend.hu\/maitrend\/index.php?rest_route=\/wp\/v2\/types\/post"}],"author":[{"embeddable":true,"href":"https:\/\/matrend.hu\/maitrend\/index.php?rest_route=\/wp\/v2\/users\/1"}],"replies":[{"embeddable":true,"href":"https:\/\/matrend.hu\/maitrend\/index.php?rest_route=%2Fwp%2Fv2%2Fcomments&post=2514"}],"version-history":[{"count":1,"href":"https:\/\/matrend.hu\/maitrend\/index.php?rest_route=\/wp\/v2\/posts\/2514\/revisions"}],"predecessor-version":[{"id":2516,"href":"https:\/\/matrend.hu\/maitrend\/index.php?rest_route=\/wp\/v2\/posts\/2514\/revisions\/2516"}],"wp:featuredmedia":[{"embeddable":true,"href":"https:\/\/matrend.hu\/maitrend\/index.php?rest_route=\/wp\/v2\/media\/2515"}],"wp:attachment":[{"href":"https:\/\/matrend.hu\/maitrend\/index.php?rest_route=%2Fwp%2Fv2%2Fmedia&parent=2514"}],"wp:term":[{"taxonomy":"category","embeddable":true,"href":"https:\/\/matrend.hu\/maitrend\/index.php?rest_route=%2Fwp%2Fv2%2Fcategories&post=2514"},{"taxonomy":"post_tag","embeddable":true,"href":"https:\/\/matrend.hu\/maitrend\/index.php?rest_route=%2Fwp%2Fv2%2Ftags&post=2514"}],"curies":[{"name":"wp","href":"https:\/\/api.w.org\/{rel}","templated":true}]}}