{"id":2520,"date":"2025-06-17T17:24:48","date_gmt":"2025-06-17T15:24:48","guid":{"rendered":"https:\/\/matrend.hu\/maitrend\/?p=2520"},"modified":"2025-06-17T17:24:48","modified_gmt":"2025-06-17T15:24:48","slug":"debreceni-nyugdijas-dramaja","status":"publish","type":"post","link":"https:\/\/matrend.hu\/maitrend\/?p=2520","title":{"rendered":"Debreceni nyugd\u00edjas dr\u00e1m\u00e1ja!"},"content":{"rendered":"<h3>A rend\u0151rs\u00e9g sajt\u00f3sz\u00f3viv\u0151je a lap \u00e9rdekl\u0151d\u00e9s\u00e9re k\u00f6z\u00f6lte, hogy a Debreceni Rend\u0151rkapit\u00e1nys\u00e1g k\u00f6zigazgat\u00e1si hat\u00f3s\u00e1gi elj\u00e1r\u00e1sban vizsg\u00e1lja az esetet, teh\u00e1t idegenkez\u0171s\u00e9g, b\u0171\/cselekm\u00e9ny gyan\u00faja nem mer\u00fclt fel. A 24 inform\u00e1ci\u00f3i szerint a nyugd\u00edjas feltehet\u0151en \u00e9g\u00e9sgyors\u00edt\u00f3t \u00f6nt\u00f6tt ma\/\u00e1ra, majd fe\/gy\u00fa\/totta mag\u00e1t.<\/h3>\n<p>Forr\u00e1s: MSN \/ FB \/ EZT<\/p>\n<p>&#8211;<\/p>\n<p>Ugyanakkor a Dynamic m\u00f3d val\u00f3ban \u00e9szrevehet\u0151en jav\u00edtja a fut\u00f3m\u0171 reakci\u00f3it \u00e9s a karossz\u00e9ria kontrollj\u00e1t, \u00edgy ha temp\u00f3sabban szeretn\u00e9nk k\u00f6zlekedni, a Velar k\u00e9pes alkalmazkodni. A l\u00e9grug\u00f3z\u00e1s soha nem v\u00e1lik hangoss\u00e1 vagy \u201e\u00fcregesen pattog\u00f3v\u00e1\u201d \u2013 ami m\u00e1s l\u00e9grug\u00f3s rendszerekn\u00e9l gyakran el\u0151fordul. B\u00e1r nem \u00e9ri el a nagy testv\u00e9rek (RR \u00e9s RR Sport) szintj\u00e9t rug\u00f3z\u00e1si elszigetelts\u00e9gben, m\u00e9g \u00edgy is kiemelked\u0151 szintet k\u00e9pvisel a konkurensek k\u00f6z\u00f6tt.<\/p>\n<p>V\u00e9gsz\u00f3: Igazi Range Rover \u2013 modern k\u00f6nt\u00f6sben<\/p>\n<p>A klasszikus Range Rover vezet\u00e9si \u00e9lm\u00e9nyt jellemz\u0151 l\u00e1gy ir\u00e1nyv\u00e1lt\u00e1sok \u00e9s enyhe oldald\u0151l\u00e9s itt is megmaradtak, ha er\u0151sebben hajtjuk meg az aut\u00f3t \u2013 \u00e9s ez \u00edgy van rendj\u00e9n. Ha a JLR egy teljesen m\u00e1s karakter\u0171 aut\u00f3t k\u00e9sz\u00edtett volna, az tal\u00e1n m\u00e1r nem is t\u0171nne Range Rovernek.<\/p>\n<p>A Velar teh\u00e1t egy kiv\u00e9telesen k\u00e9nyelmes, st\u00edlusos, \u00e9s meglep\u0151en vezet\u0151bar\u00e1t pr\u00e9mium SUV, amely m\u00e9lt\u00f3 a Range Rover n\u00e9vhez \u2013 csak \u00e9pp egy modernebb, agilisabb \u00e9s kifinomultabb form\u00e1ban.<\/p>\n<p>Ha esetleg dr\u00e1ga a Range Rover van egy t\u00f6k\u00e9letes SUV ami nem m\u00e1s mint a Nissan!<\/p>\n<p>Azok sz\u00e1m\u00e1ra, akik nem engedhetik meg maguknak a Nissan X-Trail dr\u00e1g\u00e1bb, teljes \u00e9rt\u00e9k\u0171 e-Power hibrid verzi\u00f3j\u00e1t, a gy\u00e1rt\u00f3 egy kedvez\u0151bb \u00e1r\u00fa, mild-hibrid v\u00e1ltozatot is k\u00edn\u00e1l. Ez a modell ugyanarra a v\u00e1ltoztathat\u00f3 kompresszi\u00f3viszony\u00fa, h\u00e1romhengeres benzinmotorra \u00e9p\u00fcl, amely a teljes hibrid verzi\u00f3ban is megtal\u00e1lhat\u00f3, \u00e1m itt m\u00e1s m\u00f3don ker\u00fcl felhaszn\u00e1l\u00e1sra.<\/p>\n<p>M\u00edg a teljes hibrid v\u00e1ltozatban a benzinmotor kiz\u00e1r\u00f3lag gener\u00e1tork\u00e9nt szolg\u00e1l, \u00e9s az els\u0151 (vagy mind a n\u00e9gy) kereket villanymotor hajtja, addig a mild-hibrid X-Trail eset\u00e9ben a bels\u0151 \u00e9g\u00e9s\u0171 motor k\u00f6zvetlen\u00fcl hajtja az els\u0151 kerekeket, m\u00e9gpedig egy hagyom\u00e1nyos fokozatmentes automata v\u00e1lt\u00f3n (CVT) kereszt\u00fcl.<\/p>\n<p>A hajt\u00e1sl\u00e1nc teh\u00e1t sokkal egyszer\u0171bb, \u00e9s k\u00f6lts\u00e9ghat\u00e9konyabb is, ugyanakkor kev\u00e9sb\u00e9 kifinomult vagy technol\u00f3giailag fejlett, mint az e-Power rendszer. A mild-hibrid rendszer itt egy 12 voltos fesz\u00fclts\u00e9g\u0171 megold\u00e1s, amely nem teszi lehet\u0151v\u00e9 a tiszt\u00e1n elektromos halad\u00e1st, \u00e9s nem szolg\u00e1l jelent\u0151s teljes\u00edtm\u00e9nyn\u00f6vel\u00e9sre sem. A rendszer f\u0151 feladata, hogy a motor le\u00e1ll\u00edt\u00e1s\u00e1t \u00e9s \u00fajraind\u00edt\u00e1s\u00e1t sim\u00e1bb\u00e1 tegye \u2013 ez k\u00fcl\u00f6n\u00f6sen a v\u00e1rosi forgalomban, gyakori meg\u00e1ll\u00e1sokn\u00e1l j\u00f6n j\u00f3l.<\/p>\n","protected":false},"excerpt":{"rendered":"<p>A rend\u0151rs\u00e9g sajt\u00f3sz\u00f3viv\u0151je a lap \u00e9rdekl\u0151d\u00e9s\u00e9re k\u00f6z\u00f6lte, hogy a Debreceni Rend\u0151rkapit\u00e1nys\u00e1g k\u00f6zigazgat\u00e1si hat\u00f3s\u00e1gi elj\u00e1r\u00e1sban vizsg\u00e1lja az esetet, teh\u00e1t idegenkez\u0171s\u00e9g, b\u0171\/cselekm\u00e9ny&#8230; <span class=\"gridview-grid-post-read-more\"><a href=\"https:\/\/matrend.hu\/maitrend\/?p=2520\">read more<span class=\"gridview-sr-only\"> Debreceni nyugd\u00edjas dr\u00e1m\u00e1ja!<\/span><\/a><\/span><\/p>\n","protected":false},"author":1,"featured_media":2521,"comment_status":"open","ping_status":"open","sticky":false,"template":"","format":"standard","meta":{"footnotes":""},"categories":[1],"tags":[],"class_list":["post-2520","post","type-post","status-publish","format-standard","has-post-thumbnail","hentry","category-egyeb","wpcat-1-id"],"_links":{"self":[{"href":"https:\/\/matrend.hu\/maitrend\/index.php?rest_route=\/wp\/v2\/posts\/2520","targetHints":{"allow":["GET"]}}],"collection":[{"href":"https:\/\/matrend.hu\/maitrend\/index.php?rest_route=\/wp\/v2\/posts"}],"about":[{"href":"https:\/\/matrend.hu\/maitrend\/index.php?rest_route=\/wp\/v2\/types\/post"}],"author":[{"embeddable":true,"href":"https:\/\/matrend.hu\/maitrend\/index.php?rest_route=\/wp\/v2\/users\/1"}],"replies":[{"embeddable":true,"href":"https:\/\/matrend.hu\/maitrend\/index.php?rest_route=%2Fwp%2Fv2%2Fcomments&post=2520"}],"version-history":[{"count":1,"href":"https:\/\/matrend.hu\/maitrend\/index.php?rest_route=\/wp\/v2\/posts\/2520\/revisions"}],"predecessor-version":[{"id":2522,"href":"https:\/\/matrend.hu\/maitrend\/index.php?rest_route=\/wp\/v2\/posts\/2520\/revisions\/2522"}],"wp:featuredmedia":[{"embeddable":true,"href":"https:\/\/matrend.hu\/maitrend\/index.php?rest_route=\/wp\/v2\/media\/2521"}],"wp:attachment":[{"href":"https:\/\/matrend.hu\/maitrend\/index.php?rest_route=%2Fwp%2Fv2%2Fmedia&parent=2520"}],"wp:term":[{"taxonomy":"category","embeddable":true,"href":"https:\/\/matrend.hu\/maitrend\/index.php?rest_route=%2Fwp%2Fv2%2Fcategories&post=2520"},{"taxonomy":"post_tag","embeddable":true,"href":"https:\/\/matrend.hu\/maitrend\/index.php?rest_route=%2Fwp%2Fv2%2Ftags&post=2520"}],"curies":[{"name":"wp","href":"https:\/\/api.w.org\/{rel}","templated":true}]}}