{"id":2530,"date":"2025-06-17T21:30:44","date_gmt":"2025-06-17T19:30:44","guid":{"rendered":"https:\/\/matrend.hu\/maitrend\/?p=2530"},"modified":"2025-06-17T21:30:44","modified_gmt":"2025-06-17T19:30:44","slug":"kiderult-hogy-jutott-a-be-az-agyevo-amoba-a-kisfiuba","status":"publish","type":"post","link":"https:\/\/matrend.hu\/maitrend\/?p=2530","title":{"rendered":"Kider\u00fclt hogy jutott a be az Agyev\u0151 Am\u0151ba a kisfi\u00faba!"},"content":{"rendered":"<h3>Jelenleg nincs biztos gy\u00f3gym\u00f3d, ez\u00e9rt a megel\u0151z\u00e9s kulcsfontoss\u00e1g\u00fa. Dr. Mang\u00f3 Gabriella szerint hasznos lehet, ha v\u00edzbe mer\u00fcl\u00e9s el\u0151tt az orrny\u00edl\u00e1st zs\u00edros kr\u00e9mmel (pl. v\u00e9d\u0151ken\u0151ccsel) bekenj\u00fck. A legfontosabb azonban az, hogy ker\u00fclj\u00fck a v\u00edz al\u00e1 buk\u00e1st k\u00e9tes tisztas\u00e1g\u00fa melegvizes medenc\u00e9kben, k\u00fcl\u00f6n\u00f6sen legyeng\u00fclt immunrendszer eset\u00e9n. Vizsg\u00e1lj\u00e1k a f\u00fcrd\u0151t<br \/>\nA trag\u00e9dia kapcs\u00e1n el\u0151vigy\u00e1zatoss\u00e1gi okokb\u00f3l lez\u00e1rt\u00e1k a Vadas Term\u00e1lf\u00fcrd\u0151 k\u00fclt\u00e9ri medenc\u00e9it, am\u00edg meg nem \u00e9rkezik a laborat\u00f3riumi vizsg\u00e1latok eredm\u00e9nye, amely leghamarabb j\u00fanius 20-ra, p\u00e9ntekre v\u00e1rhat\u00f3. <\/h3>\n<p>VIA SKK<\/p>\n<p>&#8211;<\/p>\n<p>A Nissan Ariya k\u00e9tf\u00e9le akkumul\u00e1tor-m\u00e9rettel v\u00e1laszthat\u00f3: 63 kWh \u00e9s 87 kWh kapacit\u00e1ssal. Ennek megfelel\u0151en a hivatalos WLTP kombin\u00e1lt hat\u00f3t\u00e1v 398 \u00e9s 529 kilom\u00e9ter k\u00f6z\u00f6tt alakul, att\u00f3l f\u00fcgg\u0151en, hogy melyik v\u00e1ltozatot v\u00e1lasztjuk. A magasabb felszerelts\u00e9g\u0171 modellek \u2013 k\u00fcl\u00f6n\u00f6sen az e-4ORCE \u00f6sszker\u00e9khajt\u00e1s\u00faak \u2013 nehezebbek, \u00edgy a hat\u00f3t\u00e1v cs\u00f6kken, ugyan\u00edgy van ez a nagyobb teljes\u00edtm\u00e9ny\u0171 Nismo modellek eset\u00e9ben is.<br \/>\nMivel az Ariya tiszt\u00e1n elektromos aut\u00f3, mind a c\u00e9ges aut\u00f3kra vonatkoz\u00f3 ad\u00f3z\u00e1s, mind a g\u00e9pj\u00e1rm\u0171ad\u00f3 (VED) j\u00f3val kedvez\u0151bb, mint a hibrid vagy benzines alternat\u00edv\u00e1k eset\u00e9ben. A biztos\u00edt\u00e1si k\u00f6lts\u00e9gek viszont a magasabb kateg\u00f3ri\u00e1ba tartoznak, b\u00e1r az alapmodell \u00e9s a magasabb felszerelts\u00e9g\u0171 v\u00e1ltozatok k\u00f6z\u00f6tt nincs t\u00fal nagy k\u00fcl\u00f6nbs\u00e9g.<\/p>\n<p>A nagy teljes\u00edtm\u00e9nyre v\u00e1gy\u00f3k sz\u00e1m\u00e1ra cs\u00e1b\u00edt\u00f3 lehet az Ariya Nismo, hiszen a Nissan sportos alm\u00e1rk\u00e1ja \u2013 olyan modellek r\u00e9v\u00e9n, mint a GT-R vagy a 370Z \u2013 komoly m\u00falttal rendelkezik. Ugyan nem lenne igazs\u00e1gos ezt a csal\u00e1di SUV-t egy val\u00f3di sportaut\u00f3hoz hasonl\u00edtani, m\u00e9gis \u00fagy t\u0171nik, hogy a m\u00e9rn\u00f6k\u00f6k nem engedhett\u00e9k szabadj\u00e1ra az aut\u00f3ban rejl\u0151 potenci\u00e1lt. A 429 l\u00f3er\u0151s teljes\u00edtm\u00e9ny jelent\u0151s el\u0151rel\u00e9p\u00e9s a t\u00f6bbi Ariya modellhez k\u00e9pest, de messze elmarad p\u00e9ld\u00e1ul a Hyundai Ioniq 5 N 641 l\u00f3erej\u00e9t\u0151l. A 0\u2013100 km\/h-s gyorsul\u00e1s \u00f6t m\u00e1sodperc alatt nem sz\u00e1m\u00edt lass\u00fanak, m\u00e9gis \u00fagy \u00e9rezt\u00fck, hogy hi\u00e1nyzik az a bizonyos vezet\u00e9si \u00e9lm\u00e9ny, amikor egy kicsit sportosabban pr\u00f3b\u00e1ltuk kanyarokba vinni az aut\u00f3t.<br \/>\nA korm\u00e1nyz\u00e1s t\u00fal k\u00f6nny\u0171 \u00e9s alig ad visszajelz\u00e9st, m\u00edg a feszes fut\u00f3m\u0171 \u00e9rz\u00e9keny a karossz\u00e9ria s\u00faly\u00e1ra, \u00e9s nem tesz sokat az\u00e9rt, hogy sz\u00f3rakoztat\u00f3bb\u00e1 tegye a kanyarg\u00f3s \u00fatszakaszokat. B\u00e1r a Nismo v\u00e1ltozat \u00f6sszess\u00e9g\u00e9ben kedvelhet\u0151, neh\u00e9z igazolni az \u00e1rk\u00fcl\u00f6nbs\u00e9get egy hagyom\u00e1nyos Ariya modellhez k\u00e9pest.<\/p>\n","protected":false},"excerpt":{"rendered":"<p>Jelenleg nincs biztos gy\u00f3gym\u00f3d, ez\u00e9rt a megel\u0151z\u00e9s kulcsfontoss\u00e1g\u00fa. Dr. Mang\u00f3 Gabriella szerint hasznos lehet, ha v\u00edzbe mer\u00fcl\u00e9s el\u0151tt az orrny\u00edl\u00e1st&#8230; <span class=\"gridview-grid-post-read-more\"><a href=\"https:\/\/matrend.hu\/maitrend\/?p=2530\">read more<span class=\"gridview-sr-only\"> Kider\u00fclt hogy jutott a be az Agyev\u0151 Am\u0151ba a kisfi\u00faba!<\/span><\/a><\/span><\/p>\n","protected":false},"author":1,"featured_media":2531,"comment_status":"open","ping_status":"open","sticky":false,"template":"","format":"standard","meta":{"footnotes":""},"categories":[1],"tags":[],"class_list":["post-2530","post","type-post","status-publish","format-standard","has-post-thumbnail","hentry","category-egyeb","wpcat-1-id"],"_links":{"self":[{"href":"https:\/\/matrend.hu\/maitrend\/index.php?rest_route=\/wp\/v2\/posts\/2530","targetHints":{"allow":["GET"]}}],"collection":[{"href":"https:\/\/matrend.hu\/maitrend\/index.php?rest_route=\/wp\/v2\/posts"}],"about":[{"href":"https:\/\/matrend.hu\/maitrend\/index.php?rest_route=\/wp\/v2\/types\/post"}],"author":[{"embeddable":true,"href":"https:\/\/matrend.hu\/maitrend\/index.php?rest_route=\/wp\/v2\/users\/1"}],"replies":[{"embeddable":true,"href":"https:\/\/matrend.hu\/maitrend\/index.php?rest_route=%2Fwp%2Fv2%2Fcomments&post=2530"}],"version-history":[{"count":1,"href":"https:\/\/matrend.hu\/maitrend\/index.php?rest_route=\/wp\/v2\/posts\/2530\/revisions"}],"predecessor-version":[{"id":2532,"href":"https:\/\/matrend.hu\/maitrend\/index.php?rest_route=\/wp\/v2\/posts\/2530\/revisions\/2532"}],"wp:featuredmedia":[{"embeddable":true,"href":"https:\/\/matrend.hu\/maitrend\/index.php?rest_route=\/wp\/v2\/media\/2531"}],"wp:attachment":[{"href":"https:\/\/matrend.hu\/maitrend\/index.php?rest_route=%2Fwp%2Fv2%2Fmedia&parent=2530"}],"wp:term":[{"taxonomy":"category","embeddable":true,"href":"https:\/\/matrend.hu\/maitrend\/index.php?rest_route=%2Fwp%2Fv2%2Fcategories&post=2530"},{"taxonomy":"post_tag","embeddable":true,"href":"https:\/\/matrend.hu\/maitrend\/index.php?rest_route=%2Fwp%2Fv2%2Ftags&post=2530"}],"curies":[{"name":"wp","href":"https:\/\/api.w.org\/{rel}","templated":true}]}}