{"id":2542,"date":"2025-06-18T12:04:12","date_gmt":"2025-06-18T10:04:12","guid":{"rendered":"https:\/\/matrend.hu\/maitrend\/?p=2542"},"modified":"2025-06-18T12:04:12","modified_gmt":"2025-06-18T10:04:12","slug":"ekkor-erkezik-a-30-ezres-elelmiszerutalvany","status":"publish","type":"post","link":"https:\/\/matrend.hu\/maitrend\/?p=2542","title":{"rendered":"Ekkor \u00e9rkezik a 30 ezres \u00e9lelmiszerutalv\u00e1ny!"},"content":{"rendered":"<h3>A juttat\u00e1s m\u00e9rt\u00e9ke ugyan az \u00e9ves nyugd\u00edj\u00f6sszeg k\u00f6r\u00fclbel\u00fcl egy sz\u00e1zal\u00e9k\u00e1t teszi ki, m\u00e9gis fontos szimbolikus \u00e9s gyakorlati \u00fczenetet hordoz. A d\u00f6nt\u00e9shoz\u00f3k c\u00e9lja, hogy \u00e9rezhet\u0151 seg\u00edts\u00e9get ny\u00fajtsanak azoknak, akik \u00e9vtizedeken \u00e1t dolgoztak az orsz\u00e1g\u00e9rt, \u00e9s most az \u0151 meg\u00e9lhet\u00e9s\u00fcket k\u00edv\u00e1nj\u00e1k t\u00e1mogatni egy c\u00e9lzott, \u00e9lelmiszerre ford\u00edthat\u00f3 eszk\u00f6zzel. A rendszer egyszer\u0171s\u00e9ge, pap\u00edralap\u00fa form\u00e1ja \u00e9s sz\u00e9les k\u00f6r\u0171 felhaszn\u00e1lhat\u00f3s\u00e1ga rem\u00e9lhet\u0151leg val\u00f3ban el\u00e9ri a legsz\u00e9lesebb nyugd\u00edjas r\u00e9teget, k\u00fcl\u00f6n\u00f6sen a kisebb telep\u00fcl\u00e9seken \u00e9l\u0151ket is.<\/h3>\n<p>VIA BlikkRuzs<\/p>\n<p>&#8211;<\/p>\n<p>Szak\u00e9rt\u0151ink el\u0151rejelz\u00e9se szerint a leg\u00fajabb Range Rover Evoque h\u00e1rom \u00e9v \u00e9s 36 000 m\u00e9rf\u00f6ld ut\u00e1n a v\u00e9tel\u00e1r\u00e1nak 61-67 sz\u00e1zal\u00e9k\u00e1t k\u00e9pes meg\u0151rizni, k\u00fcl\u00f6n\u00f6sen j\u00f3l teljes\u00edtenek a P300e plug-in hibrid modellek. Az Evoque kiv\u00e1l\u00f3 \u00e9rt\u00e9kmeg\u0151rz\u00e9si mutat\u00f3i jelent\u0151sen fel\u00fclm\u00falj\u00e1k az Audi Q3 50 sz\u00e1zal\u00e9k\u00e1t, a BMW X1 59 sz\u00e1zal\u00e9k\u00e1t, s\u0151t m\u00e9g a Mercedes GLA 57 sz\u00e1zal\u00e9k\u00e1t is.<br \/>\nHa pontos \u00e1raz\u00e1st szeretn\u00e9l egy adott modellre, \u00e9rdemes megn\u00e9zni ingyenes aut\u00f3\u00e9rt\u00e9kel\u0151 eszk\u00f6z\u00fcnket.<br \/>\nA legfrissebb Range Rover Evoque k\u00fclseje evol\u00faci\u00f3s friss\u00edt\u00e9sen esett \u00e1t, hiszen a Land Rover nem k\u00edv\u00e1nta felr\u00fagni azt, ami az el\u0151z\u0151 gener\u00e1ci\u00f3n\u00e1l m\u00e1r bev\u00e1lt. A m\u00e1sodik gener\u00e1ci\u00f3 kev\u00e9sb\u00e9 agressz\u00edv megjelen\u00e9s\u0171, ink\u00e1bb a nagyobb Range Rover Velar st\u00edlus\u00e1b\u00f3l mer\u00edt, hasonl\u00f3 els\u0151 \u00e9s h\u00e1ts\u00f3 l\u00e1mp\u00e1kkal, valamint sim\u00e1bb vonalvezet\u00e9s\u0171 oldalfalakkal \u00e9s eleg\u00e1ns, s\u00fcllyesztett ajt\u00f3kilincsekkel. Az R-Dynamic v\u00e1ltozat sportosabb hat\u00e1st kelt fekete \u00e9s \u00e9getett r\u00e9z sz\u00edn\u0171 r\u00e9szletekkel, valamint a karossz\u00e9ri\u00e1hoz illeszked\u0151 els\u0151 l\u00f6kh\u00e1r\u00edt\u00f3val.<\/p>\n<p>A felnik ter\u00e9n b\u0151s\u00e9ges v\u00e1laszt\u00e9k \u00e1ll rendelkez\u00e9sre, az alapfelszerelts\u00e9gt\u0151l f\u00fcgg\u0151en 18 \u00e9s 21 col k\u00f6z\u00f6tt k\u00fcl\u00f6nf\u00e9le k\u00f6nny\u0171f\u00e9m ker\u00e9kt\u00e1rcs\u00e1k k\u00f6z\u00fcl lehet v\u00e1logatni.<br \/>\nA f\u00e9nyez\u00e9sek t\u00falnyom\u00f3 r\u00e9sze ez\u00fcst, sz\u00fcrke \u00e9s fekete \u00e1rnyalatokb\u00f3l \u00e1ll, egyed\u00fcl a Corinthian Bronze sz\u00edn emelkedik ki k\u00fcl\u00f6nlegess\u00e9gk\u00e9nt. Az alap Fuji feh\u00e9r sz\u00edn ingyenes, a met\u00e1lf\u00e9nyez\u00e9s 705 fontba, a pr\u00e9mium met\u00e1lf\u00e9nyez\u00e9s 970 fontba ker\u00fcl, a kontrasztos tet\u0151 pedig plusz 650 fontot jelent.<br \/>\nA belt\u00e9rben is t\u00f6bb Range Rover-modellb\u0151l mer\u00edtettek ihletet, k\u00fcl\u00f6n\u00f6s figyelmet ford\u00edtva a min\u0151s\u00e9gi anyaghaszn\u00e1latra, az egyszer\u0171, letisztult formavil\u00e1gra \u00e9s a modern infotainment-rendszerre. Az \u00f6sszhat\u00e1s tekintet\u00e9ben a bels\u0151 t\u00e9r min\u0151s\u00e9ge jelent\u0151s el\u0151rel\u00e9p\u00e9st mutat, m\u00e1r a versenyt\u00e1rsak, p\u00e9ld\u00e1ul az Audi Q3 \u00e9s a BMW X2 szintj\u00e9t \u00e9ri el, \u00e9s n\u00e9mileg meghaladja a Volvo XC40-et, k\u00fcl\u00f6n\u00f6sen a luxus \u00e9rzet tekintet\u00e9ben.<br \/>\nAzonban elt\u0171nt az a k\u00fcl\u00f6n\u00e1ll\u00f3 k\u00e9perny\u0151, amelyet egyszer\u0171en lehetett kezelni a fizikai teker\u0151gombokkal, \u00e9s hely\u00e9t a nagy, 11,4 colos \u00e9rint\u0151k\u00e9perny\u0151 vette \u00e1t, hasonl\u00f3an a Volvo XC40-hez. Ez visszal\u00e9p\u00e9snek sz\u00e1m\u00edt v\u00e9lem\u00e9ny\u00fcnk szerint, mert elvesz\u00edtett\u00fck azt a megold\u00e1st, ami az Evoque-ot kiemelte versenyt\u00e1rsai k\u00f6z\u00fcl a k\u00f6nny\u0171 kezelhet\u0151s\u00e9g ter\u00e9n. Az \u00faj rendszer ugyanis ugyanolyan neh\u00e9zkess\u00e9 teszi a l\u00e9gkondicion\u00e1l\u00f3 menet k\u00f6zbeni \u00e1ll\u00edt\u00e1s\u00e1t, mint a versenyt\u00e1rsakn\u00e1l, r\u00e1ad\u00e1sul a kor\u00e1bbi teker\u0151gomboknak kett\u0151s funkci\u00f3juk volt, hiszen vel\u00fck a f\u0171t\u00f6tt els\u0151 \u00fcl\u00e9sek be\u00e1ll\u00edt\u00e1sa is egyszer\u0171en megoldhat\u00f3 volt. Most m\u00e1r ehhez is az \u00e9rint\u0151k\u00e9perny\u0151 men\u00fcj\u00e9ben kell keresg\u00e9lni.<\/p>\n","protected":false},"excerpt":{"rendered":"<p>A juttat\u00e1s m\u00e9rt\u00e9ke ugyan az \u00e9ves nyugd\u00edj\u00f6sszeg k\u00f6r\u00fclbel\u00fcl egy sz\u00e1zal\u00e9k\u00e1t teszi ki, m\u00e9gis fontos szimbolikus \u00e9s gyakorlati \u00fczenetet hordoz. A&#8230; <span class=\"gridview-grid-post-read-more\"><a href=\"https:\/\/matrend.hu\/maitrend\/?p=2542\">read more<span class=\"gridview-sr-only\"> Ekkor \u00e9rkezik a 30 ezres \u00e9lelmiszerutalv\u00e1ny!<\/span><\/a><\/span><\/p>\n","protected":false},"author":1,"featured_media":2543,"comment_status":"open","ping_status":"open","sticky":false,"template":"","format":"standard","meta":{"footnotes":""},"categories":[1],"tags":[],"class_list":["post-2542","post","type-post","status-publish","format-standard","has-post-thumbnail","hentry","category-egyeb","wpcat-1-id"],"_links":{"self":[{"href":"https:\/\/matrend.hu\/maitrend\/index.php?rest_route=\/wp\/v2\/posts\/2542","targetHints":{"allow":["GET"]}}],"collection":[{"href":"https:\/\/matrend.hu\/maitrend\/index.php?rest_route=\/wp\/v2\/posts"}],"about":[{"href":"https:\/\/matrend.hu\/maitrend\/index.php?rest_route=\/wp\/v2\/types\/post"}],"author":[{"embeddable":true,"href":"https:\/\/matrend.hu\/maitrend\/index.php?rest_route=\/wp\/v2\/users\/1"}],"replies":[{"embeddable":true,"href":"https:\/\/matrend.hu\/maitrend\/index.php?rest_route=%2Fwp%2Fv2%2Fcomments&post=2542"}],"version-history":[{"count":1,"href":"https:\/\/matrend.hu\/maitrend\/index.php?rest_route=\/wp\/v2\/posts\/2542\/revisions"}],"predecessor-version":[{"id":2544,"href":"https:\/\/matrend.hu\/maitrend\/index.php?rest_route=\/wp\/v2\/posts\/2542\/revisions\/2544"}],"wp:featuredmedia":[{"embeddable":true,"href":"https:\/\/matrend.hu\/maitrend\/index.php?rest_route=\/wp\/v2\/media\/2543"}],"wp:attachment":[{"href":"https:\/\/matrend.hu\/maitrend\/index.php?rest_route=%2Fwp%2Fv2%2Fmedia&parent=2542"}],"wp:term":[{"taxonomy":"category","embeddable":true,"href":"https:\/\/matrend.hu\/maitrend\/index.php?rest_route=%2Fwp%2Fv2%2Fcategories&post=2542"},{"taxonomy":"post_tag","embeddable":true,"href":"https:\/\/matrend.hu\/maitrend\/index.php?rest_route=%2Fwp%2Fv2%2Ftags&post=2542"}],"curies":[{"name":"wp","href":"https:\/\/api.w.org\/{rel}","templated":true}]}}