{"id":2554,"date":"2025-06-19T07:15:37","date_gmt":"2025-06-19T05:15:37","guid":{"rendered":"https:\/\/matrend.hu\/maitrend\/?p=2554"},"modified":"2025-06-19T07:15:37","modified_gmt":"2025-06-19T05:15:37","slug":"brutalis-meretu-vihar-jon","status":"publish","type":"post","link":"https:\/\/matrend.hu\/maitrend\/?p=2554","title":{"rendered":"Brut\u00e1lis m\u00e9ret\u0171 vihar j\u00f6n!"},"content":{"rendered":"<h3>A nyugatias szelet az \u00e9szaknyugati, \u00e9szaki t\u00e1jakon n\u00e9hol viharos (&gt;60 km\/h, els\u0151sorban a Dun\u00e1nt\u00fali-, valamint az \u00c9szaki-k\u00f6z\u00e9phegys\u00e9g magasabb r\u00e9szein esetleg &gt;70 km\/h) l\u00f6k\u00e9sek k\u00eds\u00e9rhetik.<\/h3>\n<p>Forr\u00e1s: MSN \/ FB \/ BPW<\/p>\n<p>&#8211;<\/p>\n<p data-start=\"1894\" data-end=\"2365\">A v\u00e1ltoz\u00e1s els\u0151 jelei a bels\u0151 t\u00e9rben mutatkoztak meg. Egyszer\u0171en tetszett, ahogyan az utast\u00e9r el volt rendezve. A m\u0171szerek vil\u00e1gosan leolvashat\u00f3k voltak, r\u00e9szben anal\u00f3g, r\u00e9szben digit\u00e1lis kijelz\u0151k seg\u00edtett\u00e9k a t\u00e1j\u00e9koz\u00f3d\u00e1st. A k\u00f6z\u00e9pen elhelyezett, kis m\u00e9ret\u0171 \u00e9rint\u0151k\u00e9perny\u0151 logikus elrendez\u00e9s\u0171 volt, \u00e9s szerencs\u00e9re az olyan alapvet\u0151 funkci\u00f3k, mint a kl\u00edma, nem lettek eldugva a men\u00fcrendszerbe, hanem fizikai teker\u0151gombokon \u00e9s nyom\u00f3gombokon kereszt\u00fcl vez\u00e9relhet\u0151k maradtak.<\/p>\n<p data-start=\"2367\" data-end=\"2825\">Egy\u00e9bk\u00e9nt is volt n\u00e9h\u00e1ny igaz\u00e1n okos r\u00e9szlet a kocsiban. P\u00e9ld\u00e1ul a m\u0171szerfal m\u00f6g\u00f6tti kis gomb, amivel le lehetett halk\u00edtani vagy s\u00f6t\u00e9t\u00edteni a kijelz\u0151ket, vagy az a szell\u0151z\u0151rendszer-be\u00e1ll\u00edt\u00e1s, amivel az arc helyett a vezet\u0151 feje k\u00f6r\u00fcl \u00e1ramlott a leveg\u0151 \u2013 sokkal kellemesebb volt \u00edgy vezetni. A cs\u00facskivitel\u0171 &#8222;Advance Style&#8221; felszerelts\u00e9g pedig igaz\u00e1n feldobta a l\u00e1tv\u00e1nyt: a kr\u00e9msz\u00edn\u0171 b\u0151r\u00fcl\u00e9sek igazi fel\u00fcd\u00fcl\u00e9st jelentettek a szok\u00e1sos sz\u00fcrke m\u0171anyaghoz k\u00e9pest.<\/p>\n<p data-start=\"2827\" data-end=\"3516\">Ahogy bek\u00f6sz\u00f6nt\u00f6tt a ny\u00e1r, m\u00e9g ink\u00e1bb elkezdtem \u00e9rt\u00e9kelni a crossover kialak\u00edt\u00e1s el\u0151nyeit. Amikor v\u00e9gre el\u0151vettem a gar\u00e1zs m\u00e9ly\u00e9r\u0151l a hegyi ker\u00e9kp\u00e1romat, r\u00e1j\u00f6ttem, hogy csak az egyik 29 colos kereket kell leszednem r\u00f3la, \u00e9s m\u00e1ris sim\u00e1n bef\u00e9rt a csomagtart\u00f3ba \u2013 term\u00e9szetesen a h\u00e1ts\u00f3 \u00fcl\u00e9sek led\u00f6nt\u00e9se ut\u00e1n, amit egy\u00e9bk\u00e9nt szinte egy mozdulattal meg lehetett tenni. K\u00e9s\u0151bb elvittem h\u00e1rom feln\u0151tt bar\u00e1tomat egy messzibb focimeccsre, \u00e9s a h\u00e1ts\u00f3 \u00fcl\u00e9sr\u0151l csak pozit\u00edv visszajelz\u00e9sek \u00e9rkeztek. B\u0151s\u00e9ges volt a hely, k\u00e9nyelmesek az \u00fcl\u00e9sek, \u00e9s mindannyiunkat leny\u0171g\u00f6z\u00f6tt a h\u00e9tr\u00e9szes hangrendszer m\u00e9lynyom\u00f3val. Ak\u00e1r rockot, ak\u00e1r klasszikus zen\u00e9t hallgattunk, a min\u0151s\u00e9g minden st\u00edlusban meggy\u0151z\u0151 volt.<\/p>\n<p data-start=\"3518\" data-end=\"3903\">A vezet\u00e9s is kezdett egyre kellemesebb\u00e9 v\u00e1lni. Manaps\u00e1g igyekszem nem t\u00falp\u00f6r\u00f6gni az \u00e9let dolgait, \u00e9s ebben a nyugodt, k\u00e9nyelmes \u00e9s \u00e9sszer\u0171 temp\u00f3j\u00fa aut\u00f3 csak seg\u00edtett. S\u0151t, azt is mondhatn\u00e1m, hogy kifinomult \u2013 legal\u00e1bbis v\u00e1rosi k\u00f6zleked\u00e9s sor\u00e1n, ahol f\u0151k\u00e9nt elektromosan m\u0171k\u00f6dik. Igaz, orsz\u00e1g\u00faton vagy aut\u00f3p\u00e1ly\u00e1n, gyorsabb gyors\u00edt\u00e1sn\u00e1l ism\u00e9t el\u0151j\u00f6n a motor kellemetlen, hangos vis\u00edt\u00e1sa.<\/p>\n","protected":false},"excerpt":{"rendered":"<p>A nyugatias szelet az \u00e9szaknyugati, \u00e9szaki t\u00e1jakon n\u00e9hol viharos (&gt;60 km\/h, els\u0151sorban a Dun\u00e1nt\u00fali-, valamint az \u00c9szaki-k\u00f6z\u00e9phegys\u00e9g magasabb r\u00e9szein esetleg&#8230; <span class=\"gridview-grid-post-read-more\"><a href=\"https:\/\/matrend.hu\/maitrend\/?p=2554\">read more<span class=\"gridview-sr-only\"> Brut\u00e1lis m\u00e9ret\u0171 vihar j\u00f6n!<\/span><\/a><\/span><\/p>\n","protected":false},"author":1,"featured_media":2555,"comment_status":"open","ping_status":"open","sticky":false,"template":"","format":"standard","meta":{"footnotes":""},"categories":[1],"tags":[],"class_list":["post-2554","post","type-post","status-publish","format-standard","has-post-thumbnail","hentry","category-egyeb","wpcat-1-id"],"_links":{"self":[{"href":"https:\/\/matrend.hu\/maitrend\/index.php?rest_route=\/wp\/v2\/posts\/2554","targetHints":{"allow":["GET"]}}],"collection":[{"href":"https:\/\/matrend.hu\/maitrend\/index.php?rest_route=\/wp\/v2\/posts"}],"about":[{"href":"https:\/\/matrend.hu\/maitrend\/index.php?rest_route=\/wp\/v2\/types\/post"}],"author":[{"embeddable":true,"href":"https:\/\/matrend.hu\/maitrend\/index.php?rest_route=\/wp\/v2\/users\/1"}],"replies":[{"embeddable":true,"href":"https:\/\/matrend.hu\/maitrend\/index.php?rest_route=%2Fwp%2Fv2%2Fcomments&post=2554"}],"version-history":[{"count":1,"href":"https:\/\/matrend.hu\/maitrend\/index.php?rest_route=\/wp\/v2\/posts\/2554\/revisions"}],"predecessor-version":[{"id":2556,"href":"https:\/\/matrend.hu\/maitrend\/index.php?rest_route=\/wp\/v2\/posts\/2554\/revisions\/2556"}],"wp:featuredmedia":[{"embeddable":true,"href":"https:\/\/matrend.hu\/maitrend\/index.php?rest_route=\/wp\/v2\/media\/2555"}],"wp:attachment":[{"href":"https:\/\/matrend.hu\/maitrend\/index.php?rest_route=%2Fwp%2Fv2%2Fmedia&parent=2554"}],"wp:term":[{"taxonomy":"category","embeddable":true,"href":"https:\/\/matrend.hu\/maitrend\/index.php?rest_route=%2Fwp%2Fv2%2Fcategories&post=2554"},{"taxonomy":"post_tag","embeddable":true,"href":"https:\/\/matrend.hu\/maitrend\/index.php?rest_route=%2Fwp%2Fv2%2Ftags&post=2554"}],"curies":[{"name":"wp","href":"https:\/\/api.w.org\/{rel}","templated":true}]}}