{"id":2557,"date":"2025-06-19T16:13:11","date_gmt":"2025-06-19T14:13:11","guid":{"rendered":"https:\/\/matrend.hu\/maitrend\/?p=2557"},"modified":"2025-06-19T16:13:30","modified_gmt":"2025-06-19T14:13:30","slug":"2557","status":"publish","type":"post","link":"https:\/\/matrend.hu\/maitrend\/?p=2557","title":{"rendered":"Hatalmas dr\u00e1ma az er\u0151m\u0171ben!"},"content":{"rendered":"<h3>A szak\u00e9rt\u0151k megsz\u00f3laltak! Az elm\u00falt p\u00e1r \u00f3r\u00e1ban elemeztek ha az id\u0151j\u00e1r\u00e1s kedvez k\u00f6z\u00e9p Eur\u00f3p\u00e1nak a sug\u00e1rz\u00e1s csak 1-2 % kaphatjuk meg! Legrosszabb esetben is csak 8-10% s\u00fajthat minket a minim\u00e1lis sug\u00e1rz\u00e1sb\u00f3l! A szak\u00e9rt\u0151k szerint oly pici hogy a napnak a sugarai sokkal k\u00e1rosabbak egy d\u00e9li \u00f3r\u00e1ban!<\/h3>\n<p>Forr\u00e1s: MSN \/ FB \/ BPW \/ TTOK<\/p>\n<p>&#8211;<\/p>\n<p>Val\u00f3s k\u00f6r\u00fclm\u00e9nyek k\u00f6z\u00f6tt, v\u00e1ltozatos \u00fatviszonyok mellett nekem k\u00f6r\u00fclbel\u00fcl 2,7 m\u00e9rf\u00f6ld\/kilowatt\u00f3ra fogyaszt\u00e1st siker\u00fclt el\u00e9rnem, ami nagyj\u00e1b\u00f3l 216 m\u00e9rf\u00f6ldes (kb. 347 km) hat\u00f3t\u00e1vot jelent, ha azt felt\u00e9telezz\u00fck, hogy az akkumul\u00e1tor hasznos kapacit\u00e1sa 80 kWh \u2013 b\u00e1r a Kia tov\u00e1bbra is csak az \u00f6sszkapacit\u00e1st k\u00f6zli hivatalosan.<\/p>\n<p>Igaz, a 250 kW-os vill\u00e1mt\u00f6lt\u00e9s nagy el\u0151ny, hiszen lehet\u0151v\u00e9 teszi a hosszabb t\u00e1v\u00fa utaz\u00e1sokat is, \u00e1m ha az aut\u00f3 re\u00e1lisan ink\u00e1bb 250 m\u00e9rf\u00f6ldet (kb. 402 km) tudna megtenni egy t\u00f6lt\u00e9ssel, az sokkal jobban al\u00e1t\u00e1masztan\u00e1 a GT, vagyis a &#8222;gran turismo&#8221; jelleg\u00e9t, amelynek egyik legfontosabb ism\u00e9rve \u00e9ppen a nagy hat\u00f3t\u00e1v \u00e9s a hossz\u00fa utaz\u00e1sokra val\u00f3 alkalmass\u00e1g.<\/p>\n<p>Az eredeti EV6 GT m\u00e9g egy igaz\u00e1n izgalmas, \u00faj ir\u00e1nyt mutat\u00f3 modellnek t\u0171nt, \u00e9s az Ioniq 5 N ehhez k\u00e9pest is egy\u00e9rtelm\u0171 el\u0151rel\u00e9p\u00e9s volt \u2013 egy sokkal karakteresebb, komolyabb teljes\u00edtm\u00e9nyt k\u00edn\u00e1l\u00f3 aut\u00f3. Ez az \u00faj EV6 GT viszont ink\u00e1bb csak egy v\u00e1ltozatnak hat, nem pedig egy val\u00f3di fejl\u0151d\u00e9si l\u00e9pcs\u0151nek. Mintha hi\u00e1nyozna bel\u0151le valami igaz\u00e1n egyedi, ami megk\u00fcl\u00f6nb\u00f6ztetn\u00e9 a testv\u00e9rmodelljeit\u0151l, vagy ami miatt azt mondan\u00e1nk, hogy \u201eigen, ez az \u00faj GT egy\u00e9rtelm\u0171en t\u00f6bbet ny\u00fajt\u201d.<\/p>\n<p>Persze, f\u00e9lre\u00e9rt\u00e9s ne ess\u00e9k, egy kicsivel olcs\u00f3bb, k\u00e9nyelmesebb Ioniq 5 N-nek lenni egy\u00e1ltal\u00e1n nem rossz dolog \u2013 s\u0151t, sokak sz\u00e1m\u00e1ra lehet ez az ide\u00e1lis kompromisszum a sportoss\u00e1g \u00e9s a mindennapi haszn\u00e1lhat\u00f3s\u00e1g k\u00f6z\u00f6tt. De ett\u0151l f\u00fcggetlen\u00fcl marad egy kis hi\u00e1ny\u00e9rzet: ez az aut\u00f3 lehetett volna valami t\u00f6bb is.<\/p>\n","protected":false},"excerpt":{"rendered":"<p>A szak\u00e9rt\u0151k megsz\u00f3laltak! Az elm\u00falt p\u00e1r \u00f3r\u00e1ban elemeztek ha az id\u0151j\u00e1r\u00e1s kedvez k\u00f6z\u00e9p Eur\u00f3p\u00e1nak a sug\u00e1rz\u00e1s csak 1-2 % kaphatjuk&#8230; <span class=\"gridview-grid-post-read-more\"><a href=\"https:\/\/matrend.hu\/maitrend\/?p=2557\">read more<span class=\"gridview-sr-only\"> Hatalmas dr\u00e1ma az er\u0151m\u0171ben!<\/span><\/a><\/span><\/p>\n","protected":false},"author":1,"featured_media":2558,"comment_status":"open","ping_status":"open","sticky":false,"template":"","format":"standard","meta":{"footnotes":""},"categories":[1],"tags":[],"class_list":["post-2557","post","type-post","status-publish","format-standard","has-post-thumbnail","hentry","category-egyeb","wpcat-1-id"],"_links":{"self":[{"href":"https:\/\/matrend.hu\/maitrend\/index.php?rest_route=\/wp\/v2\/posts\/2557","targetHints":{"allow":["GET"]}}],"collection":[{"href":"https:\/\/matrend.hu\/maitrend\/index.php?rest_route=\/wp\/v2\/posts"}],"about":[{"href":"https:\/\/matrend.hu\/maitrend\/index.php?rest_route=\/wp\/v2\/types\/post"}],"author":[{"embeddable":true,"href":"https:\/\/matrend.hu\/maitrend\/index.php?rest_route=\/wp\/v2\/users\/1"}],"replies":[{"embeddable":true,"href":"https:\/\/matrend.hu\/maitrend\/index.php?rest_route=%2Fwp%2Fv2%2Fcomments&post=2557"}],"version-history":[{"count":2,"href":"https:\/\/matrend.hu\/maitrend\/index.php?rest_route=\/wp\/v2\/posts\/2557\/revisions"}],"predecessor-version":[{"id":2560,"href":"https:\/\/matrend.hu\/maitrend\/index.php?rest_route=\/wp\/v2\/posts\/2557\/revisions\/2560"}],"wp:featuredmedia":[{"embeddable":true,"href":"https:\/\/matrend.hu\/maitrend\/index.php?rest_route=\/wp\/v2\/media\/2558"}],"wp:attachment":[{"href":"https:\/\/matrend.hu\/maitrend\/index.php?rest_route=%2Fwp%2Fv2%2Fmedia&parent=2557"}],"wp:term":[{"taxonomy":"category","embeddable":true,"href":"https:\/\/matrend.hu\/maitrend\/index.php?rest_route=%2Fwp%2Fv2%2Fcategories&post=2557"},{"taxonomy":"post_tag","embeddable":true,"href":"https:\/\/matrend.hu\/maitrend\/index.php?rest_route=%2Fwp%2Fv2%2Ftags&post=2557"}],"curies":[{"name":"wp","href":"https:\/\/api.w.org\/{rel}","templated":true}]}}