{"id":2561,"date":"2025-06-19T18:06:35","date_gmt":"2025-06-19T16:06:35","guid":{"rendered":"https:\/\/matrend.hu\/maitrend\/?p=2561"},"modified":"2025-06-19T18:06:35","modified_gmt":"2025-06-19T16:06:35","slug":"hajbalban-jelentette-be-a-palota-a-tragediat-a-katalin-hercegnerol","status":"publish","type":"post","link":"https:\/\/matrend.hu\/maitrend\/?p=2561","title":{"rendered":"Hajbalban jelentette be a Palota a trag\u00e9di\u00e1t a Katalin hercegn\u00e9r\u0151l!"},"content":{"rendered":"<h3>A l\u00e1togat\u00f3k sz\u00edvb\u0151l rem\u00e9lt\u00e9k, hogy Katalin szem\u00e9lyesen jelen lesz \u2013 k\u00fcl\u00f6n\u00f6sen, hogy f\u00e9rje, Vilmos herceg a d\u00edj\u00e1tad\u00f3k k\u00f6z\u00f6tt is szerepelt. A szervez\u0151k m\u00e9g aznap d\u00e9lel\u0151tt \u00fagy tervezt\u00e9k, hogy a hercegi p\u00e1r a kir\u00e1lyi menet m\u00e1sodik hint\u00f3j\u00e1ban foglal majd helyet, K\u00e1roly kir\u00e1ly \u00e9s Kamilla kir\u00e1lyn\u00e9 oldal\u00e1n. A Kensington-palota hivatalos visszal\u00e9p\u00e9se ut\u00e1n azonban a szervez\u0151k gyorsan m\u00f3dos\u00edtott\u00e1k a programot \u2013 Katalin hercegn\u00e9 t\u00e1voll\u00e9te \u00edgy \u00e9rezhet\u0151 \u0171rt hagyott a brit t\u00e1rsas\u00e1gi \u00e9let egyik legf\u00e9ny\u0171z\u0151bb esem\u00e9ny\u00e9n.<\/h3>\n<p>VIA UKNW<\/p>\n<p>&#8211;<\/p>\n<p>A Renault Arkana el\u0151sz\u00f6r 2019-ben mutatkozott be Oroszorsz\u00e1gban, majd k\u00e9t \u00e9vvel k\u00e9s\u0151bb jelent meg az Egyes\u00fclt Kir\u00e1lys\u00e1gban. Ez volt a Renault els\u0151 pr\u00f3b\u00e1lkoz\u00e1sa a kup\u00e9-SUV piaci szegmens megh\u00f3d\u00edt\u00e1s\u00e1ra. Az Arkana ugyanarra a padl\u00f3lemezre \u00e9p\u00fcl, mint a kisebb Captur, \u00e1m ann\u00e1l nagyobb, \u00e9s kup\u00e9szer\u0171 tet\u0151vonala miatt ink\u00e1bb a st\u00edlusra \u00e9rz\u00e9keny v\u00e1s\u00e1rl\u00f3k figyelm\u00e9t keltheti fel.<br \/>\nAz Arkana azonban nem egyed\u00fcl pr\u00f3b\u00e1lja megsz\u00f3l\u00edtani ezt a v\u00e1s\u00e1rl\u00f3r\u00e9teget. Vet\u00e9lyt\u00e1rsai k\u00f6z\u00f6tt ott van az \u00faj Toyota C-HR, a Peugeot 408 \u00e9s a Cupra Formentor. A futurisztikus megjelen\u00e9s\u0171 Hyundai Kona \u2013 amely 2023-ban az \u00e9v aut\u00f3ja lett \u2013 szint\u00e9n er\u0151s vizu\u00e1lis hat\u00e1st kelt, m\u00edg a Citro\u00ebn C4 X a francia alternat\u00edv\u00e1k sor\u00e1t b\u0151v\u00edti egy SUV-hat\u00e1s\u00fa, lejt\u0151s tet\u0151vonal\u00fa modellel.<br \/>\nA Renault jelenleg \u00e1talak\u00edtja modellk\u00edn\u00e1lat\u00e1t: \u00faj t\u00edpusokat vezet be, mint a Renault Austral SUV \u00e9s a Renault Rafale kup\u00e9, valamint friss\u00edt\u00e9seket hajt v\u00e9gre a megl\u00e9v\u0151 modelleken annak \u00e9rdek\u00e9ben, hogy azok egys\u00e9ges arculatot k\u00e9pviseljenek. Az Arkana volt az egyik modell, amelyet a m\u00e1rka 2023-ban r\u00e1ncfelvarr\u00e1son esett \u00e1t \u2013 a m\u00e1sik a Clio kisaut\u00f3 volt. Ennek ellen\u00e9re az Arkana v\u00e1ltoztat\u00e1sai annyira visszafogottak, hogy alig \u00e9szrevehet\u0151k: \u00faj mint\u00e1zat\u00fa els\u0151 h\u0171t\u0151r\u00e1csot kapott, friss\u00fclt a Renault embl\u00e9ma, a h\u00e1ts\u00f3 l\u00e1mp\u00e1k enyh\u00e9n f\u00fcst\u00f6s hat\u00e1s\u00faak lettek, az aut\u00f3 kipufog\u00f3v\u00e9gei pedig s\u00f6t\u00e9tebb t\u00f3nust kaptak.<\/p>\n<p>Az Arkana megjelen\u00e9se m\u00e1r kor\u00e1bban is figyelemfelkelt\u0151 volt, k\u00f6sz\u00f6nhet\u0151en a lejt\u0151s tet\u0151vonalnak, a hatalmas f\u00e9nysz\u00f3r\u00f3knak C-alak\u00fa f\u00e9nygrafik\u00e1val, valamint jelent\u0151s m\u00e9ret\u00e9nek \u2013 a modell majdnem 4,6 m\u00e9ter hossz\u00fa.<br \/>\nA kezdetben el\u00e9rhet\u0151 138 l\u00f3er\u0151s, 1,3 literes benzinmotort id\u0151k\u00f6zben kivezett\u00e9k, \u00edgy mostanra kiz\u00e1r\u00f3lag az E-Tech teljes hibrid hajt\u00e1sl\u00e1nc \u00e9rhet\u0151 el az Arkana-hoz. Ez egy 1,6 literes benzinmotort \u00e9s egy els\u0151 kerekeket hajt\u00f3 villanymotort kombin\u00e1l, amely \u00f6n\u00e1ll\u00f3an ak\u00e1r 60 km\/h sebess\u00e9gig is k\u00e9pes mozgatni az aut\u00f3t, \u00e9s 250 Nm nyomat\u00e9kot szolg\u00e1ltat. Az Arkana E-Tech tartalmaz egy ind\u00edt\u00f3gener\u00e1tort is, amely az \u00e9g\u00e9s\u0171 motor beind\u00edt\u00e1s\u00e1t seg\u00edti.<\/p>\n","protected":false},"excerpt":{"rendered":"<p>A l\u00e1togat\u00f3k sz\u00edvb\u0151l rem\u00e9lt\u00e9k, hogy Katalin szem\u00e9lyesen jelen lesz \u2013 k\u00fcl\u00f6n\u00f6sen, hogy f\u00e9rje, Vilmos herceg a d\u00edj\u00e1tad\u00f3k k\u00f6z\u00f6tt is szerepelt&#8230;. <span class=\"gridview-grid-post-read-more\"><a href=\"https:\/\/matrend.hu\/maitrend\/?p=2561\">read more<span class=\"gridview-sr-only\"> Hajbalban jelentette be a Palota a trag\u00e9di\u00e1t a Katalin hercegn\u00e9r\u0151l!<\/span><\/a><\/span><\/p>\n","protected":false},"author":1,"featured_media":2562,"comment_status":"open","ping_status":"open","sticky":false,"template":"","format":"standard","meta":{"footnotes":""},"categories":[1],"tags":[],"class_list":["post-2561","post","type-post","status-publish","format-standard","has-post-thumbnail","hentry","category-egyeb","wpcat-1-id"],"_links":{"self":[{"href":"https:\/\/matrend.hu\/maitrend\/index.php?rest_route=\/wp\/v2\/posts\/2561","targetHints":{"allow":["GET"]}}],"collection":[{"href":"https:\/\/matrend.hu\/maitrend\/index.php?rest_route=\/wp\/v2\/posts"}],"about":[{"href":"https:\/\/matrend.hu\/maitrend\/index.php?rest_route=\/wp\/v2\/types\/post"}],"author":[{"embeddable":true,"href":"https:\/\/matrend.hu\/maitrend\/index.php?rest_route=\/wp\/v2\/users\/1"}],"replies":[{"embeddable":true,"href":"https:\/\/matrend.hu\/maitrend\/index.php?rest_route=%2Fwp%2Fv2%2Fcomments&post=2561"}],"version-history":[{"count":1,"href":"https:\/\/matrend.hu\/maitrend\/index.php?rest_route=\/wp\/v2\/posts\/2561\/revisions"}],"predecessor-version":[{"id":2563,"href":"https:\/\/matrend.hu\/maitrend\/index.php?rest_route=\/wp\/v2\/posts\/2561\/revisions\/2563"}],"wp:featuredmedia":[{"embeddable":true,"href":"https:\/\/matrend.hu\/maitrend\/index.php?rest_route=\/wp\/v2\/media\/2562"}],"wp:attachment":[{"href":"https:\/\/matrend.hu\/maitrend\/index.php?rest_route=%2Fwp%2Fv2%2Fmedia&parent=2561"}],"wp:term":[{"taxonomy":"category","embeddable":true,"href":"https:\/\/matrend.hu\/maitrend\/index.php?rest_route=%2Fwp%2Fv2%2Fcategories&post=2561"},{"taxonomy":"post_tag","embeddable":true,"href":"https:\/\/matrend.hu\/maitrend\/index.php?rest_route=%2Fwp%2Fv2%2Ftags&post=2561"}],"curies":[{"name":"wp","href":"https:\/\/api.w.org\/{rel}","templated":true}]}}