{"id":2567,"date":"2025-06-19T20:22:23","date_gmt":"2025-06-19T18:22:23","guid":{"rendered":"https:\/\/matrend.hu\/maitrend\/?p=2567"},"modified":"2025-06-19T20:22:23","modified_gmt":"2025-06-19T18:22:23","slug":"tobbe-mar-nem-all-szinpadra-csuja-imre","status":"publish","type":"post","link":"https:\/\/matrend.hu\/maitrend\/?p=2567","title":{"rendered":"T\u00f6bb\u00e9 m\u00e1r nem \u00e1ll sz\u00ednpadra Csuja Imre."},"content":{"rendered":"<h3>\u201eTudom, hogy ez r\u00e9szben f\u00e9lelemb\u0151l fakad\u201d \u2014 mondta az interj\u00faban. \u2014 \u201eEgy sz\u00edn\u00e9sz legnagyobb r\u00e9me, hogy elvesz\u00edti a sz\u00f6veget. \u00c9s b\u00e1r pr\u00f3b\u00e1lom kord\u00e1ban tartani a p\u00e1nikot, a korom miatt egyre nehezebb. M\u00e1r nem akarom kitenni magam ennek a vesz\u00e9lynek, sem a k\u00f6z\u00f6ns\u00e9get a csal\u00f3d\u00e1snak.\u201d \u00cdgy h\u00e1t b\u00f6lcs bel\u00e1t\u00e1ssal, m\u00e9lt\u00f3s\u00e1ggal h\u00e1tr\u00e1l meg a reflektorf\u00e9nyb\u0151l \u2014 de \u00f6r\u00f6kre ott marad a magyar sz\u00ednh\u00e1zt\u00f6rt\u00e9net legnagyobb alakjai k\u00f6z\u00f6tt.<\/h3>\n<p>VIA story<\/p>\n<p>&#8211;<\/p>\n<p>A Volvo XC60 egy eleg\u00e1ns bels\u0151 t\u00e9rrel, kiv\u00e1l\u00f3 \u00e9p\u00edt\u00e9si min\u0151s\u00e9ggel \u00e9s k\u00e9nyelmes menetkomforttal rendelkez\u0151 j\u00e1rm\u0171, amely tov\u00e1bbra is remek alternat\u00edv\u00e1t k\u00edn\u00e1l olyan pr\u00e9mium gy\u00e1rt\u00f3k, mint az Audi, a BMW \u00e9s a Mercedes modelleihez k\u00e9pest. Az XC60 biztons\u00e1gi szintje els\u0151rang\u00fa, \u00e9s a helyk\u00edn\u00e1lat, valamint a praktikum ter\u00e9n is kiemelked\u0151, b\u00e1r az infotainment rendszer\u00e9nek vannak gyenges\u00e9gei \u2013 p\u00e9ld\u00e1ul a kl\u00edmaberendez\u00e9s kezel\u00e9se nem a legk\u00e9nyelmesebb.<\/p>\n<p>Ha t\u00f6bb teljes\u00edtm\u00e9nyre v\u00e1gysz, mint amit a legt\u00f6bb konkurens modellel el\u00e9rhetsz, a plug-in hibrid v\u00e1ltozatok k\u00fcl\u00f6n\u00f6sen er\u0151sek, r\u00e1ad\u00e1sul a legjobb \u00fczemanyag-hat\u00e9konys\u00e1got \u00e9s c\u00e9ges aut\u00f3 ad\u00f3el\u0151ny\u00f6ket k\u00edn\u00e1lj\u00e1k az XC60 sorozatban. A m\u00e1sodik gener\u00e1ci\u00f3s XC60 2017-es megjelen\u00e9se \u00f3ta tal\u00e1n vesz\u00edtett egy kicsit a kezdeti \u201ewow faktor\u00e1b\u00f3l\u201d, de m\u00e9g mindig \u00e9rdemes figyelembe venni, ha egy pr\u00e9mium k\u00f6zepes m\u00e9ret\u0171 SUV-t keresel, amely kiv\u00e1l\u00f3 k\u00e9nyelmet ny\u00fajt.<br \/>\nA Volvo XC60 els\u0151 gener\u00e1ci\u00f3ja 2008-ban deb\u00fct\u00e1lt, \u00e9s az \u00e9lete sor\u00e1n a sv\u00e9d m\u00e1rka legn\u00e9pszer\u0171bb modellj\u00e9v\u00e9 v\u00e1lt. A m\u00e1sodik gener\u00e1ci\u00f3s XC60 2017-ben ker\u00fclt piacra, \u00e9s azon a platformon alapul, amely a m\u00e1rka z\u00e1szl\u00f3shaj\u00f3, a h\u00e9t\u00fcl\u00e9ses XC90-es modellj\u00e9t is t\u00e1mogatja, \u00edgy ugyanazokat a felf\u00fcggeszt\u00e9seket \u00e9s motorv\u00e1laszt\u00e9kot k\u00edn\u00e1lja. Az XC60 az \u00e9lete k\u00f6zep\u00e9n friss\u00edt\u00e9seken esett \u00e1t, hogy versenyk\u00e9pes maradjon a k\u00f6zepes pr\u00e9mium SUV szegmensben.<\/p>\n","protected":false},"excerpt":{"rendered":"<p>\u201eTudom, hogy ez r\u00e9szben f\u00e9lelemb\u0151l fakad\u201d \u2014 mondta az interj\u00faban. \u2014 \u201eEgy sz\u00edn\u00e9sz legnagyobb r\u00e9me, hogy elvesz\u00edti a sz\u00f6veget. \u00c9s&#8230; <span class=\"gridview-grid-post-read-more\"><a href=\"https:\/\/matrend.hu\/maitrend\/?p=2567\">read more<span class=\"gridview-sr-only\"> T\u00f6bb\u00e9 m\u00e1r nem \u00e1ll sz\u00ednpadra Csuja Imre.<\/span><\/a><\/span><\/p>\n","protected":false},"author":1,"featured_media":2568,"comment_status":"open","ping_status":"open","sticky":false,"template":"","format":"standard","meta":{"footnotes":""},"categories":[1],"tags":[],"class_list":["post-2567","post","type-post","status-publish","format-standard","has-post-thumbnail","hentry","category-egyeb","wpcat-1-id"],"_links":{"self":[{"href":"https:\/\/matrend.hu\/maitrend\/index.php?rest_route=\/wp\/v2\/posts\/2567","targetHints":{"allow":["GET"]}}],"collection":[{"href":"https:\/\/matrend.hu\/maitrend\/index.php?rest_route=\/wp\/v2\/posts"}],"about":[{"href":"https:\/\/matrend.hu\/maitrend\/index.php?rest_route=\/wp\/v2\/types\/post"}],"author":[{"embeddable":true,"href":"https:\/\/matrend.hu\/maitrend\/index.php?rest_route=\/wp\/v2\/users\/1"}],"replies":[{"embeddable":true,"href":"https:\/\/matrend.hu\/maitrend\/index.php?rest_route=%2Fwp%2Fv2%2Fcomments&post=2567"}],"version-history":[{"count":1,"href":"https:\/\/matrend.hu\/maitrend\/index.php?rest_route=\/wp\/v2\/posts\/2567\/revisions"}],"predecessor-version":[{"id":2569,"href":"https:\/\/matrend.hu\/maitrend\/index.php?rest_route=\/wp\/v2\/posts\/2567\/revisions\/2569"}],"wp:featuredmedia":[{"embeddable":true,"href":"https:\/\/matrend.hu\/maitrend\/index.php?rest_route=\/wp\/v2\/media\/2568"}],"wp:attachment":[{"href":"https:\/\/matrend.hu\/maitrend\/index.php?rest_route=%2Fwp%2Fv2%2Fmedia&parent=2567"}],"wp:term":[{"taxonomy":"category","embeddable":true,"href":"https:\/\/matrend.hu\/maitrend\/index.php?rest_route=%2Fwp%2Fv2%2Fcategories&post=2567"},{"taxonomy":"post_tag","embeddable":true,"href":"https:\/\/matrend.hu\/maitrend\/index.php?rest_route=%2Fwp%2Fv2%2Ftags&post=2567"}],"curies":[{"name":"wp","href":"https:\/\/api.w.org\/{rel}","templated":true}]}}