{"id":2573,"date":"2025-06-20T08:30:38","date_gmt":"2025-06-20T06:30:38","guid":{"rendered":"https:\/\/matrend.hu\/maitrend\/?p=2573"},"modified":"2025-06-20T08:30:38","modified_gmt":"2025-06-20T06:30:38","slug":"farkashazy-tivadar-is-reagalt-aranyosi-ra","status":"publish","type":"post","link":"https:\/\/matrend.hu\/maitrend\/?p=2573","title":{"rendered":"Farkash\u00e1zy Tivadar is reag\u00e1lt Aranyosi-ra!"},"content":{"rendered":"<h3>\u201eVoltam \u00e9n ilyen helyzetben a Heti Hetesben, ahol heten voltunk, \u00e9s aki ott t\u00f6preng meg gondolkozik, annak v\u00e9ge van. H\u00e1t, m\u00f6g\u00f6ttem se \u00e1llhatott k\u00e9t \u00fcgyv\u00e9d, hogy tan\u00e1csot k\u00e9rjek t\u0151l\u00fck\u201d \u2013 f\u0171zte hozz\u00e1 Farkash\u00e1zy, aki eloszlatott egy t\u00e9vhitet, \u00e9s kimondta: a standuposok nem improviz\u00e1lnak.<\/h3>\n<p>Forr\u00e1s: MSN \/ FB \/ BPW<\/p>\n<p>&#8211;<\/p>\n<p>Az, hogy mennyire j\u00f3 min\u0151s\u00e9g\u0171ek az anyagok az aut\u00f3 belsej\u00e9ben, att\u00f3l f\u00fcgg, hogy melyik felszerelts\u00e9gi szintet v\u00e1lasztjuk. Pap\u00edron m\u00e1r az alapfelszerelts\u00e9g\u0171, &#8222;2-es&#8221; szint is el\u00e9g j\u00f3l hangzik, de a val\u00f3s\u00e1gban a Kia t\u00f6bb fontos dolgot is kivett ebb\u0151l a v\u00e1ltozatb\u00f3l. Ennek az lehet az eredm\u00e9nye, hogy a vev\u0151k ink\u00e1bb a jobban felszerelt &#8222;3-as&#8221; vagy &#8222;4-es&#8221; v\u00e1ltozatot v\u00e1lasztj\u00e1k.<\/p>\n<p>A magasabb felszerelts\u00e9g\u0171 modellek p\u00e9ld\u00e1ul puh\u00e1bb, kellemesebb tapint\u00e1s\u00fa m\u0171anyagokat kapnak az ajt\u00f3burkolatokra, hangulatvil\u00e1g\u00edt\u00e1st, \u00e9s k\u00fcl\u00f6nleges, r\u00e9zhez hasonl\u00edt\u00f3 d\u00edsz\u00edt\u0151elemeket (m\u00e9g ha val\u00f3j\u00e1ban ezek \u00fajrahasznos\u00edtott m\u0171anyagb\u00f3l is k\u00e9sz\u00fclnek). Ezzel szemben az alapv\u00e1ltozatban kem\u00e9ny, rideg m\u0171anyagokat tal\u00e1lunk, a kijelz\u0151 pedig j\u00f3val kisebb, \u00e9s \u00fagy n\u00e9z ki, mintha elveszne a t\u00fal nagy m\u0171anyag keretben, amibe be\u00e9p\u00edtett\u00e9k.<\/p>\n<p>A &#8222;3-as&#8221; felszerelts\u00e9g eset\u00e9n viszont m\u00e1r eg\u00e9sz m\u00e1s a helyzet: ekkor m\u00e1r sokkal k\u00f6zelebb ker\u00fcl a min\u0151s\u00e9g a Cupra Born-hoz \u2013 egy m\u00e1sik elektromos aut\u00f3hoz, amelyet N\u00e9metorsz\u00e1gban gy\u00e1rtanak, de a spanyol SEAT m\u00e1rk\u00e1hoz tartozik. A Cupra beltere ugyan t\u00f6bb kem\u00e9ny m\u0171anyagot tartalmaz, de a Kia m\u0171b\u0151r k\u00e1rpitja sem az igazi: el\u00e9g t\u00e1vol \u00e1ll a val\u00f3di b\u0151r \u00e9rzet\u00e9t\u0151l, ink\u00e1bb puha pap\u00edrmas\u00e9hoz hasonl\u00edt, mint val\u00f3di b\u0151rh\u00f6z.<\/p>\n<p>A Niro belsej\u00e9ben sajnos n\u00e9h\u00e1ny kellemetlen, nem v\u00e1rt min\u0151s\u00e9gi probl\u00e9ma is felbukkan. P\u00e9ld\u00e1ul a vezet\u0151\u00fcl\u00e9s alatt \u00e9s a ped\u00e1lok k\u00f6r\u00fcl l\u00e1tszanak a csupasz k\u00e1belek, ami rontja az \u00f6sszhat\u00e1st. A csomagt\u00e9r rol\u00f3ja el\u00e9g gyenge, \u00e9s a f\u00e9kped\u00e1l egy olyan hegesztett konzolr\u00f3l l\u00f3g le, ami el\u00e9g durva kidolgoz\u00e1s\u00fa, \u00e9s k\u00f6nnyen beleakadhat a cip\u0151d egy r\u00e9sze, amikor lel\u00e9psz a f\u00e9kr\u0151l.<\/p>\n","protected":false},"excerpt":{"rendered":"<p>\u201eVoltam \u00e9n ilyen helyzetben a Heti Hetesben, ahol heten voltunk, \u00e9s aki ott t\u00f6preng meg gondolkozik, annak v\u00e9ge van. H\u00e1t,&#8230; <span class=\"gridview-grid-post-read-more\"><a href=\"https:\/\/matrend.hu\/maitrend\/?p=2573\">read more<span class=\"gridview-sr-only\"> Farkash\u00e1zy Tivadar is reag\u00e1lt Aranyosi-ra!<\/span><\/a><\/span><\/p>\n","protected":false},"author":1,"featured_media":2574,"comment_status":"open","ping_status":"open","sticky":false,"template":"","format":"standard","meta":{"footnotes":""},"categories":[1],"tags":[],"class_list":["post-2573","post","type-post","status-publish","format-standard","has-post-thumbnail","hentry","category-egyeb","wpcat-1-id"],"_links":{"self":[{"href":"https:\/\/matrend.hu\/maitrend\/index.php?rest_route=\/wp\/v2\/posts\/2573","targetHints":{"allow":["GET"]}}],"collection":[{"href":"https:\/\/matrend.hu\/maitrend\/index.php?rest_route=\/wp\/v2\/posts"}],"about":[{"href":"https:\/\/matrend.hu\/maitrend\/index.php?rest_route=\/wp\/v2\/types\/post"}],"author":[{"embeddable":true,"href":"https:\/\/matrend.hu\/maitrend\/index.php?rest_route=\/wp\/v2\/users\/1"}],"replies":[{"embeddable":true,"href":"https:\/\/matrend.hu\/maitrend\/index.php?rest_route=%2Fwp%2Fv2%2Fcomments&post=2573"}],"version-history":[{"count":1,"href":"https:\/\/matrend.hu\/maitrend\/index.php?rest_route=\/wp\/v2\/posts\/2573\/revisions"}],"predecessor-version":[{"id":2575,"href":"https:\/\/matrend.hu\/maitrend\/index.php?rest_route=\/wp\/v2\/posts\/2573\/revisions\/2575"}],"wp:featuredmedia":[{"embeddable":true,"href":"https:\/\/matrend.hu\/maitrend\/index.php?rest_route=\/wp\/v2\/media\/2574"}],"wp:attachment":[{"href":"https:\/\/matrend.hu\/maitrend\/index.php?rest_route=%2Fwp%2Fv2%2Fmedia&parent=2573"}],"wp:term":[{"taxonomy":"category","embeddable":true,"href":"https:\/\/matrend.hu\/maitrend\/index.php?rest_route=%2Fwp%2Fv2%2Fcategories&post=2573"},{"taxonomy":"post_tag","embeddable":true,"href":"https:\/\/matrend.hu\/maitrend\/index.php?rest_route=%2Fwp%2Fv2%2Ftags&post=2573"}],"curies":[{"name":"wp","href":"https:\/\/api.w.org\/{rel}","templated":true}]}}