{"id":2582,"date":"2025-06-20T17:48:01","date_gmt":"2025-06-20T15:48:01","guid":{"rendered":"https:\/\/matrend.hu\/maitrend\/?p=2582"},"modified":"2025-06-20T17:48:08","modified_gmt":"2025-06-20T15:48:08","slug":"drama-megtiltottak-a-furdest-a-balatonba","status":"publish","type":"post","link":"https:\/\/matrend.hu\/maitrend\/?p=2582","title":{"rendered":"DR\u00c1MA! Megtiltott\u00e1k a f\u00fcrd\u00e9st a Balatonba!"},"content":{"rendered":"<h3>Az \u00f6nkorm\u00e1nyzat azonnal l\u00e9p\u00e9seket tett: figyelemfelh\u00edv\u00f3 t\u00e1bl\u00e1kat helyeztek ki, \u00e9s \u00e9letbe l\u00e9ptett\u00e9k a f\u00fcrd\u00e9si tilalmat. A partszakasz tov\u00e1bbra is l\u00e1togathat\u00f3, napoz\u00e1sra \u00e9s pihen\u00e9sre alkalmas, de a Balatonban val\u00f3 f\u00fcrd\u0151z\u00e9s egyel\u0151re ti\/os.<\/h3>\n<p>Forr\u00e1s: MSN \/ FB \/ BPW<\/p>\n<p>&#8211;<\/p>\n<p>Szem\u00e9ly szerint tetszik ez a mer\u00e9szs\u00e9g. Egy id\u0151 ut\u00e1n, amikor elm\u00falik a diz\u00e1jn okozta kezdeti meglepet\u00e9s, egyre t\u00f6bb apr\u00f3 r\u00e9szletet lehet felfedezni a karossz\u00e9ri\u00e1n. Ez az a fajta aut\u00f3, amit szinte meg akar \u00e9rinteni az ember, hogy k\u00f6vesse a form\u00e1it. Nem olyan, mint egy hagyom\u00e1nyos, kiss\u00e9 unalmas Toyota Camry \u2013 ez sokkal karakteresebb.<\/p>\n<p>Az EV4 szed\u00e1n valamivel hosszabb, mint a Model 3 \u2013 4730 mm \u2013, \u00e9s 30 centivel hosszabb, mint a saj\u00e1t ferdeh\u00e1t\u00fa v\u00e1ltozata. A csomagtart\u00f3ja is nagyobb: 490 literes a szed\u00e1nban, szemben a hatchback 435 liter\u00e9vel. A bels\u0151 t\u00e9r sokban hasonl\u00edt az EV3 modell kiv\u00e1l\u00f3 utaster\u00e9re, de van n\u00e9h\u00e1ny egyedi eleme is. A szinte teljesen s\u00edk padl\u00f3 p\u00e9ld\u00e1ul sokkal t\u00e1gasabb \u00e9rzetet ny\u00fajt, k\u00fcl\u00f6n\u00f6sen h\u00e1tul.<\/p>\n<p>A GT Line kivitel, amit teszteltek, k\u00fcl\u00f6nleges, bord\u00e1zott \u00fcl\u00e9sk\u00e1rpitokat kapott, amelyek nemcsak l\u00e1tv\u00e1nyosak, hanem nagyon k\u00e9nyelmesek is. \u00d6sszess\u00e9g\u00e9ben a Kia j\u00f3l eltal\u00e1lta az egyens\u00falyt a modern technol\u00f3gia \u00e9s a fizikai gombok k\u00f6z\u00f6tt \u2013 sok vez\u00e9rl\u0151elem k\u00e9zre \u00e1ll \u00e9s logikus elrendez\u00e9s\u0171. Az anyaghaszn\u00e1lat is min\u0151s\u00e9gi, modern hat\u00e1st kelt.<\/p>\n<p>Az EV4 azonos m\u0171szaki alapokra \u00e9p\u00fcl, mint az EV3: a Kia saj\u00e1t fejleszt\u00e9s\u0171 E-GMP platformj\u00e1t haszn\u00e1lja, ebben az esetben 400 voltos verzi\u00f3ban (a nagyobb EV6 \u00e9s EV9 modellek 800 voltos rendszert haszn\u00e1lnak). Az aut\u00f3 k\u00e9tf\u00e9le akkumul\u00e1torral \u00e9rhet\u0151 el: 58 kWh-s \u00e9s 81,4 kWh-s kivitelben.<\/p>\n<p>Mindk\u00e9t v\u00e1ltozatot egy els\u0151 tengelyre szerelt elektromotor hajtja, amely 201 l\u00f3er\u0151s teljes\u00edtm\u00e9nyre \u00e9s 284 Nm nyomat\u00e9kra k\u00e9pes. A gyorsul\u00e1s 0-r\u00f3l 100 km\/\u00f3r\u00e1ra nagyj\u00e1b\u00f3l 7,4\u20137,7 m\u00e1sodperc k\u00f6z\u00f6tt van, az akku m\u00e9ret\u00e9t\u0151l \u00e9s a karossz\u00e9ria t\u00edpus\u00e1t\u00f3l f\u00fcgg\u0151en. B\u00e1r az EV3 m\u0171szakilag j\u00f3l teljes\u00edt, sokak szerint kiss\u00e9 l\u00e9lektelen \u2013 \u00e9s ezt a hi\u00e1nyt p\u00f3tolja az EV4 azzal, hogy vezet\u00e9s k\u00f6zben \u00e9lvezetesebb karaktert ny\u00fajt.<\/p>\n","protected":false},"excerpt":{"rendered":"<p>Az \u00f6nkorm\u00e1nyzat azonnal l\u00e9p\u00e9seket tett: figyelemfelh\u00edv\u00f3 t\u00e1bl\u00e1kat helyeztek ki, \u00e9s \u00e9letbe l\u00e9ptett\u00e9k a f\u00fcrd\u00e9si tilalmat. A partszakasz tov\u00e1bbra is l\u00e1togathat\u00f3,&#8230; <span class=\"gridview-grid-post-read-more\"><a href=\"https:\/\/matrend.hu\/maitrend\/?p=2582\">read more<span class=\"gridview-sr-only\"> DR\u00c1MA! Megtiltott\u00e1k a f\u00fcrd\u00e9st a Balatonba!<\/span><\/a><\/span><\/p>\n","protected":false},"author":1,"featured_media":2583,"comment_status":"open","ping_status":"open","sticky":false,"template":"","format":"standard","meta":{"footnotes":""},"categories":[1],"tags":[],"class_list":["post-2582","post","type-post","status-publish","format-standard","has-post-thumbnail","hentry","category-egyeb","wpcat-1-id"],"_links":{"self":[{"href":"https:\/\/matrend.hu\/maitrend\/index.php?rest_route=\/wp\/v2\/posts\/2582","targetHints":{"allow":["GET"]}}],"collection":[{"href":"https:\/\/matrend.hu\/maitrend\/index.php?rest_route=\/wp\/v2\/posts"}],"about":[{"href":"https:\/\/matrend.hu\/maitrend\/index.php?rest_route=\/wp\/v2\/types\/post"}],"author":[{"embeddable":true,"href":"https:\/\/matrend.hu\/maitrend\/index.php?rest_route=\/wp\/v2\/users\/1"}],"replies":[{"embeddable":true,"href":"https:\/\/matrend.hu\/maitrend\/index.php?rest_route=%2Fwp%2Fv2%2Fcomments&post=2582"}],"version-history":[{"count":2,"href":"https:\/\/matrend.hu\/maitrend\/index.php?rest_route=\/wp\/v2\/posts\/2582\/revisions"}],"predecessor-version":[{"id":2585,"href":"https:\/\/matrend.hu\/maitrend\/index.php?rest_route=\/wp\/v2\/posts\/2582\/revisions\/2585"}],"wp:featuredmedia":[{"embeddable":true,"href":"https:\/\/matrend.hu\/maitrend\/index.php?rest_route=\/wp\/v2\/media\/2583"}],"wp:attachment":[{"href":"https:\/\/matrend.hu\/maitrend\/index.php?rest_route=%2Fwp%2Fv2%2Fmedia&parent=2582"}],"wp:term":[{"taxonomy":"category","embeddable":true,"href":"https:\/\/matrend.hu\/maitrend\/index.php?rest_route=%2Fwp%2Fv2%2Fcategories&post=2582"},{"taxonomy":"post_tag","embeddable":true,"href":"https:\/\/matrend.hu\/maitrend\/index.php?rest_route=%2Fwp%2Fv2%2Ftags&post=2582"}],"curies":[{"name":"wp","href":"https:\/\/api.w.org\/{rel}","templated":true}]}}