{"id":2586,"date":"2025-06-20T19:19:24","date_gmt":"2025-06-20T17:19:24","guid":{"rendered":"https:\/\/matrend.hu\/maitrend\/?p=2586"},"modified":"2025-06-20T19:19:24","modified_gmt":"2025-06-20T17:19:24","slug":"mar-nem-automatikus-a-13-havi-nyugdij","status":"publish","type":"post","link":"https:\/\/matrend.hu\/maitrend\/?p=2586","title":{"rendered":"M\u00e1r nem automatikus a 13. havi nyugd\u00edj"},"content":{"rendered":"<h3>Az \u00faj el\u0151\u00edr\u00e1s szerint csak azok jogosultak a 13. havi nyugd\u00edjra, akik 2025 febru\u00e1rj\u00e1ban nyugd\u00edjasok, \u00e9s m\u00e1r 2024-ben is kaptak legal\u00e1bb egy napnyi nyugd\u00edjat. Ezzel kiz\u00e1rj\u00e1k p\u00e9ld\u00e1ul azokat, akik 2025 janu\u00e1rj\u00e1ban vonulnak nyugd\u00edjba, vagy akiknek szerettei 2024 v\u00e9g\u00e9n hunytak el. Eddig a janu\u00e1rban elhunyt nyugd\u00edjasok hozz\u00e1tartoz\u00f3i m\u00e9g megkaphatt\u00e1k a juttat\u00e1st, de ez a lehet\u0151s\u00e9g most megsz\u0171nik. Szak\u00e9rt\u0151k szerint ez k\u00fcl\u00f6n\u00f6sen neh\u00e9z helyzet azokkal szemben, akik \u00e9pp egy temet\u00e9s terh\u00e9t viselik.<br \/>\nEZT KELL TENNI:<\/h3>\n<p>&#8211;<\/p>\n<p>Csak hogy tudd: ez a 2018\u20132024 k\u00f6z\u00f6tti \u00faj Nissan Leaf modell \u00e9rt\u00e9kel\u00e9se. Ha a haszn\u00e1lt Leaf ir\u00e1nt \u00e9rdekl\u0151dsz, vagy k\u00edv\u00e1ncsi vagy a leg\u00fajabb Nissan modellekkel kapcsolatos h\u00edrekre, k\u00e9rlek, k\u00f6vesd a megadott linkeket.<br \/>\nA Nissan Leaf szinte minden ter\u00fcleten leny\u0171g\u00f6z\u0151. K\u00f6nny\u0171 vezetni, k\u00e9nyelmes \u2013 k\u00fcl\u00f6n\u00f6sen v\u00e1rosi k\u00f6rnyezetben \u2013, \u00e9s a hat\u00f3t\u00e1vols\u00e1ga is tisztess\u00e9ges, ami sokf\u00e9le v\u00e1s\u00e1rl\u00f3 sz\u00e1m\u00e1ra vonz\u00f3v\u00e1 teszi. Figyelembe v\u00e9ve az \u00e1r\u00e1t, meglep\u0151en sok technol\u00f3gi\u00e1t k\u00edn\u00e1l, r\u00e1ad\u00e1sul elegend\u0151 helyet biztos\u00edt az eg\u00e9sz csal\u00e1dnak.<\/p>\n<p>Lehet, hogy azok, akik m\u00e1r rendelkeznek az els\u0151 gener\u00e1ci\u00f3s Leaf egyik p\u00e9ld\u00e1ny\u00e1val, csal\u00f3dottak lesznek, amikor l\u00e1tj\u00e1k, mennyire \u201enorm\u00e1liss\u00e1\u201d v\u00e1lt ezzel a modellel az elektromos aut\u00f3z\u00e1s \u00e9lm\u00e9nye \u2013 legyen sz\u00f3 a k\u00fcls\u0151r\u0151l, a bels\u0151r\u0151l, a kezel\u0151fel\u00fcletr\u0151l vagy a vezet\u00e9si \u00e9lm\u00e9nyr\u0151l. Sz\u00e1munkra azonban az egyetlen igazi csal\u00f3d\u00e1s az, hogy min\u0151s\u00e9g \u00e9s st\u00edlus szempontj\u00e1b\u00f3l m\u00e9g mindig nem olyan vonz\u00f3, mint a VW ID.3.<br \/>\nHa szeretn\u00e9d \u00e9rz\u00e9kelni, milyen gyorsan v\u00e1ltozik az elektromos aut\u00f3k vil\u00e1ga, akkor a m\u00e1sodik gener\u00e1ci\u00f3s Nissan Leaf t\u00f6k\u00e9letes kiindul\u00f3pont. A 2018-ban megjelent modell \u00faj szintre emelte a gyakorlati haszn\u00e1lhat\u00f3s\u00e1got, a felhaszn\u00e1l\u00f3bar\u00e1ts\u00e1got \u00e9s \u2013 legf\u0151k\u00e9pp \u2013 azt a k\u00e9pess\u00e9get, hogy egyetlen t\u00f6lt\u00e9ssel j\u00f3val messzebbre juthat, mint a legt\u00f6bb akkori riv\u00e1lisa. Ennek k\u00f6sz\u00f6nhet\u0151en r\u00f6gt\u00f6n az \u00e9lre ker\u00fclt az akkor m\u00e9g meglehet\u0151sen sz\u0171k teljesen elektromos csal\u00e1di ferdeh\u00e1t\u00fa szegmensben.<\/p>\n","protected":false},"excerpt":{"rendered":"<p>Az \u00faj el\u0151\u00edr\u00e1s szerint csak azok jogosultak a 13. havi nyugd\u00edjra, akik 2025 febru\u00e1rj\u00e1ban nyugd\u00edjasok, \u00e9s m\u00e1r 2024-ben is kaptak&#8230; <span class=\"gridview-grid-post-read-more\"><a href=\"https:\/\/matrend.hu\/maitrend\/?p=2586\">read more<span class=\"gridview-sr-only\"> M\u00e1r nem automatikus a 13. havi nyugd\u00edj<\/span><\/a><\/span><\/p>\n","protected":false},"author":1,"featured_media":2587,"comment_status":"open","ping_status":"open","sticky":false,"template":"","format":"standard","meta":{"footnotes":""},"categories":[1],"tags":[],"class_list":["post-2586","post","type-post","status-publish","format-standard","has-post-thumbnail","hentry","category-egyeb","wpcat-1-id"],"_links":{"self":[{"href":"https:\/\/matrend.hu\/maitrend\/index.php?rest_route=\/wp\/v2\/posts\/2586","targetHints":{"allow":["GET"]}}],"collection":[{"href":"https:\/\/matrend.hu\/maitrend\/index.php?rest_route=\/wp\/v2\/posts"}],"about":[{"href":"https:\/\/matrend.hu\/maitrend\/index.php?rest_route=\/wp\/v2\/types\/post"}],"author":[{"embeddable":true,"href":"https:\/\/matrend.hu\/maitrend\/index.php?rest_route=\/wp\/v2\/users\/1"}],"replies":[{"embeddable":true,"href":"https:\/\/matrend.hu\/maitrend\/index.php?rest_route=%2Fwp%2Fv2%2Fcomments&post=2586"}],"version-history":[{"count":1,"href":"https:\/\/matrend.hu\/maitrend\/index.php?rest_route=\/wp\/v2\/posts\/2586\/revisions"}],"predecessor-version":[{"id":2588,"href":"https:\/\/matrend.hu\/maitrend\/index.php?rest_route=\/wp\/v2\/posts\/2586\/revisions\/2588"}],"wp:featuredmedia":[{"embeddable":true,"href":"https:\/\/matrend.hu\/maitrend\/index.php?rest_route=\/wp\/v2\/media\/2587"}],"wp:attachment":[{"href":"https:\/\/matrend.hu\/maitrend\/index.php?rest_route=%2Fwp%2Fv2%2Fmedia&parent=2586"}],"wp:term":[{"taxonomy":"category","embeddable":true,"href":"https:\/\/matrend.hu\/maitrend\/index.php?rest_route=%2Fwp%2Fv2%2Fcategories&post=2586"},{"taxonomy":"post_tag","embeddable":true,"href":"https:\/\/matrend.hu\/maitrend\/index.php?rest_route=%2Fwp%2Fv2%2Ftags&post=2586"}],"curies":[{"name":"wp","href":"https:\/\/api.w.org\/{rel}","templated":true}]}}