{"id":2592,"date":"2025-06-21T19:02:35","date_gmt":"2025-06-21T17:02:35","guid":{"rendered":"https:\/\/matrend.hu\/maitrend\/?p=2592"},"modified":"2025-06-21T19:02:35","modified_gmt":"2025-06-21T17:02:35","slug":"gyasz-hir-orokre-elbucsuzott-keresztes-ildiko","status":"publish","type":"post","link":"https:\/\/matrend.hu\/maitrend\/?p=2592","title":{"rendered":"Gy\u00e1sz h\u00edr: \u00d6r\u00f6kre elb\u00facs\u00fazott Keresztes Ildik\u00f3"},"content":{"rendered":"<h3>Az \u00e9nekesn\u0151 mindig is m\u00e9ly k\u00f6t\u0151d\u00e9st \u00e1polt \u00e9desanyj\u00e1val, akir\u0151l hossz\u00fa id\u0151n \u00e1t \u0151 maga gondoskodott. Az id\u0151s asszony \u00e9vek \u00f3ta s\u00falyosbod\u00f3 demenci\u00e1val k\u00fczd\u00f6tt, \u00e9s v\u00e9g\u00fcl Keresztes Ildik\u00f3nak sz\u00edvszor\u00edt\u00f3 d\u00f6nt\u00e9st kellett meghoznia: otthonba k\u00f6lt\u00f6ztette \u0151t, biztons\u00e1guk \u00e9rdek\u00e9ben. Akkor \u00edgy fogalmazott: \u201eNem akartam megv\u00e1rni, am\u00edg baj t\u00f6rt\u00e9nik. M\u00e1r nem tudtam \u0151ket egyed\u00fcl hagyni.\u201d Megind\u00edt\u00f3 \u0151szintes\u00e9ggel mes\u00e9lt arr\u00f3l, hogyan kellett szemben\u00e9znie azzal, hogy \u00e9desanyja \u00e1llapota egyre rosszabb. Most, a csendes gy\u00e1szban, ezek a szavak m\u00e9g f\u00e1jdalmasabban visszhangoznak.<\/h3>\n<p>VIA FB<\/p>\n<p>&#8211;<\/p>\n<p>Az EV m\u00f3d arra k\u00e9nyszer\u00edti az aut\u00f3t, hogy a lehet\u0151 leghosszabb ideig kiz\u00e1r\u00f3lag elektromos meghajt\u00e1ssal k\u00f6zlekedjen, teljesen figyelmen k\u00edv\u00fcl hagyva a benzinmotort. Elm\u00e9letben ez azt teszi lehet\u0151v\u00e9, hogy egy hosszabb \u00fat jelent\u0151s r\u00e9sz\u00e9t a benzines er\u0151forr\u00e1s hajtsa v\u00e9gre, majd a v\u00e9gs\u0151 n\u00e9h\u00e1ny kilom\u00e9teren \u2013 p\u00e9ld\u00e1ul zaj- vagy k\u00e1rosanyag-kibocs\u00e1t\u00e1s szempontj\u00e1b\u00f3l \u00e9rz\u00e9kenyebb \u00f6vezetekben \u2013 az aut\u00f3 csendesen, elektromos \u00fczemben k\u00f6zlekedjen. A gyakorlatban ez meglep\u0151en j\u00f3l m\u0171k\u00f6dik, b\u00e1r a 60 l\u00f3er\u0151s villanymotor nem k\u00edn\u00e1l olyan lend\u00fcletes gyors\u00edt\u00e1st, mint egy teljesen elektromos j\u00e1rm\u0171 eset\u00e9ben.<br \/>\nUgyanakkor a Hyundai Ioniq nem vezethet\u0151 olyan kifinomultan, mint p\u00e9ld\u00e1ul a Toyota Prius. A fut\u00f3m\u0171 t\u00fal kem\u00e9ny, az aut\u00f3 kerekei \u00e9lesen reag\u00e1lnak az \u00fathib\u00e1kra, m\u00edg a Prius ugyanezeket a fel\u00fcleteket sokkal sim\u00e1bban veszi. Az Ioniq kev\u00e9sb\u00e9 k\u00e9nyelmes, mert a fut\u00f3m\u0171ve nyugtalanabb, idegesebb karakter\u0171, \u00e9s az utast\u00e9rbe is t\u00f6bb \u00fathang sz\u0171r\u0151dik be, mint a jap\u00e1n vet\u00e9lyt\u00e1rs eset\u00e9ben.<\/p>\n<p>A karossz\u00e9ria el\u00e9g jelent\u0151sen d\u0151l, ha nagyobb sebess\u00e9ggel kanyarodunk, de ez am\u00fagy sem lesz k\u00fcl\u00f6n\u00f6sebben \u00e9lvezetes tev\u00e9kenys\u00e9g. B\u00e1r a korm\u00e1nyz\u00e1s pontos, teljes m\u00e9rt\u00e9kben hi\u00e1nyzik bel\u0151le a visszajelz\u00e9s, \u00edgy neh\u00e9z \u00e9rz\u00e9kelni, mi t\u00f6rt\u00e9nik az els\u0151 kerekekkel. Ehhez t\u00e1rsul a hibrid rendszerek eset\u00e9ben am\u00fagy is neh\u00e9zkes f\u00e9kped\u00e1l adagol\u00e1s \u2013 a hibrid hajt\u00e1sl\u00e1nc egyik legnehezebben hangolhat\u00f3 eleme \u2013, amely tov\u00e1bb rontja a vezet\u00e9si \u00e9lm\u00e9nyt. Az eredm\u00e9ny egy olyan aut\u00f3, amely k\u00e9nyelmes a h\u00e9tk\u00f6znapi k\u00f6zleked\u00e9shez, de semmilyen vezet\u00e9si \u00e9lm\u00e9nyt nem ny\u00fajt.<br \/>\nAz Ioniq elektromos v\u00e1ltozata egy friss\u00edt\u00e9ssel nagyobb, 38,3 kWh-s akkumul\u00e1tort kapott, \u00e9s a hat\u00f3t\u00e1v is n\u0151tt \u2013 174 m\u00e9rf\u00f6ldr\u0151l elm\u00e9letileg 193 m\u00e9rf\u00f6ldre. A vezet\u00e9si \u00e9lm\u00e9ny azonban tov\u00e1bbra is meglehet\u0151sen unalmas, \u00e9s vil\u00e1gos, hogy ezt az aut\u00f3t mindenekel\u0151tt a hat\u00e9konys\u00e1gra tervezt\u00e9k.<br \/>\nA hajt\u00e1sl\u00e1ncokat tekintve az Ioniq hibrid v\u00e1ltozata csak egy a h\u00e1rom el\u00e9rhet\u0151 opci\u00f3 k\u00f6z\u00fcl: teljesen elektromos, valamint plug-in hibrid v\u00e1ltozat is szerepel a k\u00edn\u00e1latban.<\/p>\n","protected":false},"excerpt":{"rendered":"<p>Az \u00e9nekesn\u0151 mindig is m\u00e9ly k\u00f6t\u0151d\u00e9st \u00e1polt \u00e9desanyj\u00e1val, akir\u0151l hossz\u00fa id\u0151n \u00e1t \u0151 maga gondoskodott. Az id\u0151s asszony \u00e9vek \u00f3ta&#8230; <span class=\"gridview-grid-post-read-more\"><a href=\"https:\/\/matrend.hu\/maitrend\/?p=2592\">read more<span class=\"gridview-sr-only\"> Gy\u00e1sz h\u00edr: \u00d6r\u00f6kre elb\u00facs\u00fazott Keresztes Ildik\u00f3<\/span><\/a><\/span><\/p>\n","protected":false},"author":1,"featured_media":2593,"comment_status":"open","ping_status":"open","sticky":false,"template":"","format":"standard","meta":{"footnotes":""},"categories":[1],"tags":[],"class_list":["post-2592","post","type-post","status-publish","format-standard","has-post-thumbnail","hentry","category-egyeb","wpcat-1-id"],"_links":{"self":[{"href":"https:\/\/matrend.hu\/maitrend\/index.php?rest_route=\/wp\/v2\/posts\/2592","targetHints":{"allow":["GET"]}}],"collection":[{"href":"https:\/\/matrend.hu\/maitrend\/index.php?rest_route=\/wp\/v2\/posts"}],"about":[{"href":"https:\/\/matrend.hu\/maitrend\/index.php?rest_route=\/wp\/v2\/types\/post"}],"author":[{"embeddable":true,"href":"https:\/\/matrend.hu\/maitrend\/index.php?rest_route=\/wp\/v2\/users\/1"}],"replies":[{"embeddable":true,"href":"https:\/\/matrend.hu\/maitrend\/index.php?rest_route=%2Fwp%2Fv2%2Fcomments&post=2592"}],"version-history":[{"count":1,"href":"https:\/\/matrend.hu\/maitrend\/index.php?rest_route=\/wp\/v2\/posts\/2592\/revisions"}],"predecessor-version":[{"id":2594,"href":"https:\/\/matrend.hu\/maitrend\/index.php?rest_route=\/wp\/v2\/posts\/2592\/revisions\/2594"}],"wp:featuredmedia":[{"embeddable":true,"href":"https:\/\/matrend.hu\/maitrend\/index.php?rest_route=\/wp\/v2\/media\/2593"}],"wp:attachment":[{"href":"https:\/\/matrend.hu\/maitrend\/index.php?rest_route=%2Fwp%2Fv2%2Fmedia&parent=2592"}],"wp:term":[{"taxonomy":"category","embeddable":true,"href":"https:\/\/matrend.hu\/maitrend\/index.php?rest_route=%2Fwp%2Fv2%2Fcategories&post=2592"},{"taxonomy":"post_tag","embeddable":true,"href":"https:\/\/matrend.hu\/maitrend\/index.php?rest_route=%2Fwp%2Fv2%2Ftags&post=2592"}],"curies":[{"name":"wp","href":"https:\/\/api.w.org\/{rel}","templated":true}]}}