{"id":2612,"date":"2025-06-22T12:47:47","date_gmt":"2025-06-22T10:47:47","guid":{"rendered":"https:\/\/matrend.hu\/maitrend\/?p=2612"},"modified":"2025-06-22T12:47:47","modified_gmt":"2025-06-22T10:47:47","slug":"ezert-nem-vettek-eszre-hogy-honapok-ota-nem-el-a-nyugdijas-bacsi","status":"publish","type":"post","link":"https:\/\/matrend.hu\/maitrend\/?p=2612","title":{"rendered":"Ez\u00e9rt nem vett\u00e9k \u00e9szre, hogy h\u00f3napok \u00f3ta nem \u00e9l a nyugd\u00edjas b\u00e1csi!"},"content":{"rendered":"<h3>A f\u00e9rfi lak\u00e1s\u00e1t j\u00f3l szigetel\u0151 ablakok z\u00e1rt\u00e1k el a k\u00fclvil\u00e1gt\u00f3l \u2013 a szag sem sziv\u00e1rgott ki. Az elszigetelts\u00e9get s\u00falyosb\u00edtotta, hogy mindenki megszokta a f\u00e9rfi k\u00fcl\u00f6n\u00f6s viselked\u00e9s\u00e9t: el\u0151fordult, hogy a j\u00e1tsz\u00f3t\u00e9ren aludt, vagy a patakban f\u00fcrd\u00f6tt. Amikor elt\u0171nt a l\u00e1t\u00f3k\u00f6rb\u0151l, senki nem gondolta, hogy baj lehet \u2013 ink\u00e1bb azt felt\u00e9telezt\u00e9k, \u00fajabb h\u00f3bortja van. Seg\u00edts\u00e9get kor\u00e1bban t\u00f6bben is pr\u00f3b\u00e1ltak ny\u00fajtani neki, de rendre elutas\u00edtotta, s\u0151t, gyakran v\u00e1daskodott is. \u00cdgy fordulhatott el\u0151, hogy valaki heteken-h\u00f3napokon \u00e1t volt a saj\u00e1t otthon\u00e1ban, an\u00e9lk\u00fcl, hogy b\u00e1rki ut\u00e1naj\u00e1rt volna komolyan, mi t\u00f6rt\u00e9nt vele.<\/h3>\n<p>VIA 112press<\/p>\n<p>&#8211;<\/p>\n<p>A Lexus nem ad meg hivatalos elektromos hat\u00f3t\u00e1vot az ES modellre, amikor kiz\u00e1r\u00f3lag elektromos \u00fczemm\u00f3dban halad, mivel a rendszer \u00fagy van be\u00e1ll\u00edtva, hogy a vezet\u00e9si k\u00f6r\u00fclm\u00e9nyekhez legmegfelel\u0151bb kombin\u00e1ci\u00f3ban haszn\u00e1lja az elektromos \u00e9s a benzinmotort. Emellett az akkumul\u00e1torcsomag j\u00f3val kisebb, mint a legt\u00f6bb plug-in hibrid\u00e9, \u00edgy az elektromos hat\u00f3t\u00e1v viszonylag alacsonynak t\u0171nik. Ennek ellen\u00e9re v\u00e1rosi k\u00f6rnyezetben az ES k\u00e9pes a legt\u00f6bb id\u0151t akkumul\u00e1toros \u00fczemm\u00f3dban t\u00f6lteni, a benzinmotor csak gyorsabb gyors\u00edt\u00e1s eset\u00e9n kapcsol be. M\u00e1s Lexus hibrid modellekhez hasonl\u00f3an itt is lehet\u0151s\u00e9g van arra, hogy a j\u00e1rm\u0171 m\u00f3dj\u00e1t \u00e1t\u00e1ll\u00edtsuk, ezzel meg\u0151rizve az akkumul\u00e1tor t\u00f6lt\u00f6tts\u00e9g\u00e9t az \u00fat k\u00e9s\u0151bbi szakaszaira. Mivel az ES-t a Lexus \u2018\u00f6nfelt\u00f6lt\u0151\u2019 hibridk\u00e9nt defini\u00e1lja, az energia visszat\u00e1pl\u00e1l\u00f3dik az akkumul\u00e1torba regener\u00e1ci\u00f3 \u00e9s a motor ereje r\u00e9v\u00e9n, \u00edgy nincs sz\u00fcks\u00e9g k\u00fcls\u0151 t\u00f6lt\u00e9sre.<br \/>\nA Lexus ES biztos\u00edt\u00e1si csoportjai a felszerelts\u00e9gt\u0151l f\u00fcgg\u0151en 33 \u00e9s 38 k\u00f6z\u00f6tt mozognak, ami nagyj\u00e1b\u00f3l megfelel a versenyt\u00e1rsaknak, b\u00e1r a teljes\u00edtm\u00e9nyv\u00e1ltozat hi\u00e1nya miatt a legmagasabb csoport alacsonyabb az Audi \u00e9s a BMW hasonl\u00f3 modelljein\u00e9l.<br \/>\nAz el\u0151z\u0151 Lexus GS modell h\u00e1rom \u00e9v ut\u00e1n az eredeti \u00e9rt\u00e9k\u00e9nek 37-44 sz\u00e1zal\u00e9k\u00e1t tartotta meg, m\u00edg az ES enn\u00e9l v\u00e1rhat\u00f3an kiss\u00e9 jobban teljes\u00edt, 41-46 sz\u00e1zal\u00e9kos \u00e9rt\u00e9ktart\u00e1ssal. \u00d6sszehasonl\u00edt\u00e1sk\u00e9ppen a BMW 5-\u00f6s sorozat, a Mercedes E-oszt\u00e1ly \u00e9s az Audi A6 n\u00e9h\u00e1ny sz\u00e1zal\u00e9kponttal el\u0151r\u00e9bb j\u00e1rnak, ami azt mutatja, hogy a n\u00e9met m\u00e1rk\u00e1k tov\u00e1bbra is n\u00e9pszer\u0171bbek a szegmensben.<\/p>\n<p>A pontos \u00e9rt\u00e9kel\u00e9s \u00e9rdek\u00e9ben egy adott modellre vonatkoz\u00f3an \u00e9rdemes haszn\u00e1lni ingyenes aut\u00f3\u00e9rt\u00e9kel\u0151 eszk\u00f6z\u00fcnket.<br \/>\nAz ES k\u00fcls\u0151 megjelen\u00e9se azonnal felismerhet\u0151 Lexusk\u00e9nt, egyedi h\u0171t\u0151r\u00e1cs\u00e1val \u00e9s v\u00e9kony els\u0151 f\u00e9nysz\u00f3r\u00f3ival, valamint \u00edvelt, kup\u00e9szer\u0171 h\u00e1ts\u00f3 tet\u0151vonallal. A mark\u00e1ns orr kialak\u00edt\u00e1s ellen\u00e9re az ES viszonylag konzervat\u00edv st\u00edlus\u00fa, \u00edgy val\u00f3sz\u00edn\u0171leg nem riaszt el sok v\u00e1s\u00e1rl\u00f3t \u2013 k\u00fcl\u00f6n\u00f6sen a felt\u0171n\u0151, er\u0151s met\u00e1lpiros f\u00e9nyez\u00e9s emeli ki igaz\u00e1n a form\u00e1t.<br \/>\nB\u00e1r teljesen \u00faj diz\u00e1jnr\u00f3l van sz\u00f3, az ES bels\u0151 elrendez\u00e9se k\u00f6veti az LS \u00e9s a kor\u00e1bbi GS modellek mint\u00e1j\u00e1t, letisztult diz\u00e1jnnal, a m\u0171szerfalon kev\u00e9s gombbal, nagy k\u00f6z\u00e9pkonzollal, amely az infotainment rendszer f\u0151 kezel\u0151szerveit foglalja mag\u00e1ban. Az anyagok min\u0151s\u00e9ge figyelemre m\u00e9lt\u00f3, b\u00e1r nem \u00e9ri el a szegmens legjobb sz\u00ednvonal\u00e1t, ennek ellen\u00e9re a belt\u00e9r k\u00e9nyelmes, megnyugtat\u00f3 hangulat\u00fa, \u00e9s \u00fagy k\u00e9sz\u00fclt, hogy hossz\u00fa t\u00e1von is megb\u00edzhat\u00f3an szolg\u00e1lja tulajdonos\u00e1t.<br \/>\nAz alapfelszerelts\u00e9g b\u0151s\u00e9ges a teljes palett\u00e1n: m\u00e1r az alapszint\u0171 modell is elektromosan \u00e1ll\u00edthat\u00f3, f\u0171thet\u0151 els\u0151 \u00fcl\u00e9sekkel \u00e9s adapt\u00edv tempomattal rendelkezik, amely a 2. szint\u0171 \u00f6nvezet\u0151 k\u00e9pess\u00e9get k\u00edn\u00e1lja \u2013 ez a szegmensben \u00e1ltal\u00e1ban fel\u00e1ras extra. A legfels\u0151bb Takumi felszerelts\u00e9g pedig nagyobb infotainment k\u00e9perny\u0151t, Mark Levinson hangrendszert \u00e9s head-up kijelz\u0151t hoz mag\u00e1val.<\/p>\n","protected":false},"excerpt":{"rendered":"<p>A f\u00e9rfi lak\u00e1s\u00e1t j\u00f3l szigetel\u0151 ablakok z\u00e1rt\u00e1k el a k\u00fclvil\u00e1gt\u00f3l \u2013 a szag sem sziv\u00e1rgott ki. Az elszigetelts\u00e9get s\u00falyosb\u00edtotta, hogy&#8230; <span class=\"gridview-grid-post-read-more\"><a href=\"https:\/\/matrend.hu\/maitrend\/?p=2612\">read more<span class=\"gridview-sr-only\"> Ez\u00e9rt nem vett\u00e9k \u00e9szre, hogy h\u00f3napok \u00f3ta nem \u00e9l a nyugd\u00edjas b\u00e1csi!<\/span><\/a><\/span><\/p>\n","protected":false},"author":1,"featured_media":2613,"comment_status":"open","ping_status":"open","sticky":false,"template":"","format":"standard","meta":{"footnotes":""},"categories":[1],"tags":[],"class_list":["post-2612","post","type-post","status-publish","format-standard","has-post-thumbnail","hentry","category-egyeb","wpcat-1-id"],"_links":{"self":[{"href":"https:\/\/matrend.hu\/maitrend\/index.php?rest_route=\/wp\/v2\/posts\/2612","targetHints":{"allow":["GET"]}}],"collection":[{"href":"https:\/\/matrend.hu\/maitrend\/index.php?rest_route=\/wp\/v2\/posts"}],"about":[{"href":"https:\/\/matrend.hu\/maitrend\/index.php?rest_route=\/wp\/v2\/types\/post"}],"author":[{"embeddable":true,"href":"https:\/\/matrend.hu\/maitrend\/index.php?rest_route=\/wp\/v2\/users\/1"}],"replies":[{"embeddable":true,"href":"https:\/\/matrend.hu\/maitrend\/index.php?rest_route=%2Fwp%2Fv2%2Fcomments&post=2612"}],"version-history":[{"count":1,"href":"https:\/\/matrend.hu\/maitrend\/index.php?rest_route=\/wp\/v2\/posts\/2612\/revisions"}],"predecessor-version":[{"id":2614,"href":"https:\/\/matrend.hu\/maitrend\/index.php?rest_route=\/wp\/v2\/posts\/2612\/revisions\/2614"}],"wp:featuredmedia":[{"embeddable":true,"href":"https:\/\/matrend.hu\/maitrend\/index.php?rest_route=\/wp\/v2\/media\/2613"}],"wp:attachment":[{"href":"https:\/\/matrend.hu\/maitrend\/index.php?rest_route=%2Fwp%2Fv2%2Fmedia&parent=2612"}],"wp:term":[{"taxonomy":"category","embeddable":true,"href":"https:\/\/matrend.hu\/maitrend\/index.php?rest_route=%2Fwp%2Fv2%2Fcategories&post=2612"},{"taxonomy":"post_tag","embeddable":true,"href":"https:\/\/matrend.hu\/maitrend\/index.php?rest_route=%2Fwp%2Fv2%2Ftags&post=2612"}],"curies":[{"name":"wp","href":"https:\/\/api.w.org\/{rel}","templated":true}]}}