{"id":2618,"date":"2025-06-23T07:24:20","date_gmt":"2025-06-23T05:24:20","guid":{"rendered":"https:\/\/matrend.hu\/maitrend\/?p=2618"},"modified":"2025-06-23T07:24:33","modified_gmt":"2025-06-23T05:24:33","slug":"tragedia-a-malyi-tonal","status":"publish","type":"post","link":"https:\/\/matrend.hu\/maitrend\/?p=2618","title":{"rendered":"Trag\u00e9dia a M\u00e1lyi-t\u00f3n\u00e1l"},"content":{"rendered":"<h3>A b\u00fav\u00e1rok n\u00e9gy j\u00e1rm\u0171vel \u00e9s \u00f6tf\u0151s csapattal \u00e9rkeztek a helysz\u00ednre, szon\u00e1rtechnika seg\u00edts\u00e9g\u00e9vel ind\u00edtott\u00e1k meg a keres\u00e9st. Hosszas munka ut\u00e1n, 3,5 m\u00e9teres m\u00e9lys\u00e9gben, egy s\u0171r\u0171 h\u00edn\u00e1rfal alatt tal\u00e1lt\u00e1k meg az elt\u0171nt fiatalt. \u201eSajnos m\u00e1r nem lehetett rajta seg\u00edteni\u201d \u2013 tett\u00e9k hozz\u00e1.<\/h3>\n<p>Forr\u00e1s: MSN \/ FB \/ BPW<\/p>\n<p>&#8211;<\/p>\n<p>A digit\u00e1lis technol\u00f3gi\u00e1k is megjelentek a modellben, b\u00e1r k\u00e9rd\u00e9ses, hogy erre val\u00f3ban sz\u00fcks\u00e9g volt-e. Az alapfelszerelts\u00e9g\u0171 v\u00e1ltozatok tov\u00e1bbra is anal\u00f3g m\u0171szerekkel rendelkeznek, k\u00e9t hagyom\u00e1nyos kijelz\u0151 k\u00f6z\u00e9 \u00e9kelt kis k\u00e9perny\u0151vel. K\u00f6z\u00e9ps\u0151 \u00e9rint\u0151kijelz\u0151 helyett ezekn\u00e9l egy telefontart\u00f3t tal\u00e1lunk, ami kifejezetten praktikus megk\u00f6zel\u00edt\u00e9s. A magasabb felszerelts\u00e9g\u0171 modellekn\u00e9l viszont m\u00e1r digit\u00e1lis m\u0171szeregys\u00e9g \u00e9s egy 10,1 h\u00fcvelykes k\u00f6zponti \u00e9rint\u0151k\u00e9perny\u0151 is el\u00e9rhet\u0151.<\/p>\n<p>Ezek a kijelz\u0151k sz\u00e9pek, j\u00f3l mutatnak, \u00e9s alapfunkci\u00f3ikban megfelel\u0151en m\u0171k\u00f6dnek is \u2013 de hozz\u00e1adott \u00e9rt\u00e9k\u00fck ink\u00e1bb eszt\u00e9tikai, mint gyakorlati jelleg\u0171. A digit\u00e1lis vezet\u0151i kijelz\u0151 p\u00e9ld\u00e1ul modern hat\u00e1st kelt, de nem ad sokkal t\u00f6bb inform\u00e1ci\u00f3t, mint a hagyom\u00e1nyos v\u00e1ltozat. Megjelen\u00edthet\u0151 rajta a fed\u00e9lzeti sz\u00e1m\u00edt\u00f3g\u00e9p, v\u00e1lthatunk r\u00e1di\u00f3\u00e1llom\u00e1st, de p\u00e9ld\u00e1ul a navig\u00e1ci\u00f3 nem jelenik meg teljes k\u00e9perny\u0151n, \u00e9s a f\u0151bb m\u0171szerek elrendez\u00e9s\u00e9t sem tudjuk testre szabni.<\/p>\n<p>A k\u00f6zponti k\u00e9perny\u0151n\u00e9l azt v\u00e1rtuk, hogy a Renault \u00faj modelljeiben haszn\u00e1lt G-alap\u00fa rendszert tal\u00e1ljuk, \u00e1m a Duster egy egyedi, saj\u00e1t fejleszt\u00e9s\u0171 fel\u00fcletet haszn\u00e1l. Ennek oka egyszer\u0171: olcs\u00f3bb az el\u0151\u00e1ll\u00edt\u00e1sa, \u00e9s nem akar versenyezni vagy \u201er\u00e1\u00fclni\u201d a Renault pr\u00e9miumabb megold\u00e1saira. Az egyszer\u0171s\u00e9g viszont azt is jelenti, hogy k\u00f6nny\u0171 eligazodni benne, \u00e1m a rendszer kiss\u00e9 lass\u00fa, akad n\u00e9mi k\u00e9sleltet\u00e9s a v\u00e1laszid\u0151ben. Val\u00f3sz\u00edn\u0171leg itt sp\u00f3roltak a legt\u00f6bbet \u2013 kevesebb sz\u00e1m\u00edt\u00e1si kapacit\u00e1s, kisebb k\u00f6lts\u00e9gek. Szerencs\u00e9re, ha Android Auto vagy CarPlay rendszert haszn\u00e1lunk, sokkal g\u00f6rd\u00fcl\u00e9kenyebb\u00e9 v\u00e1lik a haszn\u00e1lat.<\/p>\n<p>Az utast\u00e9r \u00e1ltal\u00e1nos hangulata egyszer\u0171, de \u00e1tgondolt.<\/p>\n","protected":false},"excerpt":{"rendered":"<p>A b\u00fav\u00e1rok n\u00e9gy j\u00e1rm\u0171vel \u00e9s \u00f6tf\u0151s csapattal \u00e9rkeztek a helysz\u00ednre, szon\u00e1rtechnika seg\u00edts\u00e9g\u00e9vel ind\u00edtott\u00e1k meg a keres\u00e9st. Hosszas munka ut\u00e1n, 3,5&#8230; <span class=\"gridview-grid-post-read-more\"><a href=\"https:\/\/matrend.hu\/maitrend\/?p=2618\">read more<span class=\"gridview-sr-only\"> Trag\u00e9dia a M\u00e1lyi-t\u00f3n\u00e1l<\/span><\/a><\/span><\/p>\n","protected":false},"author":1,"featured_media":2619,"comment_status":"open","ping_status":"open","sticky":false,"template":"","format":"standard","meta":{"footnotes":""},"categories":[1],"tags":[],"class_list":["post-2618","post","type-post","status-publish","format-standard","has-post-thumbnail","hentry","category-egyeb","wpcat-1-id"],"_links":{"self":[{"href":"https:\/\/matrend.hu\/maitrend\/index.php?rest_route=\/wp\/v2\/posts\/2618","targetHints":{"allow":["GET"]}}],"collection":[{"href":"https:\/\/matrend.hu\/maitrend\/index.php?rest_route=\/wp\/v2\/posts"}],"about":[{"href":"https:\/\/matrend.hu\/maitrend\/index.php?rest_route=\/wp\/v2\/types\/post"}],"author":[{"embeddable":true,"href":"https:\/\/matrend.hu\/maitrend\/index.php?rest_route=\/wp\/v2\/users\/1"}],"replies":[{"embeddable":true,"href":"https:\/\/matrend.hu\/maitrend\/index.php?rest_route=%2Fwp%2Fv2%2Fcomments&post=2618"}],"version-history":[{"count":2,"href":"https:\/\/matrend.hu\/maitrend\/index.php?rest_route=\/wp\/v2\/posts\/2618\/revisions"}],"predecessor-version":[{"id":2621,"href":"https:\/\/matrend.hu\/maitrend\/index.php?rest_route=\/wp\/v2\/posts\/2618\/revisions\/2621"}],"wp:featuredmedia":[{"embeddable":true,"href":"https:\/\/matrend.hu\/maitrend\/index.php?rest_route=\/wp\/v2\/media\/2619"}],"wp:attachment":[{"href":"https:\/\/matrend.hu\/maitrend\/index.php?rest_route=%2Fwp%2Fv2%2Fmedia&parent=2618"}],"wp:term":[{"taxonomy":"category","embeddable":true,"href":"https:\/\/matrend.hu\/maitrend\/index.php?rest_route=%2Fwp%2Fv2%2Fcategories&post=2618"},{"taxonomy":"post_tag","embeddable":true,"href":"https:\/\/matrend.hu\/maitrend\/index.php?rest_route=%2Fwp%2Fv2%2Ftags&post=2618"}],"curies":[{"name":"wp","href":"https:\/\/api.w.org\/{rel}","templated":true}]}}