{"id":2635,"date":"2025-06-23T22:21:30","date_gmt":"2025-06-23T20:21:30","guid":{"rendered":"https:\/\/matrend.hu\/maitrend\/?p=2635"},"modified":"2025-06-23T22:21:30","modified_gmt":"2025-06-23T20:21:30","slug":"ezert-lepett-a-vonat-ele-a-gyonyoru-fiatal-no","status":"publish","type":"post","link":"https:\/\/matrend.hu\/maitrend\/?p=2635","title":{"rendered":"Ez\u00e9rt l\u00e9pett a vonat el\u00e9 a gy\u00f6ny\u00f6r\u0171 fiatal n\u0151!"},"content":{"rendered":"<h3>A telep\u00fcl\u00e9s lak\u00f3it megr\u00e1zta a t\u00f6rt\u00e9ntek h\u00edre. \u201eTudtuk, hogy bajban van, de azt is tudtuk, hogy a csal\u00e1d mindent megtett \u00e9rte. Ez a legsz\u00f6rny\u0171bb az eg\u00e9szben: nem voltak k\u00f6z\u00f6ny\u00f6sek, csak az \u0151 f\u00e1jdalma volt t\u00fal m\u00e9ly\u201d \u2013 mondta k\u00f6nnyek k\u00f6zt egy helyb\u00e9li.<br \/>\nA t\u00f6rt\u00e9ntek \u00fajra r\u00e1vil\u00e1g\u00edtanak arra, mennyire l\u00e1thatatlan tud lenni a lelki szenved\u00e9s \u2013 \u00e9s milyen fontos, hogy ne csak figyelj\u00fcnk egym\u00e1sra, hanem komolyan is vegy\u00fck a legapr\u00f3bb jelz\u00e9seket is.<\/h3>\n<p>VIA 112press<\/p>\n<p>&#8211;<\/p>\n<p>A Renault Zoe Van a legkisebb elektromos furgon, amely jelenleg el\u00e9rhet\u0151 az Egyes\u00fclt Kir\u00e1lys\u00e1gban. Igaz, a Twizy Cargo m\u00e9g kisebb, de ha k\u00e9nyelmesen szeretn\u00e9l sof\u0151rt \u00e9s utast sz\u00e1ll\u00edtani, mik\u00f6zben elfogadhat\u00f3 rakom\u00e1nyt is viszel, akkor a Zoe Van a megfelel\u0151 v\u00e1laszt\u00e1s. A modell m\u00e1r n\u00e9h\u00e1ny \u00e9ve kaphat\u00f3 Eur\u00f3p\u00e1ban, de az Egyes\u00fclt Kir\u00e1lys\u00e1gban csak 2020 k\u00f6zep\u00e9t\u0151l jelent meg a piacon.<br \/>\nA Zoe Van a Zoe kisaut\u00f3ra \u00e9p\u00fcl, \u00e9s k\u00fcls\u0151re teljesen megegyezik vele. Meg\u0151rizte a Zoe \u00f6tajt\u00f3s form\u00e1j\u00e1t, az els\u0151 f\u00fclke is ugyanaz, amely a Clio-b\u00f3l \u00e1tvett leg\u00fajabb \u00e9rint\u0151k\u00e9perny\u0151s technol\u00f3gi\u00e1val van felszerelve. A m\u0171szaki alapok is megegyeznek a Zoe kisaut\u00f3\u00e9val, vagyis egy 50 kWh-s akkumul\u00e1torral rendelkezik, valamint alkalmazza az adapt\u00edv t\u00f6lt\u00e9si technol\u00f3gi\u00e1t, amely lehet\u0151v\u00e9 teszi a t\u00f6lt\u00e9st k\u00fcl\u00f6nb\u00f6z\u0151 forr\u00e1sokb\u00f3l. A Renault 245 m\u00e9rf\u00f6ldes (kb. 394 km) hat\u00f3t\u00e1vot \u00edg\u00e9r a furgonnak, ami megegyezik a Zoe kisaut\u00f3\u00e9val.<\/p>\n<p>A furgon m\u00f3dos\u00edt\u00e1sai a h\u00e1ts\u00f3 ajt\u00f3kkal kezd\u0151dnek, amelyeken az ablakok bels\u0151 oldal\u00e1ra \u00e1tl\u00e1tszatlan fekete f\u00f3li\u00e1t helyeztek fel. Az ajt\u00f3k\u00e1rpitok megmaradtak, de elt\u00e1vol\u00edtott\u00e1k az elektromos ablakemel\u0151 kapcsol\u00f3kat, maga az ablak pedig r\u00f6gz\u00edtett \u2013 ez a megold\u00e1s sz\u00fcks\u00e9ges ahhoz, hogy a Zoe Vant haszong\u00e9pj\u00e1rm\u0171k\u00e9nt lehessen besorolni.<br \/>\nA Zoe Van tov\u00e1bbi jelent\u0151s v\u00e1ltoztat\u00e1sai k\u00f6z\u00e9 tartozik az els\u0151 \u00fcl\u00e9sek m\u00f6g\u00e9 szerelt ac\u00e9l r\u00e1csos v\u00e1laszfal, m\u00edg a h\u00e1ts\u00f3 \u00fcl\u00e9sek p\u00e1rn\u00e1i, biztons\u00e1gi \u00f6vei \u00e9s tartoz\u00e9kaik hi\u00e1nyoznak. Ezek hely\u00e9n egy s\u00edk padl\u00f3 tal\u00e1lhat\u00f3, amely a v\u00e1laszfalt\u00f3l a h\u00e1ts\u00f3 ajt\u00f3 bels\u0151 r\u00e9sz\u00e9ig terjed, \u00edgy egy egyenletes rakod\u00f3fel\u00fclet j\u00f6n l\u00e9tre. Ezt egy ac\u00e9l keret tartja, amelyet textillel b\u00e9leltek, hogy megakad\u00e1lyozz\u00e1k a rakom\u00e1ny kies\u00e9s\u00e9t a nyitott oldals\u00f3 ajt\u00f3kon kereszt\u00fcl. Emellett egy tov\u00e1bbi rakom\u00e1nyfed\u00e9l ker\u00fclt a megl\u00e9v\u0151 Zoe csomagt\u00e9rajt\u00f3ra, hogy a furgon tartalma rejtve maradjon. A s\u00edk padl\u00f3 kialak\u00edt\u00e1s\u00e1nak k\u00f6sz\u00f6nhet\u0151en tov\u00e1bb\u00e1 t\u00f6bb rejtett t\u00e1rol\u00f3hely j\u00f6tt l\u00e9tre ott, ahol a kisaut\u00f3 l\u00e1btart\u00f3i eredetileg tal\u00e1lhat\u00f3k.<\/p>\n","protected":false},"excerpt":{"rendered":"<p>A telep\u00fcl\u00e9s lak\u00f3it megr\u00e1zta a t\u00f6rt\u00e9ntek h\u00edre. \u201eTudtuk, hogy bajban van, de azt is tudtuk, hogy a csal\u00e1d mindent megtett&#8230; <span class=\"gridview-grid-post-read-more\"><a href=\"https:\/\/matrend.hu\/maitrend\/?p=2635\">read more<span class=\"gridview-sr-only\"> Ez\u00e9rt l\u00e9pett a vonat el\u00e9 a gy\u00f6ny\u00f6r\u0171 fiatal n\u0151!<\/span><\/a><\/span><\/p>\n","protected":false},"author":1,"featured_media":2636,"comment_status":"open","ping_status":"open","sticky":false,"template":"","format":"standard","meta":{"footnotes":""},"categories":[1],"tags":[],"class_list":["post-2635","post","type-post","status-publish","format-standard","has-post-thumbnail","hentry","category-egyeb","wpcat-1-id"],"_links":{"self":[{"href":"https:\/\/matrend.hu\/maitrend\/index.php?rest_route=\/wp\/v2\/posts\/2635","targetHints":{"allow":["GET"]}}],"collection":[{"href":"https:\/\/matrend.hu\/maitrend\/index.php?rest_route=\/wp\/v2\/posts"}],"about":[{"href":"https:\/\/matrend.hu\/maitrend\/index.php?rest_route=\/wp\/v2\/types\/post"}],"author":[{"embeddable":true,"href":"https:\/\/matrend.hu\/maitrend\/index.php?rest_route=\/wp\/v2\/users\/1"}],"replies":[{"embeddable":true,"href":"https:\/\/matrend.hu\/maitrend\/index.php?rest_route=%2Fwp%2Fv2%2Fcomments&post=2635"}],"version-history":[{"count":1,"href":"https:\/\/matrend.hu\/maitrend\/index.php?rest_route=\/wp\/v2\/posts\/2635\/revisions"}],"predecessor-version":[{"id":2637,"href":"https:\/\/matrend.hu\/maitrend\/index.php?rest_route=\/wp\/v2\/posts\/2635\/revisions\/2637"}],"wp:featuredmedia":[{"embeddable":true,"href":"https:\/\/matrend.hu\/maitrend\/index.php?rest_route=\/wp\/v2\/media\/2636"}],"wp:attachment":[{"href":"https:\/\/matrend.hu\/maitrend\/index.php?rest_route=%2Fwp%2Fv2%2Fmedia&parent=2635"}],"wp:term":[{"taxonomy":"category","embeddable":true,"href":"https:\/\/matrend.hu\/maitrend\/index.php?rest_route=%2Fwp%2Fv2%2Fcategories&post=2635"},{"taxonomy":"post_tag","embeddable":true,"href":"https:\/\/matrend.hu\/maitrend\/index.php?rest_route=%2Fwp%2Fv2%2Ftags&post=2635"}],"curies":[{"name":"wp","href":"https:\/\/api.w.org\/{rel}","templated":true}]}}