{"id":2662,"date":"2025-06-25T18:40:04","date_gmt":"2025-06-25T16:40:04","guid":{"rendered":"https:\/\/matrend.hu\/maitrend\/?p=2662"},"modified":"2025-06-25T18:40:04","modified_gmt":"2025-06-25T16:40:04","slug":"durva-vihar-tori-meg-a-kanikulat-orkanereju-szellokes","status":"publish","type":"post","link":"https:\/\/matrend.hu\/maitrend\/?p=2662","title":{"rendered":"Durva vihar t\u00f6ri meg a k\u00e1nikul\u00e1t! Ork\u00e1nerej\u0171 sz\u00e9ll\u00f6k\u00e9s!"},"content":{"rendered":"<h3>40 millim\u00e9ter es\u0151 \u00e9s viharos sz\u00e9l is j\u00f6het &#8211; A legfrissebb WRF modell alapj\u00e1n a Duna vonal\u00e1ban egym\u00e1s ut\u00e1n f\u0171z\u0151d\u0151 zivatarcell\u00e1k ak\u00e1r 40 mm csapad\u00e9kot is z\u00fad\u00edthatnak a t\u00e1jra. Az \u00e9jszaka folyam\u00e1n a sz\u00e9l \u00e9szaknyugatira fordul, \u00e9s p\u00e9nteken m\u00e1r nem csak zivatarok k\u00f6zel\u00e9ben, de orsz\u00e1gszerte is sz\u00e1m\u00edtani lehet er\u0151s sz\u00e9ll\u00f6k\u00e9sekre.<\/h3>\n<p>VIA Idokep<\/p>\n<p>&#8211;<\/p>\n<p>A ferdeh\u00e1t\u00fa Toyota Auris hossza 4 330 mm, sz\u00e9less\u00e9ge pedig 1 760 mm, ami teljesen \u00e1tlagos m\u00e9retnek sz\u00e1m\u00edt a kompakt kateg\u00f3ri\u00e1ban. Az utast\u00e9r szempontj\u00e1b\u00f3l a h\u00e1tulra val\u00f3 bejut\u00e1s \u00f6tajt\u00f3s kivitelben egyszer\u0171, \u00e9s k\u00e9t feln\u0151tt sz\u00e1m\u00e1ra elegend\u0151 a v\u00e1ll- \u00e9s t\u00e9rt\u00e9r \u2013 h\u00e1rom szem\u00e9ly kiss\u00e9 sz\u0171k\u00f6sen f\u00e9r el, de nem lehetetlen. A l\u00e1bt\u00e9r \u00e9s a fejt\u00e9r is elfogadhat\u00f3, b\u00e1r az Auris ezen a t\u00e9ren sem emelkedik ki a mez\u0151nyb\u0151l. A gyerekek sz\u00e1m\u00e1ra ISOFIX r\u00f6gz\u00edt\u00e9si pontokat tal\u00e1lunk a h\u00e1ts\u00f3 \u00fcl\u00e9seken, ami megk\u00f6nny\u00edti a gyerek\u00fcl\u00e9s biztons\u00e1gos r\u00f6gz\u00edt\u00e9s\u00e9t.<\/p>\n<p>A hibrid Auris csomagtere 360 literes, ami megegyezik a hagyom\u00e1nyos v\u00e1ltozat\u00e9val. Ez kisebb ugyan, mint a SEAT Leon\u00e9 vagy a VW Golf\u00e9, viszont nagyobb, mint a Ford Focus\u00e9. A h\u00e1ts\u00f3 \u00fcl\u00e9sek 60:40 ar\u00e1nyban d\u00f6nthet\u0151k, \u00edgy a csomagt\u00e9r eg\u00e9szen 1 200 literig b\u0151v\u00edthet\u0151. Maga a csomagtart\u00f3 j\u00f3l haszn\u00e1lhat\u00f3, mivel a h\u00e1ts\u00f3 ajt\u00f3 alacsonyan \u00e9s sz\u00e9lesen ny\u00edlik, a padl\u00f3 pedig sek\u00e9ly, \u00edgy nem kell magas k\u00fcsz\u00f6b\u00f6n \u00e1temelni a neh\u00e9z t\u00e1rgyakat. Lehajtott \u00fcl\u00e9sekkel a csomagt\u00e9r ugyan nem teljesen s\u00edk, de rendelhet\u0151 hozz\u00e1 egy k\u00fcl\u00f6n\u00e1ll\u00f3 platform, amely a padl\u00f3 f\u00f6l\u00e9 illesztve s\u00edk rakod\u00f3fel\u00fcletet hoz l\u00e9tre a h\u00e1ts\u00f3 \u00fcl\u00e9sek vonal\u00e1ban \u2013 \u00edgy ezt is meg lehet oldani.<br \/>\nA speci\u00e1lis hibrid hajt\u00e1sl\u00e1nc \u00e9s a fokozatmentes CVT v\u00e1lt\u00f3 miatt az Auris Hybrid nem alkalmas vontat\u00e1sra.<br \/>\nA Toyota h\u00edres megb\u00edzhat\u00f3s\u00e1g\u00e1r\u00f3l, \u00e9s ezt a c\u00e9g magabiztoss\u00e1ga, valamint a v\u00e1s\u00e1rl\u00f3i el\u00e9gedetts\u00e9g is igazolja. A 2015-\u00f6s Driver Power \u00fcgyf\u00e9l-el\u00e9gedetts\u00e9gi felm\u00e9r\u00e9sben az Auris a 200 vizsg\u00e1lt modell k\u00f6z\u00fcl a 45. helyet szerezte meg, ami nagyon j\u00f3 eredm\u00e9ny. Ha megb\u00edzhat\u00f3, gondtalan csal\u00e1di aut\u00f3ra v\u00e1gysz, akkor az Auris mindenk\u00e9ppen megfontoland\u00f3.<\/p>\n","protected":false},"excerpt":{"rendered":"<p>40 millim\u00e9ter es\u0151 \u00e9s viharos sz\u00e9l is j\u00f6het &#8211; A legfrissebb WRF modell alapj\u00e1n a Duna vonal\u00e1ban egym\u00e1s ut\u00e1n f\u0171z\u0151d\u0151&#8230; <span class=\"gridview-grid-post-read-more\"><a href=\"https:\/\/matrend.hu\/maitrend\/?p=2662\">read more<span class=\"gridview-sr-only\"> Durva vihar t\u00f6ri meg a k\u00e1nikul\u00e1t! Ork\u00e1nerej\u0171 sz\u00e9ll\u00f6k\u00e9s!<\/span><\/a><\/span><\/p>\n","protected":false},"author":1,"featured_media":2663,"comment_status":"open","ping_status":"open","sticky":false,"template":"","format":"standard","meta":{"footnotes":""},"categories":[1],"tags":[],"class_list":["post-2662","post","type-post","status-publish","format-standard","has-post-thumbnail","hentry","category-egyeb","wpcat-1-id"],"_links":{"self":[{"href":"https:\/\/matrend.hu\/maitrend\/index.php?rest_route=\/wp\/v2\/posts\/2662","targetHints":{"allow":["GET"]}}],"collection":[{"href":"https:\/\/matrend.hu\/maitrend\/index.php?rest_route=\/wp\/v2\/posts"}],"about":[{"href":"https:\/\/matrend.hu\/maitrend\/index.php?rest_route=\/wp\/v2\/types\/post"}],"author":[{"embeddable":true,"href":"https:\/\/matrend.hu\/maitrend\/index.php?rest_route=\/wp\/v2\/users\/1"}],"replies":[{"embeddable":true,"href":"https:\/\/matrend.hu\/maitrend\/index.php?rest_route=%2Fwp%2Fv2%2Fcomments&post=2662"}],"version-history":[{"count":1,"href":"https:\/\/matrend.hu\/maitrend\/index.php?rest_route=\/wp\/v2\/posts\/2662\/revisions"}],"predecessor-version":[{"id":2664,"href":"https:\/\/matrend.hu\/maitrend\/index.php?rest_route=\/wp\/v2\/posts\/2662\/revisions\/2664"}],"wp:featuredmedia":[{"embeddable":true,"href":"https:\/\/matrend.hu\/maitrend\/index.php?rest_route=\/wp\/v2\/media\/2663"}],"wp:attachment":[{"href":"https:\/\/matrend.hu\/maitrend\/index.php?rest_route=%2Fwp%2Fv2%2Fmedia&parent=2662"}],"wp:term":[{"taxonomy":"category","embeddable":true,"href":"https:\/\/matrend.hu\/maitrend\/index.php?rest_route=%2Fwp%2Fv2%2Fcategories&post=2662"},{"taxonomy":"post_tag","embeddable":true,"href":"https:\/\/matrend.hu\/maitrend\/index.php?rest_route=%2Fwp%2Fv2%2Ftags&post=2662"}],"curies":[{"name":"wp","href":"https:\/\/api.w.org\/{rel}","templated":true}]}}