{"id":2678,"date":"2025-06-26T17:02:49","date_gmt":"2025-06-26T15:02:49","guid":{"rendered":"https:\/\/matrend.hu\/maitrend\/?p=2678"},"modified":"2025-06-26T17:02:49","modified_gmt":"2025-06-26T15:02:49","slug":"nyugdijasok-alatt-esett-ossze","status":"publish","type":"post","link":"https:\/\/matrend.hu\/maitrend\/?p=2678","title":{"rendered":"Nyugd\u00edjasok alatt esett \u00f6ssze"},"content":{"rendered":"<h3>Az id\u0151j\u00e1r\u00e1s b\u00e1rmelyik pillanatban v\u00e1ltozhat! A l\u00f3 tov\u00e1bbi kezel\u00e9sekre szorul! Neked mi a v\u00e9lem\u00e9nyed?<\/h3>\n<p>Forr\u00e1s: MSN \/ FB \/ MHA<\/p>\n<p>&#8211;<\/p>\n<p>A gyorst\u00f6lt\u00e9s ter\u00e9n az EV3 hasonl\u00f3an k\u00f6z\u00e9pszer\u0171: a hivatalos cs\u00facsteljes\u00edtm\u00e9ny 129 kW, ami \u00e1tlag alatti, de a t\u00f6lt\u00e9si teszt\u00fcnk\u00f6n eg\u00e9szen 70%-os t\u00f6lt\u00f6tts\u00e9gig k\u00e9pes volt 120 kW k\u00f6r\u00fcli teljes\u00edtm\u00e9nyt tartani. Ez alapj\u00e1n az \u00fagynevezett \u201es\u00falyozott \u00e1tlagteljes\u00edtm\u00e9ny\u201d vetekszik a Renault Scenic 150 kW-os cs\u00facs\u00e1val, s\u0151t m\u00e9g jobb is lehet, mint a Peugeot e-3008 160 kW-os cs\u00facsa. Az akkumul\u00e1tor el\u0151kondicion\u00e1lhat\u00f3, ak\u00e1r \u00fagy, hogy be\u00e1ll\u00edtjuk a navig\u00e1ci\u00f3t egy gyorst\u00f6lt\u0151h\u00f6z, ak\u00e1r k\u00e9zzel. Mindk\u00e9t m\u00f3dszer j\u00f3l m\u0171k\u00f6dik, b\u00e1r a manu\u00e1lis opci\u00f3t neh\u00e9z megtal\u00e1lni a bonyolult men\u00fcrendszerben.<\/p>\n<p>A kisebb akkumul\u00e1torral szerelt EV3 cs\u00facst\u00f6lt\u00e9si teljes\u00edtm\u00e9nye alacsonyabb, 101 kW, de mivel az akkumul\u00e1tor is kisebb, a 10\u201380%-os t\u00f6lt\u00e9s mind\u00f6ssze 31 percet vesz ig\u00e9nybe, szemben a Long-Range verzi\u00f3 29 perc\u00e9vel.<\/p>\n<p>Ahogy az lenni szokott a Ki\u00e1n\u00e1l, az EV3-ra is h\u00e9t \u00e9v vagy 100 000 m\u00e9rf\u00f6ld garancia vonatkozik, az akkumul\u00e1torra pedig nyolc \u00e9v vagy 100 000 m\u00e9rf\u00f6ld, amely id\u0151 alatt legal\u00e1bb 70%-os kapacit\u00e1smeg\u0151rz\u00e9st garant\u00e1lnak.<\/p>\n<p>Az Alpine A290 egy vadonat\u00faj kis elektromos aut\u00f3, amely a Renault \u00faj elektromos platformj\u00e1ra, az \u00fagynevezett AMPR-re \u00e9p\u00fcl. Ez az alap jelenleg k\u00e9t aut\u00f3ban jelenik meg el\u0151sz\u00f6r: az \u00faj Renault 5-ben \u00e9s ebben az Alpine modellben. M\u00e9ret\u00e9t tekintve az A290 egy klasszikus kompakt aut\u00f3, mind\u00f6ssze 3,99 m\u00e9ter hossz\u00fa \u00e9s 1,52 m\u00e9ter magas, de a sz\u00e9less\u00e9ge felt\u0171n\u0151en nagy, 1,82 m\u00e9ter \u2013 ami sportosabb, stabilabb megjelen\u00e9st k\u00f6lcs\u00f6n\u00f6z neki. A tengelyt\u00e1vja 2,53 m\u00e9ter, \u00e9s az els\u0151-h\u00e1ts\u00f3 t\u00falny\u00fal\u00e1sok is r\u00f6videk, ami j\u00f3t tesz a fordul\u00e9konys\u00e1gnak \u00e9s a vezethet\u0151s\u00e9gnek.<\/p>\n","protected":false},"excerpt":{"rendered":"<p>Az id\u0151j\u00e1r\u00e1s b\u00e1rmelyik pillanatban v\u00e1ltozhat! A l\u00f3 tov\u00e1bbi kezel\u00e9sekre szorul! Neked mi a v\u00e9lem\u00e9nyed? Forr\u00e1s: MSN \/ FB \/ MHA&#8230; <span class=\"gridview-grid-post-read-more\"><a href=\"https:\/\/matrend.hu\/maitrend\/?p=2678\">read more<span class=\"gridview-sr-only\"> Nyugd\u00edjasok alatt esett \u00f6ssze<\/span><\/a><\/span><\/p>\n","protected":false},"author":1,"featured_media":2679,"comment_status":"open","ping_status":"open","sticky":false,"template":"","format":"standard","meta":{"footnotes":""},"categories":[1],"tags":[],"class_list":["post-2678","post","type-post","status-publish","format-standard","has-post-thumbnail","hentry","category-egyeb","wpcat-1-id"],"_links":{"self":[{"href":"https:\/\/matrend.hu\/maitrend\/index.php?rest_route=\/wp\/v2\/posts\/2678","targetHints":{"allow":["GET"]}}],"collection":[{"href":"https:\/\/matrend.hu\/maitrend\/index.php?rest_route=\/wp\/v2\/posts"}],"about":[{"href":"https:\/\/matrend.hu\/maitrend\/index.php?rest_route=\/wp\/v2\/types\/post"}],"author":[{"embeddable":true,"href":"https:\/\/matrend.hu\/maitrend\/index.php?rest_route=\/wp\/v2\/users\/1"}],"replies":[{"embeddable":true,"href":"https:\/\/matrend.hu\/maitrend\/index.php?rest_route=%2Fwp%2Fv2%2Fcomments&post=2678"}],"version-history":[{"count":1,"href":"https:\/\/matrend.hu\/maitrend\/index.php?rest_route=\/wp\/v2\/posts\/2678\/revisions"}],"predecessor-version":[{"id":2680,"href":"https:\/\/matrend.hu\/maitrend\/index.php?rest_route=\/wp\/v2\/posts\/2678\/revisions\/2680"}],"wp:featuredmedia":[{"embeddable":true,"href":"https:\/\/matrend.hu\/maitrend\/index.php?rest_route=\/wp\/v2\/media\/2679"}],"wp:attachment":[{"href":"https:\/\/matrend.hu\/maitrend\/index.php?rest_route=%2Fwp%2Fv2%2Fmedia&parent=2678"}],"wp:term":[{"taxonomy":"category","embeddable":true,"href":"https:\/\/matrend.hu\/maitrend\/index.php?rest_route=%2Fwp%2Fv2%2Fcategories&post=2678"},{"taxonomy":"post_tag","embeddable":true,"href":"https:\/\/matrend.hu\/maitrend\/index.php?rest_route=%2Fwp%2Fv2%2Ftags&post=2678"}],"curies":[{"name":"wp","href":"https:\/\/api.w.org\/{rel}","templated":true}]}}