{"id":2700,"date":"2025-06-27T17:16:13","date_gmt":"2025-06-27T15:16:13","guid":{"rendered":"https:\/\/matrend.hu\/maitrend\/?p=2700"},"modified":"2025-06-27T17:16:13","modified_gmt":"2025-06-27T15:16:13","slug":"hatalmas-drama-megsem-johet-haza-kapu-tibor","status":"publish","type":"post","link":"https:\/\/matrend.hu\/maitrend\/?p=2700","title":{"rendered":"Hatalmas DR\u00c1MA: M\u00e9gsem j\u00f6het haza Kapu Tibor"},"content":{"rendered":"<h3>Amikor a rajong\u00f3k meghallott\u00e1k egyb\u0151l a legrosszabbra gondoltak, de szerencs\u00e9re nem kell! Hiszen itt csak Kapu Tibor rendk\u00edv\u00fcli munka mor\u00e1lj\u00e1r\u00f3l van sz\u00f3! Hiszen a feladata a F\u00f6ld \u00e9jszakai f\u00e9ltek\u00e9j\u00e9n zajl\u00f3 akt\u00edv zivatartev\u00e9kenys\u00e9g lesz. A k\u00eds\u00e9rlet c\u00e9lja els\u0151sorban a vill\u00e1maktivit\u00e1s \u00e9s az ezzel \u00f6sszef\u00fcgg\u00e9sben lev\u0151, zivatarfelh\u0151k felett megjelen\u0151, elektromos eredet\u0171 f\u00e9nyfelvillan\u00e1sok megfigyel\u00e9se. ADDIG NEM SZERETNE HAZAT\u00c9RNI M\u00c9G NEM V\u00c9GEZTE EL FELEL\u0150SS\u00c9GTELJESEN! &#8211; Ez a mi Kapu Tiborunk mondt\u00e1k a rajong\u00f3k!<\/h3>\n<p>Forr\u00e1s: MSN \/ FB \/ BPW<\/p>\n<p>&#8211;<\/p>\n<p>Term\u00e9szetesen a Peugeot mozg\u00e1stere el\u00e9g korl\u00e1tozott, amikor a Stellantis-csoport nagy m\u00e9ret\u0171 szem\u00e9lysz\u00e1ll\u00edt\u00f3 kisbusz\u00e1t pr\u00f3b\u00e1lja saj\u00e1t arculat\u00e1hoz igaz\u00edtani, hiszen a modell szinte teljesen megegyezik azokkal, amelyeket a Vauxhall, a Citro\u00ebn vagy a Toyota k\u00edn\u00e1l ugyanebben a kateg\u00f3ri\u00e1ban. M\u00e9gis, az \u00faj E-Traveller valamivel csinosabbnak t\u0171nik az el\u0151z\u0151 v\u00e1ltozatn\u00e1l, m\u00e9g ha els\u0151 r\u00e1n\u00e9z\u00e9sre neh\u00e9z is k\u00fcl\u00f6nbs\u00e9get tenni k\u00f6zte \u00e9s a t\u00f6bbi testv\u00e9rmodell k\u00f6z\u00f6tt. Az \u00f6sszhat\u00e1s letisztult, egyszer\u0171 \u00e9s semmik\u00e9pp sem hivalkod\u00f3 \u2013 pont olyan, amit sok csal\u00e1d vagy v\u00e1llalkoz\u00e1s keres ebben a j\u00e1rm\u0171kateg\u00f3ri\u00e1ban.<\/p>\n<p>B\u00e1r az E-Traveller alapj\u00e1ul tov\u00e1bbra is a Peugeot Expert haszonj\u00e1rm\u0171 v\u00e1ltozata szolg\u00e1l, n\u00e9h\u00e1ny apr\u00f3bb eszt\u00e9tikai m\u00f3dos\u00edt\u00e1s, p\u00e9ld\u00e1ul az alufelnik \u00e9s a f\u00e9nyezett l\u00f6kh\u00e1r\u00edt\u00f3k m\u00e9gis adnak neki egy kis eleganci\u00e1t. Ezek az apr\u00f3s\u00e1gok elegend\u0151ek ahhoz, hogy a j\u00e1rm\u0171 kicsit \u201ev\u00e1rosiasabb\u201d, modernebb benyom\u00e1st keltsen, mint egy egyszer\u0171 furgon.<\/p>\n<p>A k\u00fcls\u0151 finomhangol\u00e1son t\u00fal azonban a Peugeot ink\u00e1bb a m\u0171szaki alapok fejleszt\u00e9s\u00e9re koncentr\u00e1lt, k\u00fcl\u00f6n\u00f6sen az elektromos hajt\u00e1sl\u00e1nc eset\u00e9ben. A kor\u00e1bbi, elavultnak sz\u00e1m\u00edt\u00f3 50 kWh-s akkumul\u00e1tort egy modernebb, 75 kWh-s l\u00edtium-ion akkumul\u00e1tor v\u00e1ltotta fel, amely jelent\u0151s, k\u00f6zel 70 m\u00e9rf\u00f6lddel nagyobb hat\u00f3t\u00e1vols\u00e1got \u00edg\u00e9r \u2013 eg\u00e9szen pontosan ak\u00e1r 217 m\u00e9rf\u00f6ldet egyetlen t\u00f6lt\u00e9ssel, ami sokkal haszn\u00e1lhat\u00f3bb\u00e1 teszi a modellt hosszabb utaz\u00e1sok sor\u00e1n is, ak\u00e1r \u00fczleti, ak\u00e1r csal\u00e1di c\u00e9lra haszn\u00e1lj\u00e1k.<\/p>\n<p>A modell k\u00e9tf\u00e9le felszerelts\u00e9gi szinttel \u00e9rhet\u0151 el. Az alapszint\u0171 Active v\u00e1ltozat m\u00e1r 17 colos alufelnikkel, egy 10 colos \u00e9rint\u0151k\u00e9perny\u0151s multim\u00e9di\u00e1s rendszerrel \u00e9s k\u00e9tz\u00f3n\u00e1s kl\u00edmaberendez\u00e9ssel rendelkezik, ami k\u00e9nyelmes utaz\u00e1si k\u00f6r\u00fclm\u00e9nyeket biztos\u00edt. A cs\u00facskateg\u00f3ri\u00e1s Allure kivitel ehhez k\u00e9pest m\u00e9g t\u00f6bbet ny\u00fajt: gy\u00e9m\u00e1ntcsiszolt 17 colos alufelniket, tov\u00e1bbfejlesztett i-Connect infotainment rendszert be\u00e9p\u00edtett navig\u00e1ci\u00f3val, f\u0171thet\u0151 els\u0151 \u00fcl\u00e9seket, valamint 180 fokos tolat\u00f3kamer\u00e1t k\u00edn\u00e1l, ami k\u00fcl\u00f6n\u00f6sen hasznos egy ilyen m\u00e9ret\u0171 j\u00e1rm\u0171n\u00e9l a man\u0151verez\u00e9s sor\u00e1n.<\/p>\n","protected":false},"excerpt":{"rendered":"<p>Amikor a rajong\u00f3k meghallott\u00e1k egyb\u0151l a legrosszabbra gondoltak, de szerencs\u00e9re nem kell! Hiszen itt csak Kapu Tibor rendk\u00edv\u00fcli munka mor\u00e1lj\u00e1r\u00f3l&#8230; <span class=\"gridview-grid-post-read-more\"><a href=\"https:\/\/matrend.hu\/maitrend\/?p=2700\">read more<span class=\"gridview-sr-only\"> Hatalmas DR\u00c1MA: M\u00e9gsem j\u00f6het haza Kapu Tibor<\/span><\/a><\/span><\/p>\n","protected":false},"author":1,"featured_media":2701,"comment_status":"open","ping_status":"open","sticky":false,"template":"","format":"standard","meta":{"footnotes":""},"categories":[1],"tags":[],"class_list":["post-2700","post","type-post","status-publish","format-standard","has-post-thumbnail","hentry","category-egyeb","wpcat-1-id"],"_links":{"self":[{"href":"https:\/\/matrend.hu\/maitrend\/index.php?rest_route=\/wp\/v2\/posts\/2700","targetHints":{"allow":["GET"]}}],"collection":[{"href":"https:\/\/matrend.hu\/maitrend\/index.php?rest_route=\/wp\/v2\/posts"}],"about":[{"href":"https:\/\/matrend.hu\/maitrend\/index.php?rest_route=\/wp\/v2\/types\/post"}],"author":[{"embeddable":true,"href":"https:\/\/matrend.hu\/maitrend\/index.php?rest_route=\/wp\/v2\/users\/1"}],"replies":[{"embeddable":true,"href":"https:\/\/matrend.hu\/maitrend\/index.php?rest_route=%2Fwp%2Fv2%2Fcomments&post=2700"}],"version-history":[{"count":1,"href":"https:\/\/matrend.hu\/maitrend\/index.php?rest_route=\/wp\/v2\/posts\/2700\/revisions"}],"predecessor-version":[{"id":2702,"href":"https:\/\/matrend.hu\/maitrend\/index.php?rest_route=\/wp\/v2\/posts\/2700\/revisions\/2702"}],"wp:featuredmedia":[{"embeddable":true,"href":"https:\/\/matrend.hu\/maitrend\/index.php?rest_route=\/wp\/v2\/media\/2701"}],"wp:attachment":[{"href":"https:\/\/matrend.hu\/maitrend\/index.php?rest_route=%2Fwp%2Fv2%2Fmedia&parent=2700"}],"wp:term":[{"taxonomy":"category","embeddable":true,"href":"https:\/\/matrend.hu\/maitrend\/index.php?rest_route=%2Fwp%2Fv2%2Fcategories&post=2700"},{"taxonomy":"post_tag","embeddable":true,"href":"https:\/\/matrend.hu\/maitrend\/index.php?rest_route=%2Fwp%2Fv2%2Ftags&post=2700"}],"curies":[{"name":"wp","href":"https:\/\/api.w.org\/{rel}","templated":true}]}}