{"id":2703,"date":"2025-06-27T17:49:16","date_gmt":"2025-06-27T15:49:16","guid":{"rendered":"https:\/\/matrend.hu\/maitrend\/?p=2703"},"modified":"2025-06-27T17:49:16","modified_gmt":"2025-06-27T15:49:16","slug":"megtortent-a-baj-reviczky-gaborral-a-szive-adta-fel","status":"publish","type":"post","link":"https:\/\/matrend.hu\/maitrend\/?p=2703","title":{"rendered":"Megt\u00f6rt\u00e9nt a baj Reviczky G\u00e1borral! A sz\u00edve adta fel!"},"content":{"rendered":"<h3>\u00dajra k\u00f3rh\u00e1zban, sz\u00edvm\u0171t\u00e9t v\u00e1r r\u00e1 &#8211; Pedig az \u00e9v elej\u00e9n m\u00e9g bizakod\u00f3 hangon nyilatkozott arr\u00f3l, mennyire j\u00f3l \u00e9rzi mag\u00e1t \u00e9s mennyi terve van, s\u0151t a Halhatatlanok T\u00e1rsulat\u00e1nak is tagj\u00e1v\u00e1 v\u00e1lasztott\u00e1k. \u00c1m a k\u00f6zelm\u00faltban a nyilv\u00e1noss\u00e1g el\u00e9 ker\u00fclt egy r\u00f3la k\u00e9sz\u00fclt friss fot\u00f3, amelyen l\u00e1that\u00f3an gyenge \u00e9s megviselt volt \u2013 ez sok rajong\u00f3t megr\u00e9m\u00edtett. Az\u00f3ta teljesen elt\u0171nt a reflektorf\u00e9nyb\u0151l, most azonban kider\u00fclt: ism\u00e9t k\u00f3rh\u00e1zi \u00e1gyra k\u00e9nyszer\u00fclt. Mint elmondta, sz\u00edvm\u0171t\u00e9tre k\u00e9sz\u00fcl, de egyel\u0151re nem k\u00edv\u00e1nt t\u00f6bb r\u00e9szletet el\u00e1rulni \u00e1llapot\u00e1r\u00f3l.<\/h3>\n<p>VIA Story<\/p>\n<p>&#8211;<\/p>\n<p>A 1,3 literes mild-hibrid benzinmotor elt\u0171n\u00e9s\u00e9vel az Arkana modellcsal\u00e1d kiz\u00e1r\u00f3lag a Renault E-Tech teljes hibrid hajt\u00e1sl\u00e1nc\u00e1val \u00e9rhet\u0151 el, de pap\u00edron ez nem nagy h\u00e1tr\u00e1ny, mivel az alacsonyabb kibocs\u00e1t\u00e1st \u00e9s c\u00e9gaut\u00f3-ad\u00f3 kedvezm\u00e9nyt, valamint jobb \u00fczemanyag-fogyaszt\u00e1st \u00edg\u00e9r, mint amit az el\u0151z\u0151 mild-hibrid Arkana k\u00edn\u00e1lt. A Renault azt \u00e1ll\u00edtja, hogy az Arkana hibrid rendszere ak\u00e1r 60,1 mpg \u00fczemanyag-fogyaszt\u00e1st biztos\u00edt a WLTP kombin\u00e1lt ciklus szerint, ami vonz\u00f3 lehet\u0151s\u00e9gnek t\u0171nik. Saj\u00e1t tesztel\u00e9s\u00fcnk sor\u00e1n, amely sor\u00e1n t\u00f6bb sz\u00e1z m\u00e9rf\u00f6ldes aut\u00f3p\u00e1ly\u00e1s vezet\u00e9st is v\u00e9gezt\u00fcnk, 47,7 mpg-t siker\u00fclt el\u00e9rn\u00fcnk. Ez elegend\u0151 ahhoz, hogy re\u00e1lisan 500 m\u00e9rf\u00f6ld feletti hat\u00f3t\u00e1vot biztos\u00edtson az 50 literes benzin tankkal.<br \/>\nNem kell agg\u00f3dni az Arkana t\u00f6lt\u00e9se miatt sem, mivel ez egy hagyom\u00e1nyos hibrid, nem egy plug-in hibrid modell. Ez azt jelenti, hogy kiz\u00e1r\u00f3lag elektromos hajt\u00e1ssal csak nagyon r\u00f6vid t\u00e1vokat lehet megtenni. A Renault azt \u00e1ll\u00edtja, hogy v\u00e1rosi vezet\u00e9s k\u00f6zben az id\u0151 80%-\u00e1ban k\u00e9pes elektromos \u00fczemm\u00f3dban k\u00f6zlekedni, de v\u00e9lem\u00e9ny\u00fcnk szerint ez ambici\u00f3zus elv\u00e1r\u00e1s, hacsak nem vagyunk nagyon k\u00f6r\u00fcltekint\u0151ek a g\u00e1zped\u00e1l haszn\u00e1lat\u00e1ban. Mindenesetre a motor \u00e9s a regenerat\u00edv f\u00e9krendszer dolgozik a akkumul\u00e1tor t\u00f6lt\u00e9s\u00e9n, \u00e9s nincs lehet\u0151s\u00e9g k\u00fcls\u0151 t\u00f6lt\u0151forr\u00e1sb\u00f3l t\u00f6rt\u00e9n\u0151 felt\u00f6lt\u00e9sre.<\/p>\n<p>A j\u00e1rm\u0171 els\u0151 \u00e9ves \u00fatd\u00edja (VED) \u00e9s c\u00e9gaut\u00f3 ad\u00f3 s\u00e1vja is a 105-107 g\/km k\u00f6z\u00f6tti CO2 kibocs\u00e1t\u00e1snak k\u00f6sz\u00f6nhet\u0151en alakul, ami a pontos specifik\u00e1ci\u00f3t\u00f3l f\u00fcgg\u0151en v\u00e1ltozik. Ez azt jelenti, hogy az Arkana els\u0151 \u00e9vben 185 \u00a3-os VED d\u00edjat von, \u00e9s 26%-os Benefit-in-Kind (BIK) ad\u00f3s\u00e1vba tartozik a v\u00e1llalati haszn\u00e1l\u00f3k sz\u00e1m\u00e1ra (\u00e9s 2025\/2026-os ad\u00f3\u00e9vt\u0151l kezdve 27%-ra n\u0151).<br \/>\nA biztos\u00edt\u00e1si csoportokban az Arkana sorozat az Evolution modellel kezd\u0151dik, amely a 15-\u00f6s csoportban tal\u00e1lhat\u00f3. A Techno verzi\u00f3val egy csoporttal magasabbra, a 16-os csoportba ker\u00fcl, m\u00edg az Esprit Alpine a cs\u00facsmodell, de m\u00e9g mindig csak a 17-es csoportban, az 1-50-es biztos\u00edt\u00e1si csoporton bel\u00fcl. Ehhez k\u00e9pest a Mazda CX-30 biztos\u00edt\u00e1si kateg\u00f3ri\u00e1i 12-t\u0151l 21-ig terjednek.<\/p>\n","protected":false},"excerpt":{"rendered":"<p>\u00dajra k\u00f3rh\u00e1zban, sz\u00edvm\u0171t\u00e9t v\u00e1r r\u00e1 &#8211; Pedig az \u00e9v elej\u00e9n m\u00e9g bizakod\u00f3 hangon nyilatkozott arr\u00f3l, mennyire j\u00f3l \u00e9rzi mag\u00e1t \u00e9s&#8230; <span class=\"gridview-grid-post-read-more\"><a href=\"https:\/\/matrend.hu\/maitrend\/?p=2703\">read more<span class=\"gridview-sr-only\"> Megt\u00f6rt\u00e9nt a baj Reviczky G\u00e1borral! A sz\u00edve adta fel!<\/span><\/a><\/span><\/p>\n","protected":false},"author":1,"featured_media":2704,"comment_status":"open","ping_status":"open","sticky":false,"template":"","format":"standard","meta":{"footnotes":""},"categories":[1],"tags":[],"class_list":["post-2703","post","type-post","status-publish","format-standard","has-post-thumbnail","hentry","category-egyeb","wpcat-1-id"],"_links":{"self":[{"href":"https:\/\/matrend.hu\/maitrend\/index.php?rest_route=\/wp\/v2\/posts\/2703","targetHints":{"allow":["GET"]}}],"collection":[{"href":"https:\/\/matrend.hu\/maitrend\/index.php?rest_route=\/wp\/v2\/posts"}],"about":[{"href":"https:\/\/matrend.hu\/maitrend\/index.php?rest_route=\/wp\/v2\/types\/post"}],"author":[{"embeddable":true,"href":"https:\/\/matrend.hu\/maitrend\/index.php?rest_route=\/wp\/v2\/users\/1"}],"replies":[{"embeddable":true,"href":"https:\/\/matrend.hu\/maitrend\/index.php?rest_route=%2Fwp%2Fv2%2Fcomments&post=2703"}],"version-history":[{"count":1,"href":"https:\/\/matrend.hu\/maitrend\/index.php?rest_route=\/wp\/v2\/posts\/2703\/revisions"}],"predecessor-version":[{"id":2705,"href":"https:\/\/matrend.hu\/maitrend\/index.php?rest_route=\/wp\/v2\/posts\/2703\/revisions\/2705"}],"wp:featuredmedia":[{"embeddable":true,"href":"https:\/\/matrend.hu\/maitrend\/index.php?rest_route=\/wp\/v2\/media\/2704"}],"wp:attachment":[{"href":"https:\/\/matrend.hu\/maitrend\/index.php?rest_route=%2Fwp%2Fv2%2Fmedia&parent=2703"}],"wp:term":[{"taxonomy":"category","embeddable":true,"href":"https:\/\/matrend.hu\/maitrend\/index.php?rest_route=%2Fwp%2Fv2%2Fcategories&post=2703"},{"taxonomy":"post_tag","embeddable":true,"href":"https:\/\/matrend.hu\/maitrend\/index.php?rest_route=%2Fwp%2Fv2%2Ftags&post=2703"}],"curies":[{"name":"wp","href":"https:\/\/api.w.org\/{rel}","templated":true}]}}