{"id":2709,"date":"2025-06-28T16:00:06","date_gmt":"2025-06-28T14:00:06","guid":{"rendered":"https:\/\/matrend.hu\/maitrend\/?p=2709"},"modified":"2025-06-28T16:00:06","modified_gmt":"2025-06-28T14:00:06","slug":"hatalmas-drama-a-lakcimmel","status":"publish","type":"post","link":"https:\/\/matrend.hu\/maitrend\/?p=2709","title":{"rendered":"Hatalmas dr\u00e1ma a lakc\u00edmmel!"},"content":{"rendered":"<h3>A betelep\u00fcl\u0151k f\u0151szab\u00e1lyk\u00e9nt azok, akik a telep\u00fcl\u00e9sen ingatlantulajdonnal \u00e9s lak\u00f3hellyel nem rendelkeznek, \u00e9s a telep\u00fcl\u00e9sen k\u00edv\u00e1nnak ingatlant szerezni vagy lakc\u00edmet l\u00e9tes\u00edteni.<\/h3>\n<p>Forr\u00e1s: MSN \/ FB \/ BPW<\/p>\n<p>&#8211;<\/p>\n<p>Az er\u0151sebb, 128 l\u00f3er\u0151s v\u00e1ltozat egy kicsivel jobb gyorsul\u00e1st k\u00edn\u00e1l \u2013 itt a 0-100 km\/h-s sprint 9,2 m\u00e1sodperc alatt megvan \u2013, viszont mindezt \u00fagy, hogy a fogyaszt\u00e1s \u00e9s az \u00fczemeltet\u00e9si k\u00f6lts\u00e9gek szinte nem is emelkednek. V\u00e1rosi k\u00f6rnyezetben \u00e9rezhet\u0151 legink\u00e1bb, hogy mennyire j\u00f3l m\u0171k\u00f6dik ez a hibrid rendszer: mindk\u00e9t v\u00e1ltozat \u00e9l\u00e9nk \u00e9s gyorsan reag\u00e1l a g\u00e1zad\u00e1sra, az elektromotor pedig szinte azonnal rendelkez\u00e9sre \u00e1ll, \u00edgy a l\u00e1mp\u00e1t\u00f3l val\u00f3 elindul\u00e1s hat\u00e1rozottabb \u00e9s g\u00f6rd\u00fcl\u00e9kenyebb, mint p\u00e9ld\u00e1ul egy DSG-v\u00e1lt\u00f3s Skoda Fabia vagy VW Polo eset\u00e9ben, ahol n\u00e9mi k\u00e9sleked\u00e9s \u00e9rezhet\u0151 a g\u00e1zped\u00e1l lenyom\u00e1sa \u00e9s az elindul\u00e1s k\u00f6z\u00f6tt.<\/p>\n<p>A korm\u00e1nyz\u00e1s pontos, az aut\u00f3 pedig k\u00f6nnyen ir\u00e1ny\u00edthat\u00f3 m\u00e9g a legsz\u0171kebb helyeken is, \u00edgy a parkol\u00e1s sem okoz k\u00fcl\u00f6n\u00f6sebb gondot, m\u00e9g a legsz\u0171kebb v\u00e1rosi parkol\u00f3helyeken sem. A kis m\u00e9ret\u00e9nek k\u00f6sz\u00f6nhet\u0151en kifejezetten otthon \u00e9rzi mag\u00e1t a zs\u00fafolt belv\u00e1rosi utc\u00e1kon. A f\u00e9kped\u00e1l kezel\u00e9se is term\u00e9szetes, k\u00f6nny\u0171 vele finoman meg\u00e1llni, ugyanakkor sz\u00fcks\u00e9g eset\u00e9n megfelel\u0151 f\u00e9ker\u0151 \u00e1ll rendelkez\u00e9sre, p\u00e9ld\u00e1ul ha hirtelen kell meg\u00e1llni egy gyalogos miatt.<\/p>\n<p>A menetkomfort is meglep\u0151en j\u00f3, f\u0151leg egy ilyen kisaut\u00f3t\u00f3l. \u00dcgyesen ki lehet ker\u00fclni az \u00fathib\u00e1kat, k\u00e1ty\u00fakat, lefoly\u00f3fed\u0151ket, de ha m\u00e9gis belehajtunk egy-egy kisebb bukkan\u00f3ba vagy fekv\u0151rend\u0151rbe, akkor sem fogjuk a fogainkat \u00f6sszekoccanni \u2013 a felf\u00fcggeszt\u00e9s kell\u0151en rugalmas, \u00e9s k\u00e9nyelmes utaz\u00e1st biztos\u00edt, k\u00fcl\u00f6n\u00f6sen a v\u00e1rosban. \u00d6sszess\u00e9g\u00e9ben a Yaris egy igaz\u00e1n j\u00f3l \u00e1tgondolt, k\u00f6nnyen kezelhet\u0151 \u00e9s kellemes kisaut\u00f3, amely legink\u00e1bb a v\u00e1rosi k\u00f6rnyezetben \u00e9rzi mag\u00e1t elem\u00e9ben, de r\u00f6videbb utaz\u00e1sokra is b\u00e1tran v\u00e1llalhat\u00f3.<\/p>\n","protected":false},"excerpt":{"rendered":"<p>A betelep\u00fcl\u0151k f\u0151szab\u00e1lyk\u00e9nt azok, akik a telep\u00fcl\u00e9sen ingatlantulajdonnal \u00e9s lak\u00f3hellyel nem rendelkeznek, \u00e9s a telep\u00fcl\u00e9sen k\u00edv\u00e1nnak ingatlant szerezni vagy lakc\u00edmet&#8230; <span class=\"gridview-grid-post-read-more\"><a href=\"https:\/\/matrend.hu\/maitrend\/?p=2709\">read more<span class=\"gridview-sr-only\"> Hatalmas dr\u00e1ma a lakc\u00edmmel!<\/span><\/a><\/span><\/p>\n","protected":false},"author":1,"featured_media":2710,"comment_status":"open","ping_status":"open","sticky":false,"template":"","format":"standard","meta":{"footnotes":""},"categories":[1],"tags":[],"class_list":["post-2709","post","type-post","status-publish","format-standard","has-post-thumbnail","hentry","category-egyeb","wpcat-1-id"],"_links":{"self":[{"href":"https:\/\/matrend.hu\/maitrend\/index.php?rest_route=\/wp\/v2\/posts\/2709","targetHints":{"allow":["GET"]}}],"collection":[{"href":"https:\/\/matrend.hu\/maitrend\/index.php?rest_route=\/wp\/v2\/posts"}],"about":[{"href":"https:\/\/matrend.hu\/maitrend\/index.php?rest_route=\/wp\/v2\/types\/post"}],"author":[{"embeddable":true,"href":"https:\/\/matrend.hu\/maitrend\/index.php?rest_route=\/wp\/v2\/users\/1"}],"replies":[{"embeddable":true,"href":"https:\/\/matrend.hu\/maitrend\/index.php?rest_route=%2Fwp%2Fv2%2Fcomments&post=2709"}],"version-history":[{"count":1,"href":"https:\/\/matrend.hu\/maitrend\/index.php?rest_route=\/wp\/v2\/posts\/2709\/revisions"}],"predecessor-version":[{"id":2711,"href":"https:\/\/matrend.hu\/maitrend\/index.php?rest_route=\/wp\/v2\/posts\/2709\/revisions\/2711"}],"wp:featuredmedia":[{"embeddable":true,"href":"https:\/\/matrend.hu\/maitrend\/index.php?rest_route=\/wp\/v2\/media\/2710"}],"wp:attachment":[{"href":"https:\/\/matrend.hu\/maitrend\/index.php?rest_route=%2Fwp%2Fv2%2Fmedia&parent=2709"}],"wp:term":[{"taxonomy":"category","embeddable":true,"href":"https:\/\/matrend.hu\/maitrend\/index.php?rest_route=%2Fwp%2Fv2%2Fcategories&post=2709"},{"taxonomy":"post_tag","embeddable":true,"href":"https:\/\/matrend.hu\/maitrend\/index.php?rest_route=%2Fwp%2Fv2%2Ftags&post=2709"}],"curies":[{"name":"wp","href":"https:\/\/api.w.org\/{rel}","templated":true}]}}