{"id":2719,"date":"2025-06-28T19:36:47","date_gmt":"2025-06-28T17:36:47","guid":{"rendered":"https:\/\/matrend.hu\/maitrend\/?p=2719"},"modified":"2025-06-28T19:36:47","modified_gmt":"2025-06-28T17:36:47","slug":"akkora-balhe-volt-hogy-megszakitottak-az-elo-hiradot","status":"publish","type":"post","link":"https:\/\/matrend.hu\/maitrend\/?p=2719","title":{"rendered":"Akkora balh\u00e9 volt, hogy megszak\u00edtott\u00e1k az \u00e9l\u0151 H\u00edrad\u00f3t!"},"content":{"rendered":"<h3>Rend\u0151rs\u00e9g l\u00e9pett, \u00fczenget\u00e9s ment &#8211; A rend\u0151r\u00f6k a helysz\u00ednen l\u00e9ptek k\u00f6zbe, \u00e9s helyre\u00e1ll\u00edtott\u00e1k a rendet, de a fesz\u00fclt hangulat megmaradt. A HVIM vezet\u0151i azt hangoztatt\u00e1k: \u201eB\u00e9k\u00e9sen akarjuk meg\u00e1ll\u00edtani az LMBTQ-propagand\u00e1t.\u201d K\u00f6zben a Pr\/de szervez\u0151i \u00e9s t\u00f6bb politikus is kiakadt a balh\u00e9n, \u00e9s \u00fczenget\u00e9s indult a k\u00f6z\u00f6ss\u00e9gi m\u00e9di\u00e1ban. Az \u00e9l\u0151 h\u00edrad\u00f3 megszak\u00edt\u00e1sa miatt pedig napokig err\u0151l besz\u00e9l majd az orsz\u00e1g!<\/h3>\n<p>VIA YT<\/p>\n<p>&#8211;<\/p>\n<p>K\u00f6zben a Soul EV Explore-nak kell elcs\u00e1b\u00edtania a v\u00e1s\u00e1rl\u00f3kat az \u00e9lesebb vonal\u00fa testv\u00e9reit\u0151l, mint a Kia Niro EV \u00e9s a Hyundai Kona Electric, valamint m\u00e1s elektromos crossoverekt\u0151l, p\u00e9ld\u00e1ul a Peugeot e-2008-t\u00f3l, a Vauxhall Mokka Electric-t\u0151l \u00e9s a Smart #1-t\u0151l, illetve a j\u00f3val nagyobb, eleg\u00e1nsabb csal\u00e1di SUV-k alapv\u00e1ltozatait\u00f3l, mint a Nissan Ariya, a Skoda Enyaq iV \u00e9s a Volkswagen ID.4.<br \/>\nAz elektromos motor, a hajt\u00e1s \u00e9s a teljes\u00edtm\u00e9ny tekintet\u00e9ben egyes villanyaut\u00f3k 30 m\u00e9rf\u00f6ld\/\u00f3ra felett vesz\u00edtenek lend\u00fclet\u00fckb\u0151l, de a Soul eset\u00e9ben ez egy\u00e1ltal\u00e1n nem \u00edgy van. Gyorsnak \u00e9s dinamikusnak \u00e9rzed m\u00e9g aut\u00f3p\u00e1lya sebess\u00e9gn\u00e9l is, ami megk\u00f6nny\u00edti a forgalomba val\u00f3 becsatlakoz\u00e1st.<br \/>\nA regenerat\u00edv f\u00e9kez\u00e9s v\u00e9gzi a Soul meg\u00e1ll\u00edt\u00e1s\u00e1t, \u00e9s a korm\u00e1ny m\u00f6g\u00f6tti v\u00e1lt\u00f3f\u00fclekkel szab\u00e1lyozhatod a lassul\u00e1s m\u00e9rt\u00e9k\u00e9t. Gyakorl\u00e1ssal megszokhatod, hogy f\u00e9kped\u00e1l n\u00e9lk\u00fcl vezess.<\/p>\n<p>N\u00e9gy vezet\u00e9si m\u00f3d k\u00f6z\u00fcl v\u00e1laszthatsz: Norm\u00e1l, Sport, Eco \u00e9s Eco+. Az ut\u00f3bbi a Soul-t a maxim\u00e1lis hat\u00e9konys\u00e1g \u00fczemm\u00f3dba helyezi, ami azt jelenti, hogy a teljes\u00edtm\u00e9nyt visszaveszi \u00e9s a l\u00e9gkondicion\u00e1l\u00f3t kikapcsolja. Ez egy kicsit k\u00ednz\u00f3 \u00e9lm\u00e9ny, de j\u00f3l j\u00f6het, ha m\u00e1r csak p\u00e1r m\u00e9rf\u00f6lded van h\u00e1tra.<br \/>\nA Soul igaz\u00e1n kellemes aut\u00f3 vezetni. A korm\u00e1ny k\u00f6nny\u0171, de nem t\u00fals\u00e1gosan. A karossz\u00e9ria d\u0151l\u00e9se m\u00e9rs\u00e9kelt, de kontroll\u00e1lt. A rug\u00f3z\u00e1s nem t\u00fal kem\u00e9ny, ami egy nehezebb elektromos aut\u00f3n\u00e1l nem mindig mag\u00e1t\u00f3l \u00e9rtet\u0151d\u0151. \u00c9szrevett\u00fcnk egy kis sz\u00e9lzajt nagy sebess\u00e9gn\u00e9l, \u00e9s gyors\u00edt\u00e1skor hallani a villanymotor z\u00fag\u00e1s\u00e1t, de egy\u00e9bk\u00e9nt a Soul el\u00e9g nyugodt, k\u00e9nyelmes aut\u00f3.<br \/>\nA 0-62 m\u00e9rf\u00f6ld\/\u00f3ra gyorsul\u00e1s \u00e9s a v\u00e9gsebess\u00e9g tekintet\u00e9ben a Soul egyetlen elektromos motorral hajtja az els\u0151 kerekeket, b\u00e1r a teljes\u00edtm\u00e9ny a v\u00e1lasztott modellt\u0151l f\u00fcgg. Az Urban verzi\u00f3 134 l\u00f3er\u0151t \u00e9s 395 Nm nyomat\u00e9kot ad le, m\u00edg az Explore er\u0151sebb, 201 l\u00f3er\u0151vel, de ugyanolyan nyomat\u00e9kkal rendelkezik.<\/p>\n","protected":false},"excerpt":{"rendered":"<p>Rend\u0151rs\u00e9g l\u00e9pett, \u00fczenget\u00e9s ment &#8211; A rend\u0151r\u00f6k a helysz\u00ednen l\u00e9ptek k\u00f6zbe, \u00e9s helyre\u00e1ll\u00edtott\u00e1k a rendet, de a fesz\u00fclt hangulat megmaradt&#8230;. <span class=\"gridview-grid-post-read-more\"><a href=\"https:\/\/matrend.hu\/maitrend\/?p=2719\">read more<span class=\"gridview-sr-only\"> Akkora balh\u00e9 volt, hogy megszak\u00edtott\u00e1k az \u00e9l\u0151 H\u00edrad\u00f3t!<\/span><\/a><\/span><\/p>\n","protected":false},"author":1,"featured_media":2720,"comment_status":"open","ping_status":"open","sticky":false,"template":"","format":"standard","meta":{"footnotes":""},"categories":[1],"tags":[],"class_list":["post-2719","post","type-post","status-publish","format-standard","has-post-thumbnail","hentry","category-egyeb","wpcat-1-id"],"_links":{"self":[{"href":"https:\/\/matrend.hu\/maitrend\/index.php?rest_route=\/wp\/v2\/posts\/2719","targetHints":{"allow":["GET"]}}],"collection":[{"href":"https:\/\/matrend.hu\/maitrend\/index.php?rest_route=\/wp\/v2\/posts"}],"about":[{"href":"https:\/\/matrend.hu\/maitrend\/index.php?rest_route=\/wp\/v2\/types\/post"}],"author":[{"embeddable":true,"href":"https:\/\/matrend.hu\/maitrend\/index.php?rest_route=\/wp\/v2\/users\/1"}],"replies":[{"embeddable":true,"href":"https:\/\/matrend.hu\/maitrend\/index.php?rest_route=%2Fwp%2Fv2%2Fcomments&post=2719"}],"version-history":[{"count":1,"href":"https:\/\/matrend.hu\/maitrend\/index.php?rest_route=\/wp\/v2\/posts\/2719\/revisions"}],"predecessor-version":[{"id":2721,"href":"https:\/\/matrend.hu\/maitrend\/index.php?rest_route=\/wp\/v2\/posts\/2719\/revisions\/2721"}],"wp:featuredmedia":[{"embeddable":true,"href":"https:\/\/matrend.hu\/maitrend\/index.php?rest_route=\/wp\/v2\/media\/2720"}],"wp:attachment":[{"href":"https:\/\/matrend.hu\/maitrend\/index.php?rest_route=%2Fwp%2Fv2%2Fmedia&parent=2719"}],"wp:term":[{"taxonomy":"category","embeddable":true,"href":"https:\/\/matrend.hu\/maitrend\/index.php?rest_route=%2Fwp%2Fv2%2Fcategories&post=2719"},{"taxonomy":"post_tag","embeddable":true,"href":"https:\/\/matrend.hu\/maitrend\/index.php?rest_route=%2Fwp%2Fv2%2Ftags&post=2719"}],"curies":[{"name":"wp","href":"https:\/\/api.w.org\/{rel}","templated":true}]}}